{"id":3600,"date":"2026-08-21T02:49:54","date_gmt":"2026-08-21T02:49:54","guid":{"rendered":"https:\/\/vanklaser.com\/?p=3600"},"modified":"2026-08-21T06:52:38","modified_gmt":"2026-08-21T06:52:38","slug":"maquina-de-corte-y-grabado-por-laser-de-co%e2%82%82-de-300-w-y-1325","status":"publish","type":"post","link":"https:\/\/vanklaser.com\/es\/300w-1325-co2-laser-cutting-engraving-machine\/","title":{"rendered":"M\u00e1quina de corte y grabado por l\u00e1ser de CO\u2082 de 300 W y 1325"},"content":{"rendered":"<h2 class=\"wp-block-heading\">Aplicaciones del l\u00e1ser de CO\u2082 de gran formato<\/h2>\n\n\n\n<p class=\"wp-block-paragraph\">La m\u00e1quina de corte por l\u00e1ser de CO\u2082 1325 es un equipo de procesamiento l\u00e1ser de alto rendimiento, dise\u00f1ado espec\u00edficamente para grabar y cortar materiales no met\u00e1licos. Cuenta con una mesa de trabajo de 1300 x 2500 mm y utiliza un l\u00e1ser de CO\u2082 para cortar y grabar materiales mediante la vaporizaci\u00f3n o la fusi\u00f3n de los mismos con un rayo l\u00e1ser de alta energ\u00eda. Controlada por un sistema CNC, permite cortar y grabar r\u00e1pidamente textos, motivos, fotograf\u00edas, n\u00fameros, signos o logotipos sobre superficies de materiales como acr\u00edlico, vidrio, caucho, tableros de MDF, madera, tela, papel, piedra, pl\u00e1stico, cuero y textiles.<\/p>\n\n\n\n<p class=\"wp-block-paragraph\"><\/p>\n\n\n\n<ul class=\"wp-block-list\">\n<li>M\u00e1quina de grabado y corte por l\u00e1ser de CO\u2082 1325 con una mesa de trabajo de 1300 \u00d7 2500 mm, apta para el procesamiento de l\u00e1minas de materiales de tama\u00f1o completo de 4 \u00d7 8 pies (por ejemplo, MDF, l\u00e1minas de acr\u00edlico).<\/li>\n\n\n\n<li>Amplia compatibilidad con programas: es compatible con CorelDraw, AutoCAD y Photoshop, e importa directamente archivos DXF, AI y JPG.<\/li>\n\n\n\n<li>Incorpora un tubo l\u00e1ser con una eficiencia de conversi\u00f3n fotoel\u00e9ctrica extremadamente alta y un bajo consumo energ\u00e9tico total, lo que permite un ahorro energ\u00e9tico significativo.<\/li>\n\n\n\n<li>Procesamiento sin consumibles: no se necesitan herramientas, tinta ni otros consumibles, lo que se traduce en unos costes operativos m\u00ednimos.<\/li>\n\n\n\n<li>El procesamiento l\u00e1ser sin contacto evita da\u00f1os f\u00edsicos y la deformaci\u00f3n del material.<\/li>\n\n\n\n<li>La vida \u00fatil del tubo l\u00e1ser supera las 10 000 horas y no requiere ning\u00fan tipo de mantenimiento.<\/li>\n\n\n\n<li>Entre sus funciones avanzadas se incluyen la reanudaci\u00f3n tras el apagado, el funcionamiento sin conexi\u00f3n y el enfoque autom\u00e1tico, lo que facilita su uso.<\/li>\n\n\n\n<li>El procesamiento por l\u00e1ser respetuoso con el medio ambiente no genera residuos en forma de virutas y cumple con las certificaciones CE y RoHS de la UE.<\/li>\n\n\n\n<li>Equipado con un enfriador de agua S&amp;A, que utiliza un eficiente sistema de circulaci\u00f3n de refrigeraci\u00f3n por agua, es capaz de disipar eficazmente el calor generado por el tubo l\u00e1ser durante su funcionamiento y puede funcionar de forma continua durante 24 horas.<\/li>\n\n\n\n<li>Los tubos l\u00e1ser est\u00e1n disponibles en diversas marcas, como Yongli, Reci y EFR, y la potencia se puede seleccionar a voluntad.<\/li>\n\n\n\n<li>La mesa de trabajo con hoja de aleaci\u00f3n de aluminio ofrece una superficie plana de apoyo del material que facilita la penetraci\u00f3n y el corte del l\u00e1ser, y reduce eficazmente los da\u00f1os causados por los reflejos.<\/li>\n\n\n\n<li>El eje Y utiliza un dise\u00f1o de accionamiento con dos motores para repartir eficazmente la presi\u00f3n de carga y lograr un rendimiento de alta precisi\u00f3n y alta velocidad.<\/li>\n\n\n\n<li>El sistema CNC Ruida 6445S es f\u00e1cil de manejar, con funciones intuitivas y un uso sencillo.<\/li>\n<\/ul>\n\n\n\n<p class=\"wp-block-paragraph\"><\/p>\n\n\n<p><img decoding=\"async\" src=\"https:\/\/sc04.alicdn.com\/kf\/Aec0e00ce6e3e43f8b2726b35d4cf9e4fu\/232096493\/Aec0e00ce6e3e43f8b2726b35d4cf9e4fu.jpg\" border=\"0\" usemap=\"#1787277447737\" alt=\"\"><\/p>\n<map name=\"1787277447737\" id=\"1787277447737\"><\/map>\n\n\n<div class=\"wp-block-columns is-layout-flex wp-container-core-columns-is-layout-8f761849 wp-block-columns-is-layout-flex\">\n<div class=\"wp-block-column is-layout-flow wp-block-column-is-layout-flow\">\n<h2 class=\"wp-block-heading has-text-align-center\">Opciones de potencia de CO\u2082 de 150-300 W<\/h2>\n\n\n\n<p class=\"has-text-align-center wp-block-paragraph\">Elija entre 150, 180, 200 o 300 W en funci\u00f3n del material, el grosor, la calidad de corte deseada y la velocidad de producci\u00f3n. El rendimiento final depende del tubo l\u00e1ser, la \u00f3ptica, el enfoque, la asistencia de aire y la composici\u00f3n del material, por lo que se deben probar muestras de producci\u00f3n antes de confirmar la configuraci\u00f3n.<\/p>\n<\/div>\n\n\n\n<div class=\"wp-block-column is-layout-flow wp-block-column-is-layout-flow\">\n<h2 class=\"wp-block-heading has-text-align-center\">\u00c1reas de trabajo para chapas de gran tama\u00f1o<\/h2>\n\n\n\n<p class=\"has-text-align-center wp-block-paragraph\">La H-1325 ofrece un \u00e1rea de trabajo de 1300 x 2500 mm para l\u00e1minas de tama\u00f1o completo. Tambi\u00e9n hay disponibles configuraciones m\u00e1s grandes, de 1500 x 3000 y 2000 x 3000 mm, para flujos de trabajo de se\u00f1alizaci\u00f3n, mobiliario, embalaje y textiles.<\/p>\n<\/div>\n\n\n\n<div class=\"wp-block-column is-layout-flow wp-block-column-is-layout-flow\">\n<h2 class=\"wp-block-heading has-text-align-center\">Mesa elevadora motorizada opcional<\/h2>\n\n\n\n<p class=\"has-text-align-center wp-block-paragraph\">Una mesa motorizada del eje Z proporciona espacio libre para piezas m\u00e1s altas y dispositivos giratorios compatibles. Para botellas, vasos y otras piezas cil\u00edndricas, elija un dispositivo giratorio de rodillos o de mandril seg\u00fan el di\u00e1metro, el peso y la superficie de la pieza.<\/p>\n<\/div>\n<\/div>\n\n\n\n<div class=\"wp-block-columns is-layout-flex wp-container-core-columns-is-layout-8f761849 wp-block-columns-is-layout-flex\">\n<div class=\"wp-block-column is-layout-flow wp-block-column-is-layout-flow\">\n<h2 class=\"wp-block-heading has-text-align-center\">Sistema de refrigeraci\u00f3n por agua dimensionado<\/h2>\n\n\n\n<p class=\"has-text-align-center wp-block-paragraph\">Un enfriador de agua con las dimensiones adecuadas controla la temperatura del tubo l\u00e1ser durante su funcionamiento. La capacidad del enfriador, las caracter\u00edsticas del refrigerante y la periodicidad de mantenimiento deben ajustarse al tubo seleccionado y al entorno de funcionamiento.<\/p>\n<\/div>\n\n\n\n<div class=\"wp-block-column is-layout-flow wp-block-column-is-layout-flow\">\n<h2 class=\"wp-block-heading has-text-align-center\">Usos del corte y el grabado<\/h2>\n\n\n\n<p class=\"has-text-align-center wp-block-paragraph\">Utilice la m\u00e1quina para letreros de acr\u00edlico de gran formato, componentes de madera y MDF, prototipos de embalajes, patrones textiles, art\u00edculos de cuero y otras piezas no met\u00e1licas homologadas. El ancho de corte, el acabado de los bordes y el grosor alcanzable var\u00edan seg\u00fan el material, la potencia y los par\u00e1metros del proceso.<\/p>\n<\/div>\n\n\n\n<div class=\"wp-block-column is-layout-flow wp-block-column-is-layout-flow\">\n<h2 class=\"wp-block-heading has-text-align-center\">Mesa de trabajo con hoja de cuchillo o en forma de panal<\/h2>\n\n\n\n<p class=\"has-text-align-center wp-block-paragraph\">La base tipo \u00abhoja de cuchillo\u00bb soporta l\u00e1minas r\u00edgidas y minimiza al mismo tiempo los reflejos traseros y las marcas de contacto. La base tipo \u00abpanal\u00bb es m\u00e1s adecuada para papel, tejidos y piezas peque\u00f1as y flexibles. La mesa recomendada depende de la composici\u00f3n principal del material.<\/p>\n<\/div>\n<\/div>\n\n\n\n<h2 class=\"wp-block-heading\">Especificaciones de la m\u00e1quina<\/h2>\n\n\n\n<figure class=\"wp-block-table\"><table class=\"has-fixed-layout\"><thead><tr><th class=\"has-text-align-left\" data-align=\"left\"><strong>Modelo<\/strong><\/th><th class=\"has-text-align-left\" data-align=\"left\"><strong>VankCut-1325<\/strong>\/<strong>VankCut-1530<\/strong>\/<strong>VankCut-2030<\/strong><\/th><\/tr><\/thead><tbody><tr><td class=\"has-text-align-left\" data-align=\"left\"><strong>Potencia l\u00e1ser<\/strong><\/td><td class=\"has-text-align-left\" data-align=\"left\">300 W \/ 500 W<\/td><\/tr><tr><td class=\"has-text-align-left\" data-align=\"left\"><strong>\u00c1rea de trabajo<\/strong><\/td><td class=\"has-text-align-left\" data-align=\"left\">1300 x 2500 \/ 1500 x 3000 \/ 2000 x 3000 mm<\/td><\/tr><tr><td class=\"has-text-align-left\" data-align=\"left\"><strong>Tipo de refrigeraci\u00f3n<\/strong><\/td><td class=\"has-text-align-left\" data-align=\"left\">Refrigeraci\u00f3n por agua; enfriador adaptado a la potencia del tubo<\/td><\/tr><tr><td class=\"has-text-align-left\" data-align=\"left\"><strong>Velocidad m\u00e1xima de grabado<\/strong><\/td><td class=\"has-text-align-left\" data-align=\"left\">Hasta 600 mm\/s<\/td><\/tr><tr><td class=\"has-text-align-left\" data-align=\"left\"><strong>Velocidad m\u00e1xima de corte<\/strong><\/td><td class=\"has-text-align-left\" data-align=\"left\">Hasta 300 mm\/s; depende del material<\/td><\/tr><tr><td class=\"has-text-align-left\" data-align=\"left\"><strong>Tama\u00f1o m\u00ednimo de caracteres<\/strong><\/td><td class=\"has-text-align-left\" data-align=\"left\">Caracteres chinos: 2 x 2 mm; letras latinas: 1 x 1 mm<\/td><\/tr><tr><td class=\"has-text-align-left\" data-align=\"left\"><strong>Resoluci\u00f3n m\u00e1xima de la imagen r\u00e1ster<\/strong><\/td><td class=\"has-text-align-left\" data-align=\"left\">Hasta 4000 ppp<\/td><\/tr><tr><td class=\"has-text-align-left\" data-align=\"left\">Mesa de trabajo<\/td><td class=\"has-text-align-left\" data-align=\"left\">Mesa de trabajo con regleta de cuchillas \/ Mesa alveolar (opcional)<\/td><\/tr><tr><td class=\"has-text-align-left\" data-align=\"left\"><strong>Precisi\u00f3n de Posicionamiento<\/strong><\/td><td class=\"has-text-align-left\" data-align=\"left\">\u22640,02 mm<\/td><\/tr><tr><td class=\"has-text-align-left\" data-align=\"left\"><strong>Controlador y software<\/strong><\/td><td class=\"has-text-align-left\" data-align=\"left\">Ruida DSP; flujo de trabajo con LightBurn o RDWorks<\/td><\/tr><tr><td class=\"has-text-align-left\" data-align=\"left\"><strong>Formatos de archivo habituales<\/strong><\/td><td class=\"has-text-align-left\" data-align=\"left\">AI, PDF, SVG, DXF, PLT, PNG, JPG y BMP; depende del software<\/td><\/tr><tr><td class=\"has-text-align-left\" data-align=\"left\">Materiales compatibles<\/td><td class=\"has-text-align-left\" data-align=\"left\">Acr\u00edlico, madera, MDF, contrachapado, cuero, tela, caucho, papel, pl\u00e1stico, cart\u00f3n bicolor, etc.<\/td><\/tr><tr><td class=\"has-text-align-left\" data-align=\"left\"><strong>Procesamiento por capas<\/strong><\/td><td class=\"has-text-align-left\" data-align=\"left\">S\u00ed<\/td><\/tr><tr><td class=\"has-text-align-left\" data-align=\"left\"><strong>Entorno de trabajo<\/strong><\/td><td class=\"has-text-align-left\" data-align=\"left\">0-45 \u00b0C; 5-95% de humedad relativa, sin condensaci\u00f3n<\/td><\/tr><\/tbody><\/table><\/figure>\n\n\n\n<h2 class=\"wp-block-heading has-text-align-left\">Par\u00e1metros de grosor de corte de materiales con cortadoras l\u00e1ser de CO\u2082 de 300 W y 500 W<\/h2>\n\n\n\n<figure class=\"wp-block-table is-style-regular\"><table class=\"has-fixed-layout\"><tbody><tr><td class=\"has-text-align-center\" data-align=\"center\"><strong>Material de corte<\/strong><\/td><td class=\"has-text-align-center\" data-align=\"center\"><strong>Espesor m\u00e1ximo de corte (300 W) \/ mm<\/strong><\/td><td class=\"has-text-align-center\" data-align=\"center\"><strong>Espesor m\u00e1ximo de corte (500 W) \/ mm<\/strong><\/td><\/tr><tr><td class=\"has-text-align-center\" data-align=\"center\">Acr\u00edlico (PMMA)<\/td><td class=\"has-text-align-center\" data-align=\"center\">30<\/td><td class=\"has-text-align-center\" data-align=\"center\">35<\/td><\/tr><tr><td class=\"has-text-align-center\" data-align=\"center\">Contrachapado \/ Tablero de madera<\/td><td class=\"has-text-align-center\" data-align=\"center\">25<\/td><td class=\"has-text-align-center\" data-align=\"center\">30<\/td><\/tr><tr><td class=\"has-text-align-center\" data-align=\"center\">Madera maciza \/ Bamb\u00fa<\/td><td class=\"has-text-align-center\" data-align=\"center\">7<\/td><td class=\"has-text-align-center\" data-align=\"center\">10<\/td><\/tr><tr><td class=\"has-text-align-center\" data-align=\"center\">Tablero de MDF<\/td><td class=\"has-text-align-center\" data-align=\"center\">6<\/td><td class=\"has-text-align-center\" data-align=\"center\">10<\/td><\/tr><tr><td class=\"has-text-align-center\" data-align=\"center\">Tablero bicolor<\/td><td class=\"has-text-align-center\" data-align=\"center\">2<\/td><td class=\"has-text-align-center\" data-align=\"center\">3<\/td><\/tr><tr><td class=\"has-text-align-center\" data-align=\"center\">Cuero \/ Cuero sint\u00e9tico<\/td><td class=\"has-text-align-center\" data-align=\"center\">4<\/td><td class=\"has-text-align-center\" data-align=\"center\">6<\/td><\/tr><tr><td class=\"has-text-align-center\" data-align=\"center\">Tejido \/ Textil \/ Fieltro<\/td><td class=\"has-text-align-center\" data-align=\"center\">6<\/td><td class=\"has-text-align-center\" data-align=\"center\">8<\/td><\/tr><tr><td class=\"has-text-align-center\" data-align=\"center\">Espuma de EVA \/ PE<\/td><td class=\"has-text-align-center\" data-align=\"center\">10<\/td><td class=\"has-text-align-center\" data-align=\"center\">15<\/td><\/tr><tr><td class=\"has-text-align-center\" data-align=\"center\">Papel \/ Cart\u00f3n<\/td><td class=\"has-text-align-center\" data-align=\"center\">4<\/td><td class=\"has-text-align-center\" data-align=\"center\">5<\/td><\/tr><tr><td class=\"has-text-align-center\" data-align=\"center\">Caucho no met\u00e1lico<\/td><td class=\"has-text-align-center\" data-align=\"center\">5<\/td><td class=\"has-text-align-center\" data-align=\"center\">8<\/td><\/tr><tr><td class=\"has-text-align-center\" data-align=\"center\">L\u00e1mina de pl\u00e1stico PP\/PE<\/td><td class=\"has-text-align-center\" data-align=\"center\">3<\/td><td class=\"has-text-align-center\" data-align=\"center\">5<\/td><\/tr><tr><td class=\"has-text-align-center\" data-align=\"center\">L\u00e1mina de PET\/PVC<\/td><td class=\"has-text-align-center\" data-align=\"center\">1.5<\/td><td class=\"has-text-align-center\" data-align=\"center\">2<\/td><\/tr><tr><td class=\"has-text-align-center\" data-align=\"center\">Material de corcho<\/td><td class=\"has-text-align-center\" data-align=\"center\">5<\/td><td class=\"has-text-align-center\" data-align=\"center\">8<\/td><\/tr><tr><td class=\"has-text-align-center\" data-align=\"center\">Capa no met\u00e1lica de una placa de circuito impreso<\/td><td class=\"has-text-align-center\" data-align=\"center\">1<\/td><td class=\"has-text-align-center\" data-align=\"center\">2<\/td><\/tr><\/tbody><\/table><\/figure>\n\n\n\n<p class=\"has-text-align-left wp-block-paragraph\">*Valores orientativos de pruebas de taller; no constituyen l\u00edmites garantizados. Los resultados var\u00edan seg\u00fan la densidad y la composici\u00f3n del material, el estado del tubo, la \u00f3ptica, el enfoque, la velocidad, la asistencia de aire y el n\u00famero de pasadas. Solicite una prueba con su muestra real. Procese \u00fanicamente materiales identificados y aptos para l\u00e1ser; nunca corte PVC, vinilo ni pl\u00e1sticos desconocidos que contengan hal\u00f3genos y nunca deje un trabajo de corte sin supervisi\u00f3n.<\/p>\n\n\n\n<p class=\"wp-block-paragraph\"><\/p>\n\n\n<p><iframe loading=\"lazy\" title=\"M\u00e1quina de grabado y corte l\u00e1ser CO2\" src=\"https:\/\/www.youtube.com\/embed\/GRpBzzmuI8c?si=-u-DajXCLpIWW9Ar\" width=\"1920\" height=\"700\" frameborder=\"0\" allowfullscreen=\"allowfullscreen\"><\/iframe><\/p>\n\n\n<h2 class=\"wp-block-heading\">Aplicaciones de la m\u00e1quina de grabado y corte por l\u00e1ser de di\u00f3xido de carbono 1325<\/h2>\n\n\n\n<p class=\"has-text-align-left wp-block-paragraph\">La m\u00e1quina de grabado por l\u00e1ser de CO\u2082 1325 admite una amplia gama de materiales y es apta para diversos materiales no met\u00e1licos: madera, acr\u00edlico (plexigl\u00e1s), pl\u00e1stico (como PVC o ABS), cuero, tela, caucho, papel, cart\u00f3n bicolor, MDF, contrachapado, productos de bamb\u00fa, conchas, c\u00e1scaras de coco, huesos, cuernos, resina, cer\u00e1mica, vidrio, cristal, piedra, etc.<\/p>\n\n\n\n<h2 class=\"wp-block-heading\">Productos de aplicaci\u00f3n:<\/h2>\n\n\n\n<p class=\"wp-block-paragraph\">Marcos de fotos, paneles decorativos, rompecabezas de madera, maquetas arquitect\u00f3nicas, barcos, maquetas de aviaci\u00f3n, juguetes de madera, tallas de madera, carteles publicitarios, figuras de cristal acr\u00edlico, paneles de exposici\u00f3n, paneles luminosos, cajas de embalaje, piezas para maquetas, sellos, moldes, bordados de apliques, cinturones, empeines de calzado, bolsos, juguetes de tela, alfombras, cart\u00f3n, cajas de cart\u00f3n ondulado, cajas de regalo, tarjetas de felicitaci\u00f3n, recortes de papel, esculturas de papel, artesan\u00eda, recuerdos, marcap\u00e1ginas, adornos, etc.<\/p>\n\n\n\n<p class=\"wp-block-paragraph\"><\/p>\n\n\n\n<div class=\"wp-block-columns is-layout-flex wp-container-core-columns-is-layout-8f761849 wp-block-columns-is-layout-flex\">\n<div class=\"wp-block-column is-layout-flow wp-block-column-is-layout-flow\">\n<figure class=\"wp-block-image size-full\"><img loading=\"lazy\" decoding=\"async\" width=\"600\" height=\"500\" src=\"https:\/\/vanklaser.com\/wp-content\/uploads\/2025\/12\/123.jpg\" alt=\"Muestra de grabado en acr\u00edlico realizada con el l\u00e1ser de CO\u2082 H-1325\" class=\"wp-image-1689\" srcset=\"https:\/\/vanklaser.com\/wp-content\/uploads\/2025\/12\/123.jpg 600w, https:\/\/vanklaser.com\/wp-content\/uploads\/2025\/12\/123-300x250.jpg 300w\" sizes=\"auto, (max-width: 600px) 100vw, 600px\" \/><\/figure>\n\n\n\n<p class=\"has-text-align-center wp-block-paragraph\">Grabado acr\u00edlico<\/p>\n<\/div>\n\n\n\n<div class=\"wp-block-column is-layout-flow wp-block-column-is-layout-flow\">\n<figure class=\"wp-block-image size-full\"><img loading=\"lazy\" decoding=\"async\" width=\"600\" height=\"500\" src=\"https:\/\/vanklaser.com\/wp-content\/uploads\/2025\/12\/127-1.jpg\" alt=\"Muestra de recorte de papel con detalles finos en el dise\u00f1o\" class=\"wp-image-1719\" srcset=\"https:\/\/vanklaser.com\/wp-content\/uploads\/2025\/12\/127-1.jpg 600w, https:\/\/vanklaser.com\/wp-content\/uploads\/2025\/12\/127-1-300x250.jpg 300w\" sizes=\"auto, (max-width: 600px) 100vw, 600px\" \/><\/figure>\n\n\n\n<p class=\"has-text-align-center wp-block-paragraph\">Recorte de papel<\/p>\n<\/div>\n\n\n\n<div class=\"wp-block-column is-layout-flow wp-block-column-is-layout-flow\">\n<figure class=\"wp-block-image size-full\"><img loading=\"lazy\" decoding=\"async\" width=\"600\" height=\"500\" src=\"https:\/\/vanklaser.com\/wp-content\/uploads\/2025\/12\/125.jpg\" alt=\"Muestra de grabado en madera realizada con un l\u00e1ser de CO\u2082\" class=\"wp-image-1691\" srcset=\"https:\/\/vanklaser.com\/wp-content\/uploads\/2025\/12\/125.jpg 600w, https:\/\/vanklaser.com\/wp-content\/uploads\/2025\/12\/125-300x250.jpg 300w\" sizes=\"auto, (max-width: 600px) 100vw, 600px\" \/><\/figure>\n\n\n\n<p class=\"has-text-align-center wp-block-paragraph\">Grabado en madera<\/p>\n<\/div>\n<\/div>\n\n\n\n<div class=\"wp-block-columns is-layout-flex wp-container-core-columns-is-layout-8f761849 wp-block-columns-is-layout-flex\">\n<div class=\"wp-block-column is-layout-flow wp-block-column-is-layout-flow\">\n<figure class=\"wp-block-image size-full\"><img loading=\"lazy\" decoding=\"async\" width=\"600\" height=\"500\" src=\"https:\/\/vanklaser.com\/wp-content\/uploads\/2026\/08\/\u672a\u6807\u9898-2-1.jpg\" alt=\"\" class=\"wp-image-3628\" srcset=\"https:\/\/vanklaser.com\/wp-content\/uploads\/2026\/08\/\u672a\u6807\u9898-2-1.jpg 600w, https:\/\/vanklaser.com\/wp-content\/uploads\/2026\/08\/-2-1-15x12.jpg 15w, https:\/\/vanklaser.com\/wp-content\/uploads\/2026\/08\/-2-1-300x250.jpg 300w\" sizes=\"auto, (max-width: 600px) 100vw, 600px\" \/><\/figure>\n\n\n\n<p class=\"has-text-align-center wp-block-paragraph\">Corte de acr\u00edlico<\/p>\n<\/div>\n\n\n\n<div class=\"wp-block-column is-layout-flow wp-block-column-is-layout-flow\">\n<figure class=\"wp-block-image size-full\"><img loading=\"lazy\" decoding=\"async\" width=\"600\" height=\"500\" src=\"https:\/\/vanklaser.com\/wp-content\/uploads\/2025\/12\/171.jpg\" alt=\"Muestra de corte de cuero natural para la fabricaci\u00f3n de productos\" class=\"wp-image-1865\" srcset=\"https:\/\/vanklaser.com\/wp-content\/uploads\/2025\/12\/171.jpg 600w, https:\/\/vanklaser.com\/wp-content\/uploads\/2025\/12\/171-300x250.jpg 300w\" sizes=\"auto, (max-width: 600px) 100vw, 600px\" \/><\/figure>\n\n\n\n<p class=\"has-text-align-center wp-block-paragraph\">Corte de cuero<\/p>\n<\/div>\n\n\n\n<div class=\"wp-block-column is-layout-flow wp-block-column-is-layout-flow\">\n<figure class=\"wp-block-image size-full\"><img loading=\"lazy\" decoding=\"async\" width=\"600\" height=\"500\" src=\"https:\/\/vanklaser.com\/wp-content\/uploads\/2025\/12\/160.jpg\" alt=\"Muestra de corte de madera realizada con la H-1325\" class=\"wp-image-1862\" srcset=\"https:\/\/vanklaser.com\/wp-content\/uploads\/2025\/12\/160.jpg 600w, https:\/\/vanklaser.com\/wp-content\/uploads\/2025\/12\/160-300x250.jpg 300w\" sizes=\"auto, (max-width: 600px) 100vw, 600px\" \/><\/figure>\n\n\n\n<p class=\"has-text-align-center wp-block-paragraph\">Corte de madera<\/p>\n<\/div>\n<\/div>\n\n\n\n<p class=\"wp-block-paragraph\"><\/p>\n\n\n\n<h2 class=\"wp-block-heading has-text-align-center\">Caracter\u00edsticas de la m\u00e1quina de grabado por l\u00e1ser de CO\u2082 4\u00d78 1325<\/h2>\n\n\n\n<p class=\"has-text-align-center wp-block-paragraph\">Dise\u00f1ado para la producci\u00f3n de piezas no met\u00e1licas en l\u00e1minas de gran formato, el H-1325 integra el l\u00e1ser, el sistema de movimiento, el control Ruida y las conexiones de refrigeraci\u00f3n y extracci\u00f3n en una \u00fanica plataforma configurable. La potencia, el tipo de mesa y los accesorios se seleccionan en funci\u00f3n de la aplicaci\u00f3n, en lugar de considerarse como una configuraci\u00f3n universal.<\/p>\n\n\n\n<p class=\"wp-block-paragraph\"><\/p>\n\n\n\n<div class=\"wp-block-media-text is-stacked-on-mobile\"><figure class=\"wp-block-media-text__media\"><img loading=\"lazy\" decoding=\"async\" width=\"1000\" height=\"870\" src=\"https:\/\/vanklaser.com\/wp-content\/uploads\/2025\/12\/143-3.jpg\" alt=\"M\u00e1quina de corte por l\u00e1ser de CO\u2082 de gran formato H-1325 y \u00e1rea de trabajo\" class=\"wp-image-1869 size-full\" srcset=\"https:\/\/vanklaser.com\/wp-content\/uploads\/2025\/12\/143-3.jpg 1000w, https:\/\/vanklaser.com\/wp-content\/uploads\/2025\/12\/143-3-300x261.jpg 300w, https:\/\/vanklaser.com\/wp-content\/uploads\/2025\/12\/143-3-768x668.jpg 768w\" sizes=\"auto, (max-width: 1000px) 100vw, 1000px\" \/><\/figure><div class=\"wp-block-media-text__content\">\n<h2 class=\"wp-block-heading\">Capacidad para chapas de 1300 x 2500 mm<\/h2>\n\n\n\n<p class=\"wp-block-paragraph\"><\/p>\n\n\n\n<p class=\"wp-block-paragraph\">El \u00e1rea de trabajo de 1300 x 2500 mm permite alojar los formatos habituales de l\u00e1minas de 4 x 8 pies, con un espacio libre de carga muy pr\u00e1ctico. La plataforma de dise\u00f1o abierto permite el acceso frontal y lateral para colocar l\u00e1minas grandes de acr\u00edlico, madera y MDF; no obstante, los operarios deben seguir el m\u00e9todo de carga especificado y los procedimientos de seguridad de la m\u00e1quina.<\/p>\n<\/div><\/div>\n\n\n\n<div class=\"wp-block-media-text has-media-on-the-right is-stacked-on-mobile\"><div class=\"wp-block-media-text__content\">\n<h2 class=\"wp-block-heading\">Tubo de cristal para l\u00e1ser de CO\u2082 sellado<\/h2>\n\n\n\n<p class=\"wp-block-paragraph\"><\/p>\n\n\n\n<p class=\"wp-block-paragraph\">El TS300 ofrece una potencia m\u00e1xima superior a 360 W, una potencia estable de 300 W, una vida \u00fatil continua superior a 12 000 horas y una garant\u00eda de 12 meses. Este sistema l\u00e1ser de CO\u2082 de alta potencia puede cortar sin esfuerzo madera contrachapada, MDF, acr\u00edlico y metal, y se utiliza ampliamente en m\u00e1quinas de corte por l\u00e1ser para metales y materiales no met\u00e1licos.<\/p>\n<\/div><figure class=\"wp-block-media-text__media\"><img loading=\"lazy\" decoding=\"async\" width=\"1000\" height=\"870\" src=\"https:\/\/vanklaser.com\/wp-content\/uploads\/2026\/08\/\u672a\u6807\u9898-1.jpg\" alt=\"\" class=\"wp-image-3609 size-full\" srcset=\"https:\/\/vanklaser.com\/wp-content\/uploads\/2026\/08\/\u672a\u6807\u9898-1.jpg 1000w, https:\/\/vanklaser.com\/wp-content\/uploads\/2026\/08\/-1-300x261.jpg 300w, https:\/\/vanklaser.com\/wp-content\/uploads\/2026\/08\/-1-768x668.jpg 768w, https:\/\/vanklaser.com\/wp-content\/uploads\/2026\/08\/-1-14x12.jpg 14w\" sizes=\"auto, (max-width: 1000px) 100vw, 1000px\" \/><\/figure><\/div>\n\n\n\n<div class=\"wp-block-media-text is-stacked-on-mobile\"><figure class=\"wp-block-media-text__media\"><img loading=\"lazy\" decoding=\"async\" width=\"1000\" height=\"870\" src=\"https:\/\/vanklaser.com\/wp-content\/uploads\/2026\/08\/\u672a\u6807\u9898-1-1.jpg\" alt=\"\" class=\"wp-image-3610 size-full\" srcset=\"https:\/\/vanklaser.com\/wp-content\/uploads\/2026\/08\/\u672a\u6807\u9898-1-1.jpg 1000w, https:\/\/vanklaser.com\/wp-content\/uploads\/2026\/08\/-1-1-300x261.jpg 300w, https:\/\/vanklaser.com\/wp-content\/uploads\/2026\/08\/-1-1-14x12.jpg 14w, https:\/\/vanklaser.com\/wp-content\/uploads\/2026\/08\/-1-1-768x668.jpg 768w\" sizes=\"auto, (max-width: 1000px) 100vw, 1000px\" \/><\/figure><div class=\"wp-block-media-text__content\">\n<h2 class=\"wp-block-heading\">Cabezal l\u00e1ser de CO\u2082<\/h2>\n\n\n\n<p class=\"wp-block-paragraph\"><strong>C\u00e1mara CCD SV300 (para el corte de bordes de logotipos)<\/strong><\/p>\n\n\n\n<p class=\"wp-block-paragraph\"><\/p>\n\n\n\n<p class=\"wp-block-paragraph\">El cabezal de corte por l\u00e1ser de di\u00f3xido de carbono de alta calidad est\u00e1 fabricado \u00edntegramente en aleaci\u00f3n de aluminio. El rayo l\u00e1ser se refleja en el reflector l\u00e1ser y se dirige hacia el cabezal de corte. Tras ser enfocado por la lente de enfoque situada en el interior del cabezal, se forma un rayo l\u00e1ser de alta energ\u00eda que permite realizar grabados y cortes a alta velocidad.<\/p>\n<\/div><\/div>\n\n\n\n<div class=\"wp-block-media-text has-media-on-the-right is-stacked-on-mobile\"><div class=\"wp-block-media-text__content\">\n<h2 class=\"wp-block-heading\">Transmisi\u00f3n por husillo de bolas<\/h2>\n\n\n\n<p class=\"wp-block-paragraph\"><\/p>\n\n\n\n<p class=\"wp-block-paragraph\">En comparaci\u00f3n con la transmisi\u00f3n por correa, ofrece una mayor precisi\u00f3n de grabado y corte; en comparaci\u00f3n con la transmisi\u00f3n por cremallera, ofrece una mayor precisi\u00f3n, pero las m\u00e1quinas con transmisi\u00f3n por cremallera son m\u00e1s r\u00e1pidas. La transmisi\u00f3n por husillo de bolas se utiliza principalmente para cortar materiales de m\u00e1s de 20 mm de espesor y para el corte por l\u00e1ser de espesores mayores, lo que da como resultado bordes de corte m\u00e1s lisos.<\/p>\n<\/div><figure class=\"wp-block-media-text__media\"><img loading=\"lazy\" decoding=\"async\" width=\"1024\" height=\"768\" src=\"https:\/\/vanklaser.com\/wp-content\/uploads\/2026\/08\/6653A7E6-CA07-449D-BCFB-C86707A76603-1024x768.jpg\" alt=\"\" class=\"wp-image-3612 size-full\" srcset=\"https:\/\/vanklaser.com\/wp-content\/uploads\/2026\/08\/6653A7E6-CA07-449D-BCFB-C86707A76603-1024x768.jpg 1024w, https:\/\/vanklaser.com\/wp-content\/uploads\/2026\/08\/6653A7E6-CA07-449D-BCFB-C86707A76603-300x225.jpg 300w, https:\/\/vanklaser.com\/wp-content\/uploads\/2026\/08\/6653A7E6-CA07-449D-BCFB-C86707A76603-768x576.jpg 768w, https:\/\/vanklaser.com\/wp-content\/uploads\/2026\/08\/6653A7E6-CA07-449D-BCFB-C86707A76603-1536x1152.jpg 1536w, https:\/\/vanklaser.com\/wp-content\/uploads\/2026\/08\/6653A7E6-CA07-449D-BCFB-C86707A76603-16x12.jpg 16w, https:\/\/vanklaser.com\/wp-content\/uploads\/2026\/08\/6653A7E6-CA07-449D-BCFB-C86707A76603-2048x1536-1.jpg 2048w\" sizes=\"auto, (max-width: 1024px) 100vw, 1024px\" \/><\/figure><\/div>\n\n\n\n<div class=\"wp-block-media-text is-stacked-on-mobile\"><figure class=\"wp-block-media-text__media\"><img loading=\"lazy\" decoding=\"async\" width=\"1000\" height=\"870\" src=\"https:\/\/vanklaser.com\/wp-content\/uploads\/2026\/08\/\u672a\u6807\u9898-1-2.jpg\" alt=\"\" class=\"wp-image-3611 size-full\" srcset=\"https:\/\/vanklaser.com\/wp-content\/uploads\/2026\/08\/\u672a\u6807\u9898-1-2.jpg 1000w, https:\/\/vanklaser.com\/wp-content\/uploads\/2026\/08\/-1-2-300x261.jpg 300w, https:\/\/vanklaser.com\/wp-content\/uploads\/2026\/08\/-1-2-14x12.jpg 14w, https:\/\/vanklaser.com\/wp-content\/uploads\/2026\/08\/-1-2-768x668.jpg 768w\" sizes=\"auto, (max-width: 1000px) 100vw, 1000px\" \/><\/figure><div class=\"wp-block-media-text__content\">\n<h2 class=\"wp-block-heading\">Banco de trabajo con hoja de aleaci\u00f3n de aluminio<\/h2>\n\n\n\n<p class=\"wp-block-paragraph\"><\/p>\n\n\n\n<p class=\"wp-block-paragraph\">Dise\u00f1o con estructura de aleaci\u00f3n de aluminio m\u00faltiple; el material de aleaci\u00f3n de aluminio disipa mejor el calor, y los residuos de los productos cortados con l\u00e1ser caen directamente sobre la mesa de corte, lo que mantiene la mesa limpia.<\/p>\n<\/div><\/div>\n\n\n\n<div class=\"wp-block-media-text has-media-on-the-right is-stacked-on-mobile\"><div class=\"wp-block-media-text__content\">\n<h2 class=\"wp-block-heading\">Alineaci\u00f3n ajustable de los espejos<\/h2>\n\n\n\n<p class=\"wp-block-paragraph\"><\/p>\n\n\n\n<p class=\"wp-block-paragraph\">La trayectoria del haz utiliza espejos ajustables para conducir el l\u00e1ser de CO\u2082 desde el tubo hasta el cabezal de corte. Los soportes estables garantizan una alineaci\u00f3n repetible, mientras que el ajuste en tres puntos permite a los t\u00e9cnicos cualificados corregir la trayectoria \u00f3ptica durante la instalaci\u00f3n o el mantenimiento programado.<\/p>\n<\/div><figure class=\"wp-block-media-text__media\"><img loading=\"lazy\" decoding=\"async\" width=\"1000\" height=\"870\" src=\"https:\/\/vanklaser.com\/wp-content\/uploads\/2025\/12\/153.jpg\" alt=\"Conjunto de soporte ajustable para el espejo de un l\u00e1ser de CO\u2082\" class=\"wp-image-1827 size-full\" srcset=\"https:\/\/vanklaser.com\/wp-content\/uploads\/2025\/12\/153.jpg 1000w, https:\/\/vanklaser.com\/wp-content\/uploads\/2025\/12\/153-300x261.jpg 300w, https:\/\/vanklaser.com\/wp-content\/uploads\/2025\/12\/153-768x668.jpg 768w\" sizes=\"auto, (max-width: 1000px) 100vw, 1000px\" \/><\/figure><\/div>\n\n\n\n<div class=\"wp-block-columns is-layout-flex wp-container-core-columns-is-layout-8f761849 wp-block-columns-is-layout-flex\">\n<div class=\"wp-block-column is-layout-flow wp-block-column-is-layout-flow\">\n<figure class=\"wp-block-image size-full\"><img loading=\"lazy\" decoding=\"async\" width=\"800\" height=\"447\" src=\"https:\/\/vanklaser.com\/wp-content\/uploads\/2025\/12\/\u56fe\u5c42-83.jpg\" alt=\"Interfaz del software de control y procesamiento l\u00e1ser de Ruida\" class=\"wp-image-1737\" srcset=\"https:\/\/vanklaser.com\/wp-content\/uploads\/2025\/12\/\u56fe\u5c42-83.jpg 800w, https:\/\/vanklaser.com\/wp-content\/uploads\/2025\/12\/\u56fe\u5c42-83-300x168.jpg 300w, https:\/\/vanklaser.com\/wp-content\/uploads\/2025\/12\/\u56fe\u5c42-83-768x429.jpg 768w\" sizes=\"auto, (max-width: 800px) 100vw, 800px\" \/><\/figure>\n\n\n\n<h2 class=\"wp-block-heading has-text-align-left\"><strong>Sistema de control inteligente<\/strong><\/h2>\n\n\n\n<p class=\"wp-block-paragraph\">El software de control se basa en el sistema operativo Windows y admite varios formatos de archivo de procesamiento habituales. Incluye funciones de edici\u00f3n y dise\u00f1o de uso com\u00fan, as\u00ed como funciones de procesamiento y control espec\u00edficas del procesamiento l\u00e1ser. Al tiempo que garantiza la facilidad de uso y la fiabilidad, tambi\u00e9n le ayuda a conseguir excelentes resultados de procesamiento y eficacia.<\/p>\n<\/div>\n\n\n\n<div class=\"wp-block-column is-layout-flow wp-block-column-is-layout-flow\">\n<figure class=\"wp-block-image size-full\"><img loading=\"lazy\" decoding=\"async\" width=\"800\" height=\"447\" src=\"https:\/\/vanklaser.com\/wp-content\/uploads\/2025\/12\/152.jpg\" alt=\"Controlador de panel Ruida para el funcionamiento de trabajos fuera de l\u00ednea\" class=\"wp-image-1825\" srcset=\"https:\/\/vanklaser.com\/wp-content\/uploads\/2025\/12\/152.jpg 800w, https:\/\/vanklaser.com\/wp-content\/uploads\/2025\/12\/152-300x168.jpg 300w, https:\/\/vanklaser.com\/wp-content\/uploads\/2025\/12\/152-768x429.jpg 768w\" sizes=\"auto, (max-width: 800px) 100vw, 800px\" \/><\/figure>\n\n\n\n<h2 class=\"wp-block-heading\">Sistema CNC Ruida 6445S<\/h2>\n\n\n\n<p class=\"wp-block-paragraph\">El panel Ruida configurado permite seleccionar trabajos, ajustar par\u00e1metros de capa, posicionar y consultar informaci\u00f3n de estado en la m\u00e1quina. LightBurn es compatible con las familias habituales de controladores RDC6442 y RDC6445; compruebe el modelo exacto del controlador y la versi\u00f3n del software indicados en el presupuesto.<\/p>\n<\/div>\n<\/div>\n\n\n\n<div class=\"wp-block-columns is-layout-flex wp-container-core-columns-is-layout-8f761849 wp-block-columns-is-layout-flex\">\n<div class=\"wp-block-column is-layout-flow wp-block-column-is-layout-flow\">\n<figure class=\"wp-block-image size-full\"><img loading=\"lazy\" decoding=\"async\" width=\"1000\" height=\"870\" src=\"https:\/\/vanklaser.com\/wp-content\/uploads\/2026\/08\/\u672a\u6807\u9898-2.jpg\" alt=\"\" class=\"wp-image-3614\" srcset=\"https:\/\/vanklaser.com\/wp-content\/uploads\/2026\/08\/\u672a\u6807\u9898-2.jpg 1000w, https:\/\/vanklaser.com\/wp-content\/uploads\/2026\/08\/-2-14x12.jpg 14w, https:\/\/vanklaser.com\/wp-content\/uploads\/2026\/08\/-2-768x668.jpg 768w, https:\/\/vanklaser.com\/wp-content\/uploads\/2026\/08\/-2-300x261.jpg 300w\" sizes=\"auto, (max-width: 1000px) 100vw, 1000px\" \/><\/figure>\n\n\n\n<h2 class=\"wp-block-heading\">Enfriador de agua S&amp;A CW5300<\/h2>\n\n\n\n<p class=\"wp-block-paragraph\">El paquete suministrado puede configurarse con el enfriador, el ventilador de extracci\u00f3n, los componentes de asistencia neum\u00e1tica y los conductos necesarios para la m\u00e1quina seleccionada y el lugar de destino.<\/p>\n\n\n\n<p class=\"wp-block-paragraph\">Un enfriador de agua industrial hace circular un l\u00edquido refrigerante a temperatura controlada a trav\u00e9s del tubo l\u00e1ser. El modelo del enfriador y el sistema de alarma se seleccionan en funci\u00f3n de la potencia del tubo y de las condiciones ambientales locales.<\/p>\n\n\n\n<p class=\"wp-block-paragraph\">El ventilador de extracci\u00f3n elimina el humo y los gases de proceso de la zona de corte. Los sistemas de flujo de aire, filtraci\u00f3n y descarga deben dise\u00f1arse en funci\u00f3n del material y cumplir con la normativa local en materia de seguridad laboral y medio ambiente.<\/p>\n\n\n\n<p class=\"wp-block-paragraph\">En la configuraci\u00f3n final se confirman el alcance de los conductos y las dimensiones de las conexiones, de modo que el cliente pueda planificar una descarga o filtraci\u00f3n seguras antes de la instalaci\u00f3n.<\/p>\n<\/div>\n\n\n\n<div class=\"wp-block-column is-layout-flow wp-block-column-is-layout-flow\">\n<figure class=\"wp-block-image size-full\"><img loading=\"lazy\" decoding=\"async\" width=\"1000\" height=\"870\" src=\"https:\/\/vanklaser.com\/wp-content\/uploads\/2025\/12\/156-2.jpg\" alt=\"Opciones de lentes de enfoque para grabado y corte de materiales gruesos\" class=\"wp-image-1857\" srcset=\"https:\/\/vanklaser.com\/wp-content\/uploads\/2025\/12\/156-2.jpg 1000w, https:\/\/vanklaser.com\/wp-content\/uploads\/2025\/12\/156-2-300x261.jpg 300w, https:\/\/vanklaser.com\/wp-content\/uploads\/2025\/12\/156-2-768x668.jpg 768w\" sizes=\"auto, (max-width: 1000px) 100vw, 1000px\" \/><\/figure>\n\n\n\n<h2 class=\"wp-block-heading\">Opciones de lentes para grabado y corte de gran espesor<\/h2>\n\n\n\n<p class=\"wp-block-paragraph\">Una lente con una distancia focal de 2,5 pulgadas (63,5 mm) es adecuada para el grabado y el corte generales, mientras que una opci\u00f3n de 4 pulgadas (101,6 mm) proporciona mayor profundidad de foco para materiales m\u00e1s gruesos. La lente m\u00e1s adecuada depende del material, el grosor, el nivel de detalle y los requisitos de acabado de los bordes; confirme el rendimiento mediante una prueba con una muestra.<\/p>\n<\/div>\n\n\n\n<div class=\"wp-block-column is-layout-flow wp-block-column-is-layout-flow\">\n<figure class=\"wp-block-image size-full\"><img loading=\"lazy\" decoding=\"async\" width=\"1000\" height=\"870\" src=\"https:\/\/vanklaser.com\/wp-content\/uploads\/2025\/12\/157.jpg\" alt=\"Almacenamiento y recuperaci\u00f3n de trabajos fuera de l\u00ednea del controlador Ruida\" class=\"wp-image-1858\" srcset=\"https:\/\/vanklaser.com\/wp-content\/uploads\/2025\/12\/157.jpg 1000w, https:\/\/vanklaser.com\/wp-content\/uploads\/2025\/12\/157-300x261.jpg 300w, https:\/\/vanklaser.com\/wp-content\/uploads\/2025\/12\/157-768x668.jpg 768w\" sizes=\"auto, (max-width: 1000px) 100vw, 1000px\" \/><\/figure>\n\n\n\n<h2 class=\"wp-block-heading\">Almacenamiento y recuperaci\u00f3n de trabajos sin conexi\u00f3n<\/h2>\n\n\n\n<p class=\"wp-block-paragraph\">Los controladores Ruida pueden almacenar trabajos y ofrecen funciones de recuperaci\u00f3n tras una interrupci\u00f3n. El comportamiento al reanudar el trabajo depende del controlador, del archivo y del estado de la m\u00e1quina, por lo que el operador debe comprobar el estado de la m\u00e1quina, el material y el origen antes de reiniciar un trabajo.<\/p>\n\n\n\n<p class=\"wp-block-paragraph\">Los trabajos se pueden transferir mediante un dispositivo de almacenamiento USB, un cable USB o una conexi\u00f3n Ethernet por cable, dependiendo de la configuraci\u00f3n del controlador, y luego ejecutarse desde el panel sin necesidad de mantener conectado el ordenador de dise\u00f1o.<\/p>\n<\/div>\n<\/div>\n\n\n\n<p class=\"wp-block-paragraph\"><\/p>\n\n\n\n<h3 class=\"wp-block-heading\"><strong>\u00bfQu\u00e9 accesorios opcionales se adaptan a mi aplicaci\u00f3n?<\/strong><\/h3>\n\n\n\n<p class=\"wp-block-paragraph\">Los accesorios se seleccionan en funci\u00f3n de la altura, la forma, el material y los requisitos de colocaci\u00f3n de la pieza:<\/p>\n\n\n\n<ol class=\"wp-block-list\">\n<li>Mesa elevadora motorizada para piezas m\u00e1s altas y para dejar espacio libre por debajo de un dispositivo giratorio compatible.<\/li>\n\n\n\n<li>Opciones de posicionamiento con punto rojo y enfoque autom\u00e1tico para facilitar la configuraci\u00f3n; el enfoque final debe verificarse en el material real.<\/li>\n\n\n\n<li>Rotativa de rodillos para botellas, vasos y otras piezas cil\u00edndricas adecuadas, siempre que se respeten los l\u00edmites de di\u00e1metro y peso.<\/li>\n\n\n\n<li>Mordaza giratoria para piezas que requieren una sujeci\u00f3n firme; el tipo de mordaza y el espacio libre se adaptan a la pieza de trabajo.<\/li>\n<\/ol>\n\n\n\n<p class=\"wp-block-paragraph\"><\/p>\n\n\n\n<h2 class=\"wp-block-heading\">Preguntas frecuentes sobre la m\u00e1quina de grabado por l\u00e1ser de CO\u2082 1325<\/h2>\n\n\n\n<h3 class=\"wp-block-heading\"><\/h3>\n\n\n\n<h3 class=\"wp-block-heading\">1. <strong>El dibujo no se puede grabar o no est\u00e1 grabado con claridad:<\/strong><\/h3>\n\n\n\n<ul class=\"wp-block-list\">\n<li>La distancia focal del l\u00e1ser no est\u00e1 ajustada correctamente, por lo que es necesario ajustarla.<\/li>\n\n\n\n<li>La potencia de grabado es demasiado baja o la velocidad de grabado es demasiado alta. Es necesario ajustar la potencia de grabado seg\u00fan los par\u00e1metros del material.<\/li>\n\n\n\n<li>La imagen importada no es n\u00edtida o el procesamiento no es el adecuado. Comprueba si la imagen importada es n\u00edtida y si el procesamiento de la imagen es el adecuado.<\/li>\n\n\n\n<li>La m\u00e1quina de grabado no est\u00e1 nivelada y est\u00e1 inclinada. Comprueba si la m\u00e1quina de grabado est\u00e1 nivelada.<\/li>\n\n\n\n<li>Hay polvo o residuos en el orificio de salida del l\u00e1ser. Comprueba si hay polvo o residuos en el orificio del l\u00e1ser.<\/li>\n<\/ul>\n\n\n\n<p class=\"wp-block-paragraph\"><\/p>\n\n\n\n<h3 class=\"wp-block-heading\">2. <strong>Profundidad de grabado insuficiente o irregular:<\/strong><\/h3>\n\n\n\n<ul class=\"wp-block-list\">\n<li>La superficie del material es irregular o la potencia del l\u00e1ser est\u00e1 ajustada a un nivel demasiado bajo.<\/li>\n\n\n\n<li>Si la correa s\u00edncrona o alguna de sus piezas est\u00e1n desgastadas, limpia la lente o el tubo l\u00e1ser y sustituye las piezas desgastadas.<\/li>\n\n\n\n<li>Reduce la velocidad de grabado y aumenta la potencia del l\u00e1ser.<\/li>\n\n\n\n<li>Comprueba la ruta del archivo y restablece los par\u00e1metros del software.<\/li>\n<\/ul>\n\n\n\n<p class=\"wp-block-paragraph\">Si la causa no es evidente, a\u00edsle la m\u00e1quina y p\u00f3ngase en contacto con personal de mantenimiento cualificado. Las fuentes de alimentaci\u00f3n de l\u00e1ser de alta tensi\u00f3n y los tubos de CO\u2082 no deben ser sometidos a pruebas ni abiertos por operadores sin la formaci\u00f3n adecuada.<\/p>\n\n\n\n<p class=\"wp-block-paragraph\"><\/p>\n\n\n\n<h3 class=\"wp-block-heading\">3. <strong>Desviaci\u00f3n o desalineaci\u00f3n de la posici\u00f3n de corte\/grabado:<\/strong><\/h3>\n\n\n\n<ul class=\"wp-block-list\">\n<li>El contacto del cable del motor es deficiente o el controlador est\u00e1 defectuoso; sustituya el controlador o el cable del motor que est\u00e9 da\u00f1ado.<\/li>\n\n\n\n<li>El interruptor de fin de carrera est\u00e1 defectuoso o el sensor est\u00e1 sucio; limpia el interruptor de fin de carrera y comprueba la conexi\u00f3n del sensor.<\/li>\n\n\n\n<li>Interferencias electrost\u00e1ticas o una puesta a tierra deficiente: compruebe la puesta a tierra de la m\u00e1quina y elimine las interferencias.<\/li>\n\n\n\n<li><\/li>\n<\/ul>\n\n\n\n<p class=\"wp-block-paragraph\"><\/p>\n\n\n\n<h3 class=\"wp-block-heading\">4. <strong>No hay respuesta al encenderlo o se produce un reinicio an\u00f3malo:<\/strong><\/h3>\n\n\n\n<ul class=\"wp-block-list\">\n<li>No hay conexi\u00f3n el\u00e9ctrica y el interruptor de parada de emergencia no se ha restablecido. Comprueba el interruptor de alimentaci\u00f3n y el bot\u00f3n de parada de emergencia.<\/li>\n\n\n\n<li>La tarjeta de control est\u00e1 suelta o da\u00f1ada, o bien la placa base presenta un fallo. Comprueba la tarjeta de control.<\/li>\n<\/ul>\n\n\n\n<p class=\"wp-block-paragraph\"><\/p>\n\n\n\n<h3 class=\"wp-block-heading\">5. <strong>El software no puede conectarse o falla la transmisi\u00f3n de datos:<\/strong><\/h3>\n\n\n\n<ul class=\"wp-block-list\">\n<li>El cable de datos tiene un contacto deficiente; por favor, sustit\u00fayalo.<\/li>\n\n\n\n<li>La configuraci\u00f3n de los par\u00e1metros del software es incorrecta (por ejemplo, el puerto serie no coincide); reinstala el software.<\/li>\n\n\n\n<li>El sistema inform\u00e1tico o el controlador presentan un fallo; comprueba el controlador y actualiza el sistema operativo.<\/li>\n<\/ul>\n\n\n\n<p class=\"wp-block-paragraph\"><\/p>","protected":false},"excerpt":{"rendered":"<p>Large-Format CO2 Laser Applications 1325 CO2 laser cutting machine is a high-performance laser processing equipment, specifically designed for engraving and cutting non-metallic materials. Featuring a 1300 x 2500 mm worktable, it utilizes a CO2 laser to cut and engrave materials by vaporizing or melting them with a high-energy laser beam. Controlled by a CNC system, [&hellip;]<\/p>\n","protected":false},"author":1,"featured_media":0,"comment_status":"open","ping_status":"open","sticky":false,"template":"","format":"standard","meta":{"footnotes":""},"categories":[6],"tags":[],"class_list":["post-3600","post","type-post","status-publish","format-standard","hentry","category-advertising-industry"],"_links":{"self":[{"href":"https:\/\/vanklaser.com\/es\/wp-json\/wp\/v2\/posts\/3600","targetHints":{"allow":["GET"]}}],"collection":[{"href":"https:\/\/vanklaser.com\/es\/wp-json\/wp\/v2\/posts"}],"about":[{"href":"https:\/\/vanklaser.com\/es\/wp-json\/wp\/v2\/types\/post"}],"author":[{"embeddable":true,"href":"https:\/\/vanklaser.com\/es\/wp-json\/wp\/v2\/users\/1"}],"replies":[{"embeddable":true,"href":"https:\/\/vanklaser.com\/es\/wp-json\/wp\/v2\/comments?post=3600"}],"version-history":[{"count":20,"href":"https:\/\/vanklaser.com\/es\/wp-json\/wp\/v2\/posts\/3600\/revisions"}],"predecessor-version":[{"id":3647,"href":"https:\/\/vanklaser.com\/es\/wp-json\/wp\/v2\/posts\/3600\/revisions\/3647"}],"wp:attachment":[{"href":"https:\/\/vanklaser.com\/es\/wp-json\/wp\/v2\/media?parent=3600"}],"wp:term":[{"taxonomy":"category","embeddable":true,"href":"https:\/\/vanklaser.com\/es\/wp-json\/wp\/v2\/categories?post=3600"},{"taxonomy":"post_tag","embeddable":true,"href":"https:\/\/vanklaser.com\/es\/wp-json\/wp\/v2\/tags?post=3600"}],"curies":[{"name":"wp","href":"https:\/\/api.w.org\/{rel}","templated":true}]}}