{"id":2895,"date":"2026-04-01T02:00:13","date_gmt":"2026-04-01T02:00:13","guid":{"rendered":"https:\/\/vanklaser.com\/?p=2895"},"modified":"2026-07-29T23:26:42","modified_gmt":"2026-07-29T23:26:42","slug":"vanklaser-en-print-tech-sign-bangkok-tailandia-2","status":"publish","type":"post","link":"https:\/\/vanklaser.com\/es\/vanklaser-at-print-tech-signbangkok-thailand-2\/","title":{"rendered":"Vank Laser en PrintTech &amp; Signage Expo 2026: resumen del evento"},"content":{"rendered":"<div class=\"wp-block-columns is-layout-flex wp-container-core-columns-is-layout-8f761849 wp-block-columns-is-layout-flex\">\n<div class=\"wp-block-column is-layout-flow wp-block-column-is-layout-flow\"><div class=\"wp-block-image\">\n<figure class=\"aligncenter size-full is-resized\"><img loading=\"lazy\" decoding=\"async\" width=\"800\" height=\"450\" src=\"https:\/\/vanklaser.com\/wp-content\/uploads\/2026\/04\/1.jpg\" alt=\"El equipo de Vank Laser en la PrintTech &amp; Signage Expo 2026\" class=\"wp-image-2898\" style=\"width:840px;height:auto\" srcset=\"https:\/\/vanklaser.com\/wp-content\/uploads\/2026\/04\/1.jpg 800w, https:\/\/vanklaser.com\/wp-content\/uploads\/2026\/04\/1-300x169.jpg 300w, https:\/\/vanklaser.com\/wp-content\/uploads\/2026\/04\/1-768x432.jpg 768w, https:\/\/vanklaser.com\/wp-content\/uploads\/2026\/04\/1-18x10.jpg 18w\" sizes=\"auto, (max-width: 800px) 100vw, 800px\" \/><\/figure>\n<\/div>\n\n\n<p class=\"wp-block-paragraph\"><\/p>\n\n\n\n<p class=\"has-text-align-left wp-block-paragraph\">PrintTech &amp; Signage Expo 2026 \u00b7 26-29 de marzo de 2026<\/p>\n\n\n\n<p class=\"wp-block-paragraph\">Lugar: IMPACT Exhibition Center, pabellones 9-10, Muang Thong Thani, Bangkok, Tailandia<\/p>\n\n\n\n<p class=\"wp-block-paragraph\">Stand de Vank Laser: I17-I20<\/p>\n<\/div>\n<\/div>\n\n\n\n<p class=\"has-text-align-left wp-block-paragraph\">Esta galer\u00eda posterior al evento documenta al equipo de Vank Laser, el montaje del stand y los equipos de corte l\u00e1ser CO\u2082 para tejidos en PrintTech &amp; Signage Expo 2026 de Bangkok. Las fotograf\u00edas muestran la actividad y la instalaci\u00f3n, pero no acreditan cifras de visitantes, pedidos ni resultados de rendimiento.<\/p>\n\n\n\n<div class=\"wp-block-columns is-layout-flex wp-container-core-columns-is-layout-8f761849 wp-block-columns-is-layout-flex\">\n<div class=\"wp-block-column is-layout-flow wp-block-column-is-layout-flow\">\n<figure class=\"wp-block-image size-full\"><img loading=\"lazy\" decoding=\"async\" width=\"400\" height=\"400\" src=\"https:\/\/vanklaser.com\/wp-content\/uploads\/2026\/04\/10-2.jpg\" alt=\"Directorio de expositores y plano de la feria PrintTech &amp; Signage Expo 2026\" class=\"wp-image-2931\" srcset=\"https:\/\/vanklaser.com\/wp-content\/uploads\/2026\/04\/10-2.jpg 400w, https:\/\/vanklaser.com\/wp-content\/uploads\/2026\/04\/10-2-300x300.jpg 300w, https:\/\/vanklaser.com\/wp-content\/uploads\/2026\/04\/10-2-150x150.jpg 150w, https:\/\/vanklaser.com\/wp-content\/uploads\/2026\/04\/10-2-12x12.jpg 12w\" sizes=\"auto, (max-width: 400px) 100vw, 400px\" \/><\/figure>\n<\/div>\n\n\n\n<div class=\"wp-block-column is-layout-flow wp-block-column-is-layout-flow\">\n<figure class=\"wp-block-image size-full\"><img loading=\"lazy\" decoding=\"async\" width=\"400\" height=\"400\" src=\"https:\/\/vanklaser.com\/wp-content\/uploads\/2026\/04\/7-2.jpg\" alt=\"Entrada a la feria PrintTech &amp; Signage Expo 2026 en Bangkok\" class=\"wp-image-2925\" srcset=\"https:\/\/vanklaser.com\/wp-content\/uploads\/2026\/04\/7-2.jpg 400w, https:\/\/vanklaser.com\/wp-content\/uploads\/2026\/04\/7-2-300x300.jpg 300w, https:\/\/vanklaser.com\/wp-content\/uploads\/2026\/04\/7-2-150x150.jpg 150w, https:\/\/vanklaser.com\/wp-content\/uploads\/2026\/04\/7-2-12x12.jpg 12w\" sizes=\"auto, (max-width: 400px) 100vw, 400px\" \/><\/figure>\n<\/div>\n\n\n\n<div class=\"wp-block-column is-layout-flow wp-block-column-is-layout-flow\">\n<figure class=\"wp-block-image size-full\"><img loading=\"lazy\" decoding=\"async\" width=\"400\" height=\"400\" src=\"https:\/\/vanklaser.com\/wp-content\/uploads\/2026\/04\/5-2.jpg\" alt=\"Entrada exterior a los pabellones 9-12 del Centro de Exposiciones IMPACT\" class=\"wp-image-2927\" srcset=\"https:\/\/vanklaser.com\/wp-content\/uploads\/2026\/04\/5-2.jpg 400w, https:\/\/vanklaser.com\/wp-content\/uploads\/2026\/04\/5-2-300x300.jpg 300w, https:\/\/vanklaser.com\/wp-content\/uploads\/2026\/04\/5-2-150x150.jpg 150w, https:\/\/vanklaser.com\/wp-content\/uploads\/2026\/04\/5-2-12x12.jpg 12w\" sizes=\"auto, (max-width: 400px) 100vw, 400px\" \/><\/figure>\n<\/div>\n<\/div>\n\n\n\n<div class=\"wp-block-columns is-layout-flex wp-container-core-columns-is-layout-8f761849 wp-block-columns-is-layout-flex\">\n<div class=\"wp-block-column is-layout-flow wp-block-column-is-layout-flow\">\n<figure class=\"wp-block-image size-full\"><img loading=\"lazy\" decoding=\"async\" width=\"400\" height=\"400\" src=\"https:\/\/vanklaser.com\/wp-content\/uploads\/2026\/04\/3-2.jpg\" alt=\"Cortadora l\u00e1ser de tejido por CO\u2082 expuesta en el stand de Vank Laser\" class=\"wp-image-2928\" srcset=\"https:\/\/vanklaser.com\/wp-content\/uploads\/2026\/04\/3-2.jpg 400w, https:\/\/vanklaser.com\/wp-content\/uploads\/2026\/04\/3-2-300x300.jpg 300w, https:\/\/vanklaser.com\/wp-content\/uploads\/2026\/04\/3-2-150x150.jpg 150w, https:\/\/vanklaser.com\/wp-content\/uploads\/2026\/04\/3-2-12x12.jpg 12w\" sizes=\"auto, (max-width: 400px) 100vw, 400px\" \/><\/figure>\n<\/div>\n\n\n\n<div class=\"wp-block-column is-layout-flow wp-block-column-is-layout-flow\">\n<figure class=\"wp-block-image size-full\"><img loading=\"lazy\" decoding=\"async\" width=\"400\" height=\"400\" src=\"https:\/\/vanklaser.com\/wp-content\/uploads\/2026\/04\/1-5.jpg\" alt=\"Cortadora l\u00e1ser de tela Vank durante el montaje del stand\" class=\"wp-image-2932\" srcset=\"https:\/\/vanklaser.com\/wp-content\/uploads\/2026\/04\/1-5.jpg 400w, https:\/\/vanklaser.com\/wp-content\/uploads\/2026\/04\/1-5-300x300.jpg 300w, https:\/\/vanklaser.com\/wp-content\/uploads\/2026\/04\/1-5-150x150.jpg 150w, https:\/\/vanklaser.com\/wp-content\/uploads\/2026\/04\/1-5-12x12.jpg 12w\" sizes=\"auto, (max-width: 400px) 100vw, 400px\" \/><\/figure>\n<\/div>\n\n\n\n<div class=\"wp-block-column is-layout-flow wp-block-column-is-layout-flow\">\n<figure class=\"wp-block-image size-full\"><img loading=\"lazy\" decoding=\"async\" width=\"400\" height=\"400\" src=\"https:\/\/vanklaser.com\/wp-content\/uploads\/2026\/04\/4-3.jpg\" alt=\"Cortadora l\u00e1ser de tejido por CO\u2082 en funcionamiento en el stand de Bangkok\" class=\"wp-image-2929\" srcset=\"https:\/\/vanklaser.com\/wp-content\/uploads\/2026\/04\/4-3.jpg 400w, https:\/\/vanklaser.com\/wp-content\/uploads\/2026\/04\/4-3-300x300.jpg 300w, https:\/\/vanklaser.com\/wp-content\/uploads\/2026\/04\/4-3-150x150.jpg 150w, https:\/\/vanklaser.com\/wp-content\/uploads\/2026\/04\/4-3-12x12.jpg 12w\" sizes=\"auto, (max-width: 400px) 100vw, 400px\" \/><\/figure>\n<\/div>\n<\/div>\n\n\n\n<p class=\"wp-block-paragraph\">El equipo expuesto es relevante para flujos textiles, de confecci\u00f3n y de se\u00f1alizaci\u00f3n flexible. Los compradores deben verificar en la oferta final el modelo exacto, \u00e1rea de trabajo, potencia l\u00e1ser, cabezales, c\u00e1mara o transportador, extracci\u00f3n, software, requisitos el\u00e9ctricos y resultados de muestras.<\/p>\n\n\n\n<p class=\"wp-block-paragraph\">Gracias a los visitantes y socios que se reunieron con el equipo de Vank Laser en Bangkok. Contacte con nosotros para revisar la configuraci\u00f3n expuesta, solicitar pruebas de material o preparar una oferta seg\u00fan sus requisitos de producci\u00f3n.<\/p>\n\n\n\n<div class=\"wp-block-columns is-layout-flex wp-container-core-columns-is-layout-8f761849 wp-block-columns-is-layout-flex\">\n<div class=\"wp-block-column is-layout-flow wp-block-column-is-layout-flow\">\n<figure class=\"wp-block-image size-full\"><a href=\"https:\/\/vanklaser.com\/es\/categoria\/productos\/industria-textil-de-la-confeccion\/\"><img loading=\"lazy\" decoding=\"async\" width=\"1000\" height=\"1000\" src=\"https:\/\/vanklaser.com\/wp-content\/uploads\/2025\/12\/15.jpg\" alt=\"M\u00e1quina de corte por l\u00e1ser de tela para cintas transportadoras de doble cabezal VK-1820\" class=\"wp-image-2507\" srcset=\"https:\/\/vanklaser.com\/wp-content\/uploads\/2025\/12\/15.jpg 1000w, https:\/\/vanklaser.com\/wp-content\/uploads\/2025\/12\/15-300x300.jpg 300w, https:\/\/vanklaser.com\/wp-content\/uploads\/2025\/12\/15-150x150.jpg 150w, https:\/\/vanklaser.com\/wp-content\/uploads\/2025\/12\/15-768x768.jpg 768w\" sizes=\"auto, (max-width: 1000px) 100vw, 1000px\" \/><\/a><\/figure>\n\n\n\n<p class=\"has-text-align-center wp-block-paragraph\">M\u00e1quina de corte l\u00e1ser para tejidos 1820 de doble cabezal<\/p>\n<\/div>\n<\/div>\n\n\n\n<p class=\"wp-block-paragraph\"><\/p>\n\n\n<p><iframe loading=\"lazy\" title=\"Demostraci\u00f3n de la m\u00e1quina de corte por l\u00e1ser de tejido de doble cabezal 1820\" src=\"https:\/\/www.youtube.com\/embed\/Wmp-rIz0WOs?si=MApkThjoqs0ftiv6\" width=\"1920\" height=\"700\" frameborder=\"0\" allowfullscreen=\"allowfullscreen\"><\/iframe><\/p>\n\n\n<p class=\"wp-block-paragraph\"><\/p>","protected":false},"excerpt":{"rendered":"<p>PrintTech &#038; Signage Expo 2026 \u00b7 26-29 March 2026 Venue: IMPACT Exhibition Center, Halls 9-10, Muang Thong Thani, Bangkok, Thailand Vank Laser booth: I17-I20 This post-show gallery documents the Vank Laser team, booth setup and CO2 fabric laser cutting equipment at PrintTech &#038; Signage Expo 2026 in Bangkok. The photographs show exhibition activity and installation; [&hellip;]<\/p>\n","protected":false},"author":1,"featured_media":0,"comment_status":"open","ping_status":"open","sticky":false,"template":"","format":"standard","meta":{"footnotes":""},"categories":[3],"tags":[],"class_list":["post-2895","post","type-post","status-publish","format-standard","hentry","category-news"],"_links":{"self":[{"href":"https:\/\/vanklaser.com\/es\/wp-json\/wp\/v2\/posts\/2895","targetHints":{"allow":["GET"]}}],"collection":[{"href":"https:\/\/vanklaser.com\/es\/wp-json\/wp\/v2\/posts"}],"about":[{"href":"https:\/\/vanklaser.com\/es\/wp-json\/wp\/v2\/types\/post"}],"author":[{"embeddable":true,"href":"https:\/\/vanklaser.com\/es\/wp-json\/wp\/v2\/users\/1"}],"replies":[{"embeddable":true,"href":"https:\/\/vanklaser.com\/es\/wp-json\/wp\/v2\/comments?post=2895"}],"version-history":[{"count":11,"href":"https:\/\/vanklaser.com\/es\/wp-json\/wp\/v2\/posts\/2895\/revisions"}],"predecessor-version":[{"id":3564,"href":"https:\/\/vanklaser.com\/es\/wp-json\/wp\/v2\/posts\/2895\/revisions\/3564"}],"wp:attachment":[{"href":"https:\/\/vanklaser.com\/es\/wp-json\/wp\/v2\/media?parent=2895"}],"wp:term":[{"taxonomy":"category","embeddable":true,"href":"https:\/\/vanklaser.com\/es\/wp-json\/wp\/v2\/categories?post=2895"},{"taxonomy":"post_tag","embeddable":true,"href":"https:\/\/vanklaser.com\/es\/wp-json\/wp\/v2\/tags?post=2895"}],"curies":[{"name":"wp","href":"https:\/\/api.w.org\/{rel}","templated":true}]}}