{"id":2856,"date":"2026-03-30T06:59:31","date_gmt":"2026-03-30T06:59:31","guid":{"rendered":"https:\/\/vanklaser.com\/?p=2856"},"modified":"2026-07-29T17:14:14","modified_gmt":"2026-07-29T17:14:14","slug":"vankcut-co2-laser-cortadora-de-tela-con-auto-alimentacion-multi-cabezales-lija-cortadora","status":"publish","type":"post","link":"https:\/\/vanklaser.com\/es\/vankcut-co2-laser-fabric-cutter-with-auto-feeding-multi-heads-sandpaper-cutter\/","title":{"rendered":"Cortadora l\u00e1ser CO\u2082 de 8 cabezales para textiles y abrasivos"},"content":{"rendered":"<h2 class=\"wp-block-heading\">Cortadora l\u00e1ser CO\u2082 de 8 cabezales con alimentaci\u00f3n autom\u00e1tica para textiles y abrasivos revestidos<\/h2>\n\n\n\n<p class=\"wp-block-paragraph\">Este sistema de material en rollo con m\u00faltiples cabezales utiliza hasta ocho cabezales de corte por CO\u2082 a lo largo de una cinta transportadora compartida para procesar patrones repetidos en paralelo. Est\u00e1 dise\u00f1ado para textiles homologados y abrasivos recubiertos cuya seguridad para el l\u00e1ser haya sido confirmada por el fabricante. El aumento del rendimiento depende de la separaci\u00f3n entre cabezales, la disposici\u00f3n del patr\u00f3n, el ancho del material, la aceleraci\u00f3n y el tiempo de alimentaci\u00f3n; ocho cabezales no garantizan un rendimiento ocho veces mayor. Un sistema opcional de correcci\u00f3n de desviaci\u00f3n supervisa el seguimiento del rollo y ayuda a mantener alineados los soportes flexibles durante la alimentaci\u00f3n indexada. Los abrasivos recubiertos suelen contener adhesivos o aglutinantes patentados, por lo que es necesario consultar la ficha de datos de seguridad (FDS) vigente y obtener la autorizaci\u00f3n del fabricante; nunca se deben procesar con l\u00e1ser productos que contengan resinas epoxi o fen\u00f3licas, PVC, PTFE u otros materiales halogenados.<\/p>\n\n\n\n<p class=\"wp-block-paragraph\"><\/p>\n\n\n\n<p class=\"wp-block-paragraph\">Ventajas de producci\u00f3n para los materiales de bobina homologados<\/p>\n\n\n\n<p class=\"wp-block-paragraph\">Corte de contorno de precisi\u00f3n y perforaci\u00f3n sin troquel f\u00edsico<\/p>\n\n\n\n<p class=\"wp-block-paragraph\">Procesamiento paralelo de piezas repetidas con espaciado entre cabezales ajustable<\/p>\n\n\n\n<p class=\"wp-block-paragraph\">Adecuado para tiradas cortas, pedidos mixtos y producci\u00f3n estandarizada<\/p>\n\n\n\n<p class=\"wp-block-paragraph\">No se produce desgaste de las herramientas de corte; los componentes \u00f3pticos, las lamas y los filtros siguen siendo consumibles programados.<\/p>\n\n\n\n<div class=\"wp-block-columns is-layout-flex wp-container-core-columns-is-layout-8f761849 wp-block-columns-is-layout-flex\">\n<div class=\"wp-block-column is-layout-flow wp-block-column-is-layout-flow\">\n<div class=\"wp-block-columns is-layout-flex wp-container-core-columns-is-layout-8f761849 wp-block-columns-is-layout-flex\">\n<div class=\"wp-block-column is-layout-flow wp-block-column-is-layout-flow\">\n<figure class=\"wp-block-image size-full\"><img loading=\"lazy\" decoding=\"async\" width=\"400\" height=\"400\" src=\"https:\/\/vanklaser.com\/wp-content\/uploads\/2026\/03\/2.jpg\" alt=\"Posavasos de madera grabados con l\u00e1ser con corte circular\" class=\"wp-image-2858\" srcset=\"https:\/\/vanklaser.com\/wp-content\/uploads\/2026\/03\/2.jpg 400w, https:\/\/vanklaser.com\/wp-content\/uploads\/2026\/03\/2-300x300.jpg 300w, https:\/\/vanklaser.com\/wp-content\/uploads\/2026\/03\/2-150x150.jpg 150w, https:\/\/vanklaser.com\/wp-content\/uploads\/2026\/03\/2-12x12.jpg 12w\" sizes=\"auto, (max-width: 400px) 100vw, 400px\" \/><\/figure>\n<\/div>\n\n\n\n<div class=\"wp-block-column is-layout-flow wp-block-column-is-layout-flow\">\n<figure class=\"wp-block-image size-full\"><img loading=\"lazy\" decoding=\"async\" width=\"400\" height=\"400\" src=\"https:\/\/vanklaser.com\/wp-content\/uploads\/2026\/03\/3.jpg\" alt=\"Piezas textiles estampadas cortadas para la confecci\u00f3n de prendas de vestir\" class=\"wp-image-2859\" srcset=\"https:\/\/vanklaser.com\/wp-content\/uploads\/2026\/03\/3.jpg 400w, https:\/\/vanklaser.com\/wp-content\/uploads\/2026\/03\/3-300x300.jpg 300w, https:\/\/vanklaser.com\/wp-content\/uploads\/2026\/03\/3-150x150.jpg 150w, https:\/\/vanklaser.com\/wp-content\/uploads\/2026\/03\/3-12x12.jpg 12w\" sizes=\"auto, (max-width: 400px) 100vw, 400px\" \/><\/figure>\n<\/div>\n<\/div>\n<\/div>\n\n\n\n<div class=\"wp-block-column is-layout-flow wp-block-column-is-layout-flow\">\n<div class=\"wp-block-columns is-layout-flex wp-container-core-columns-is-layout-8f761849 wp-block-columns-is-layout-flex\">\n<div class=\"wp-block-column is-layout-flow wp-block-column-is-layout-flow\">\n<figure class=\"wp-block-image size-full\"><img loading=\"lazy\" decoding=\"async\" width=\"400\" height=\"400\" src=\"https:\/\/vanklaser.com\/wp-content\/uploads\/2026\/03\/4.jpg\" alt=\"Disco abrasivo recubierto de color marr\u00f3n con orificio central\" class=\"wp-image-2860\" srcset=\"https:\/\/vanklaser.com\/wp-content\/uploads\/2026\/03\/4.jpg 400w, https:\/\/vanklaser.com\/wp-content\/uploads\/2026\/03\/4-300x300.jpg 300w, https:\/\/vanklaser.com\/wp-content\/uploads\/2026\/03\/4-150x150.jpg 150w, https:\/\/vanklaser.com\/wp-content\/uploads\/2026\/03\/4-12x12.jpg 12w\" sizes=\"auto, (max-width: 400px) 100vw, 400px\" \/><\/figure>\n<\/div>\n\n\n\n<div class=\"wp-block-column is-layout-flow wp-block-column-is-layout-flow\">\n<figure class=\"wp-block-image size-full\"><img loading=\"lazy\" decoding=\"async\" width=\"400\" height=\"400\" src=\"https:\/\/vanklaser.com\/wp-content\/uploads\/2026\/03\/5.jpg\" alt=\"Disco de lijado morado con patr\u00f3n de perforaciones cortado con l\u00e1ser\" class=\"wp-image-2861\" srcset=\"https:\/\/vanklaser.com\/wp-content\/uploads\/2026\/03\/5.jpg 400w, https:\/\/vanklaser.com\/wp-content\/uploads\/2026\/03\/5-300x300.jpg 300w, https:\/\/vanklaser.com\/wp-content\/uploads\/2026\/03\/5-150x150.jpg 150w, https:\/\/vanklaser.com\/wp-content\/uploads\/2026\/03\/5-12x12.jpg 12w\" sizes=\"auto, (max-width: 400px) 100vw, 400px\" \/><\/figure>\n<\/div>\n<\/div>\n<\/div>\n<\/div>\n\n\n\n<div class=\"wp-block-columns is-layout-flex wp-container-core-columns-is-layout-8f761849 wp-block-columns-is-layout-flex\">\n<div class=\"wp-block-column is-layout-flow wp-block-column-is-layout-flow\">\n<div class=\"wp-block-columns is-layout-flex wp-container-core-columns-is-layout-8f761849 wp-block-columns-is-layout-flex\">\n<div class=\"wp-block-column is-layout-flow wp-block-column-is-layout-flow\">\n<figure class=\"wp-block-image size-full\"><img loading=\"lazy\" decoding=\"async\" width=\"400\" height=\"400\" src=\"https:\/\/vanklaser.com\/wp-content\/uploads\/2026\/03\/2-2.jpg\" alt=\"Componentes textiles para peluches destinados al corte por lotes\" class=\"wp-image-2872\" srcset=\"https:\/\/vanklaser.com\/wp-content\/uploads\/2026\/03\/2-2.jpg 400w, https:\/\/vanklaser.com\/wp-content\/uploads\/2026\/03\/2-2-300x300.jpg 300w, https:\/\/vanklaser.com\/wp-content\/uploads\/2026\/03\/2-2-150x150.jpg 150w, https:\/\/vanklaser.com\/wp-content\/uploads\/2026\/03\/2-2-12x12.jpg 12w\" sizes=\"auto, (max-width: 400px) 100vw, 400px\" \/><\/figure>\n<\/div>\n\n\n\n<div class=\"wp-block-column is-layout-flow wp-block-column-is-layout-flow\">\n<figure class=\"wp-block-image size-full\"><img loading=\"lazy\" decoding=\"async\" width=\"400\" height=\"400\" src=\"https:\/\/vanklaser.com\/wp-content\/uploads\/2026\/03\/3-1.jpg\" alt=\"Hoja con emblemas y parches impresos para corte de contorno\" class=\"wp-image-2873\" srcset=\"https:\/\/vanklaser.com\/wp-content\/uploads\/2026\/03\/3-1.jpg 400w, https:\/\/vanklaser.com\/wp-content\/uploads\/2026\/03\/3-1-300x300.jpg 300w, https:\/\/vanklaser.com\/wp-content\/uploads\/2026\/03\/3-1-150x150.jpg 150w, https:\/\/vanklaser.com\/wp-content\/uploads\/2026\/03\/3-1-12x12.jpg 12w\" sizes=\"auto, (max-width: 400px) 100vw, 400px\" \/><\/figure>\n<\/div>\n<\/div>\n<\/div>\n\n\n\n<div class=\"wp-block-column is-layout-flow wp-block-column-is-layout-flow\">\n<div class=\"wp-block-columns is-layout-flex wp-container-core-columns-is-layout-8f761849 wp-block-columns-is-layout-flex\">\n<div class=\"wp-block-column is-layout-flow wp-block-column-is-layout-flow\">\n<figure class=\"wp-block-image size-full\"><img loading=\"lazy\" decoding=\"async\" width=\"400\" height=\"400\" src=\"https:\/\/vanklaser.com\/wp-content\/uploads\/2026\/03\/4-1.jpg\" alt=\"Etiqueta textil tejida cortada a partir de material en rollo\" class=\"wp-image-2876\" srcset=\"https:\/\/vanklaser.com\/wp-content\/uploads\/2026\/03\/4-1.jpg 400w, https:\/\/vanklaser.com\/wp-content\/uploads\/2026\/03\/4-1-300x300.jpg 300w, https:\/\/vanklaser.com\/wp-content\/uploads\/2026\/03\/4-1-150x150.jpg 150w, https:\/\/vanklaser.com\/wp-content\/uploads\/2026\/03\/4-1-12x12.jpg 12w\" sizes=\"auto, (max-width: 400px) 100vw, 400px\" \/><\/figure>\n<\/div>\n\n\n\n<div class=\"wp-block-column is-layout-flow wp-block-column-is-layout-flow\">\n<figure class=\"wp-block-image size-full\"><img loading=\"lazy\" decoding=\"async\" width=\"400\" height=\"400\" src=\"https:\/\/vanklaser.com\/wp-content\/uploads\/2026\/03\/5-2.jpg\" alt=\"Componentes de la parte superior de un calzado deportivo cortados a partir de tejido\" class=\"wp-image-2875\" srcset=\"https:\/\/vanklaser.com\/wp-content\/uploads\/2026\/03\/5-2.jpg 400w, https:\/\/vanklaser.com\/wp-content\/uploads\/2026\/03\/5-2-300x300.jpg 300w, https:\/\/vanklaser.com\/wp-content\/uploads\/2026\/03\/5-2-150x150.jpg 150w, https:\/\/vanklaser.com\/wp-content\/uploads\/2026\/03\/5-2-12x12.jpg 12w\" sizes=\"auto, (max-width: 400px) 100vw, 400px\" \/><\/figure>\n<\/div>\n<\/div>\n<\/div>\n<\/div>\n\n\n\n<h2 class=\"wp-block-heading\">Especificaciones de la m\u00e1quina<\/h2>\n\n\n\n<figure class=\"wp-block-table\"><table class=\"has-fixed-layout\"><thead><tr><th class=\"has-text-align-left\" data-align=\"left\"><strong>Modelo<\/strong><\/th><th class=\"has-text-align-left\" data-align=\"left\"><strong>Cortadora de CO\u2082 de 8 cabezales con alimentaci\u00f3n autom\u00e1tica Vank<\/strong><\/th><\/tr><\/thead><tbody><tr><td class=\"has-text-align-left\" data-align=\"left\"><strong>Potencia l\u00e1ser<\/strong><\/td><td class=\"has-text-align-left\" data-align=\"left\">100 \/ 120 \/ 150 \/ 180 \/ 200 \/ 300 W por tubo configurado; confirma la disposici\u00f3n<\/td><\/tr><tr><td class=\"has-text-align-left\" data-align=\"left\"><strong>\u00c1rea de trabajo<\/strong><\/td><td class=\"has-text-align-left\" data-align=\"left\">1800 x 1200 \/ 1800 x 2000 mm<\/td><\/tr><tr><td class=\"has-text-align-left\" data-align=\"left\"><strong>Tipo de refrigeraci\u00f3n<\/strong><\/td><td class=\"has-text-align-left\" data-align=\"left\">Refrigeraci\u00f3n por agua; enfriador y circuitos adaptados al n\u00famero de tubos<\/td><\/tr><tr><td class=\"has-text-align-left\" data-align=\"left\"><strong>Velocidad m\u00e1xima de desplazamiento<\/strong><\/td><td class=\"has-text-align-left\" data-align=\"left\">Hasta 1200 mm\/s; la velocidad de corte verificada depende del material<\/td><\/tr><tr><td class=\"has-text-align-left\" data-align=\"left\"><strong>Control de salida del l\u00e1ser<\/strong><\/td><td class=\"has-text-align-left\" data-align=\"left\">Configuraci\u00f3n del software 0-100%; el rango de uso depende del tubo y del proceso<\/td><\/tr><tr><td class=\"has-text-align-left\" data-align=\"left\"><strong>Mesa de trabajo<\/strong><\/td><td class=\"has-text-align-left\" data-align=\"left\">Transportador de alimentaci\u00f3n autom\u00e1tica indexada<\/td><\/tr><tr><td class=\"has-text-align-left\" data-align=\"left\"><strong>Controlador<\/strong><\/td><td class=\"has-text-align-left\" data-align=\"left\">Ruida DSP; modelo exacto y configuraci\u00f3n multicabezal confirmados en el presupuesto<\/td><\/tr><tr><td class=\"has-text-align-left\" data-align=\"left\"><strong>Formatos de archivo habituales<\/strong><\/td><td class=\"has-text-align-left\" data-align=\"left\">AI, PDF, SVG, DXF, PLT, PNG, JPG y BMP; depende del software<\/td><\/tr><tr><td class=\"has-text-align-left\" data-align=\"left\"><strong>Flujo de trabajo de dise\u00f1o y control<\/strong><\/td><td class=\"has-text-align-left\" data-align=\"left\">LightBurn o el software de dise\u00f1o RDWorks Plus; la compatibilidad depende del controlador y de la versi\u00f3n<\/td><\/tr><tr><td class=\"has-text-align-left\" data-align=\"left\"><strong>Entorno de trabajo<\/strong><\/td><td class=\"has-text-align-left\" data-align=\"left\">0-45 \u00b0C; 5-95% de humedad relativa, sin condensaci\u00f3n<\/td><\/tr><tr><td class=\"has-text-align-left\" data-align=\"left\"><strong>Requisitos de potencia<\/strong><\/td><td class=\"has-text-align-left\" data-align=\"left\">Depende de la instalaci\u00f3n; comprueba la tensi\u00f3n, la fase, la frecuencia y la carga conectada<\/td><\/tr><\/tbody><\/table><\/figure>\n\n\n\n<h2 class=\"wp-block-heading has-text-align-center\">L\u00ednea de corte l\u00e1ser CO\u2082 de 8 cabezales<\/h2>\n\n\n\n<p class=\"has-text-align-center wp-block-paragraph\">La producci\u00f3n en paralelo debe ponerse en marcha mediante una prueba programada en f\u00e1brica, utilizando el material y el archivo de anidamiento aprobados por el cliente. El retorno de la inversi\u00f3n depende de la composici\u00f3n de los pedidos, la utilizaci\u00f3n de la maquinaria, la mano de obra, los consumibles, la extracci\u00f3n, el mantenimiento y los costes operativos locales, por lo que no se garantiza un plazo de amortizaci\u00f3n fijo.<\/p>\n\n\n\n<p class=\"wp-block-paragraph\"><\/p>\n\n\n<p><iframe loading=\"lazy\" title=\"M\u00e1quina de corte l\u00e1ser de tela\" src=\"https:\/\/www.youtube.com\/embed\/PnwJvpKSUcA?si=sdbdKYPoVKej15oz\" width=\"1920\" height=\"700\" frameborder=\"0\" allowfullscreen=\"allowfullscreen\"><\/iframe><\/p>\n\n\n<h2 class=\"wp-block-heading\">Sistemas de producci\u00f3n b\u00e1sicos<\/h2>\n\n\n\n<p class=\"wp-block-paragraph\">La cinta transportadora, el alimentador de bobinas, el conjunto de cabezales, el sistema de movimiento, el control Ruida, el enfriador y el sistema de extracci\u00f3n deben funcionar como una \u00fanica l\u00ednea configurada. El anidamiento puede reducir los recortes cuando el software y la geometr\u00eda del patr\u00f3n lo permiten, mientras que el operario sigue siendo responsable de la aprobaci\u00f3n del material, la carga de las bobinas, la configuraci\u00f3n del trabajo y la supervisi\u00f3n continua.<\/p>\n\n\n\n<p class=\"wp-block-paragraph\"><\/p>\n\n\n\n<div class=\"wp-block-media-text is-stacked-on-mobile\"><figure class=\"wp-block-media-text__media\"><img loading=\"lazy\" decoding=\"async\" width=\"1000\" height=\"870\" src=\"https:\/\/vanklaser.com\/wp-content\/uploads\/2026\/03\/1-1.jpg\" alt=\"Transportador de alimentaci\u00f3n autom\u00e1tica indexada para materiales en rollo\" class=\"wp-image-2870 size-full\" srcset=\"https:\/\/vanklaser.com\/wp-content\/uploads\/2026\/03\/1-1.jpg 1000w, https:\/\/vanklaser.com\/wp-content\/uploads\/2026\/03\/1-1-300x261.jpg 300w, https:\/\/vanklaser.com\/wp-content\/uploads\/2026\/03\/1-1-768x668.jpg 768w, https:\/\/vanklaser.com\/wp-content\/uploads\/2026\/03\/1-1-14x12.jpg 14w\" sizes=\"auto, (max-width: 1000px) 100vw, 1000px\" \/><\/figure><div class=\"wp-block-media-text__content\">\n<h2 class=\"wp-block-heading\">Transportador de alimentaci\u00f3n autom\u00e1tica indexada<\/h2>\n\n\n\n<p class=\"wp-block-paragraph\">El alimentador hace avanzar el material en rollo hacia la cinta transportadora tras cada secci\u00f3n de corte. El ancho, el di\u00e1metro, el peso, la tensi\u00f3n y la fricci\u00f3n superficial del rollo deben ajustarse a la estructura y a la cinta transportadora para que el material se mantenga plano y se consiga una repetibilidad \u00f3ptima.<\/p>\n<\/div><\/div>\n\n\n\n<div class=\"wp-block-media-text has-media-on-the-right is-stacked-on-mobile\"><div class=\"wp-block-media-text__content\">\n<h2 class=\"wp-block-heading\">Conjunto ajustable de m\u00faltiples cabezales<\/h2>\n\n\n\n<p class=\"wp-block-paragraph\">Se pueden distribuir hasta ocho cabezales de CO\u2082 para crear patrones repetidos a lo largo del ancho del material. El posicionamiento mediante punto rojo puede facilitar la configuraci\u00f3n, mientras que la alineaci\u00f3n por espejo, el enfoque y la calibraci\u00f3n entre cabezales deben ser realizados por personal cualificado y verificados con una muestra de producci\u00f3n.<\/p>\n<\/div><figure class=\"wp-block-media-text__media\"><img loading=\"lazy\" decoding=\"async\" width=\"1000\" height=\"870\" src=\"https:\/\/vanklaser.com\/wp-content\/uploads\/2026\/03\/1-6.jpg\" alt=\"Matriz de corte por l\u00e1ser de CO\u2082 de m\u00faltiples cabezales ajustable\" class=\"wp-image-2884 size-full\" srcset=\"https:\/\/vanklaser.com\/wp-content\/uploads\/2026\/03\/1-6.jpg 1000w, https:\/\/vanklaser.com\/wp-content\/uploads\/2026\/03\/1-6-300x261.jpg 300w, https:\/\/vanklaser.com\/wp-content\/uploads\/2026\/03\/1-6-768x668.jpg 768w, https:\/\/vanklaser.com\/wp-content\/uploads\/2026\/03\/1-6-14x12.jpg 14w\" sizes=\"auto, (max-width: 1000px) 100vw, 1000px\" \/><\/figure><\/div>\n\n\n\n<div class=\"wp-block-media-text is-stacked-on-mobile\"><figure class=\"wp-block-media-text__media\"><img loading=\"lazy\" decoding=\"async\" width=\"1000\" height=\"870\" src=\"https:\/\/vanklaser.com\/wp-content\/uploads\/2025\/12\/1-57.jpg\" alt=\"Bandeja de alimentaci\u00f3n de bobinas con correcci\u00f3n de desviaci\u00f3n\" class=\"wp-image-2318 size-full\" srcset=\"https:\/\/vanklaser.com\/wp-content\/uploads\/2025\/12\/1-57.jpg 1000w, https:\/\/vanklaser.com\/wp-content\/uploads\/2025\/12\/1-57-300x261.jpg 300w, https:\/\/vanklaser.com\/wp-content\/uploads\/2025\/12\/1-57-768x668.jpg 768w\" sizes=\"auto, (max-width: 1000px) 100vw, 1000px\" \/><\/figure><div class=\"wp-block-media-text__content\">\n<h2 class=\"wp-block-heading\">Bastidor de alimentaci\u00f3n opcional con correcci\u00f3n de desviaci\u00f3n<\/h2>\n\n\n\n<p class=\"wp-block-paragraph\">Los sensores pueden detectar la desviaci\u00f3n del rollo y corregir la trayectoria de alimentaci\u00f3n antes de la siguiente secci\u00f3n indexada. Esto ayuda a reducir el desplazamiento acumulado en los soportes flexibles, pero no sustituye a una correcta carga del rollo, al ajuste de la tensi\u00f3n ni a las pruebas de registro.<\/p>\n<\/div><\/div>\n\n\n\n<p class=\"wp-block-paragraph\"><\/p>\n\n\n\n<h2 class=\"wp-block-heading\">Accesorios de refrigeraci\u00f3n, asistencia de aire y extracci\u00f3n<\/h2>\n\n\n\n<div class=\"wp-block-columns is-layout-flex wp-container-core-columns-is-layout-8f761849 wp-block-columns-is-layout-flex\">\n<div class=\"wp-block-column is-layout-flow wp-block-column-is-layout-flow\">\n<div class=\"wp-block-columns is-layout-flex wp-container-core-columns-is-layout-8f761849 wp-block-columns-is-layout-flex\">\n<div class=\"wp-block-column is-layout-flow wp-block-column-is-layout-flow\">\n<figure class=\"wp-block-image size-full\"><img loading=\"lazy\" decoding=\"async\" width=\"500\" height=\"342\" src=\"https:\/\/vanklaser.com\/wp-content\/uploads\/2025\/12\/97-2.jpg\" alt=\"Enfriador de agua industrial S&amp;A para tubos l\u00e1ser de CO\u2082\" class=\"wp-image-1505\" srcset=\"https:\/\/vanklaser.com\/wp-content\/uploads\/2025\/12\/97-2.jpg 500w, https:\/\/vanklaser.com\/wp-content\/uploads\/2025\/12\/97-2-300x205.jpg 300w\" sizes=\"auto, (max-width: 500px) 100vw, 500px\" \/><\/figure>\n\n\n\n<p class=\"has-text-align-center wp-block-paragraph\">Enfriador de agua industrial de S&amp;A dimensionado para la configuraci\u00f3n de tubo l\u00e1ser seleccionada<\/p>\n<\/div>\n\n\n\n<div class=\"wp-block-column is-layout-flow wp-block-column-is-layout-flow\">\n<figure class=\"wp-block-image size-full\"><img loading=\"lazy\" decoding=\"async\" width=\"500\" height=\"342\" src=\"https:\/\/vanklaser.com\/wp-content\/uploads\/2025\/12\/98-2.jpg\" alt=\"Bomba asistida por aire para el corte por l\u00e1ser de CO\u2082 de m\u00faltiples cabezales\" class=\"wp-image-1506\" srcset=\"https:\/\/vanklaser.com\/wp-content\/uploads\/2025\/12\/98-2.jpg 500w, https:\/\/vanklaser.com\/wp-content\/uploads\/2025\/12\/98-2-300x205.jpg 300w\" sizes=\"auto, (max-width: 500px) 100vw, 500px\" \/><\/figure>\n\n\n\n<p class=\"has-text-align-center wp-block-paragraph\">Bomba de aire o paquete de asistencia neum\u00e1tica regulada adaptado al material y al n\u00famero de trabajadores<\/p>\n<\/div>\n<\/div>\n<\/div>\n\n\n\n<div class=\"wp-block-column is-layout-flow wp-block-column-is-layout-flow\">\n<div class=\"wp-block-columns is-layout-flex wp-container-core-columns-is-layout-8f761849 wp-block-columns-is-layout-flex\">\n<div class=\"wp-block-column is-layout-flow wp-block-column-is-layout-flow\">\n<figure class=\"wp-block-image size-full\"><img loading=\"lazy\" decoding=\"async\" width=\"500\" height=\"342\" src=\"https:\/\/vanklaser.com\/wp-content\/uploads\/2025\/12\/99-2.jpg\" alt=\"Ventilador de extracci\u00f3n para la eliminaci\u00f3n de humos y part\u00edculas\" class=\"wp-image-1507\" srcset=\"https:\/\/vanklaser.com\/wp-content\/uploads\/2025\/12\/99-2.jpg 500w, https:\/\/vanklaser.com\/wp-content\/uploads\/2025\/12\/99-2-300x205.jpg 300w\" sizes=\"auto, (max-width: 500px) 100vw, 500px\" \/><\/figure>\n\n\n\n<p class=\"has-text-align-center wp-block-paragraph\">Conexiones del ventilador de extracci\u00f3n y de los conductos dimensionadas para los humos y las part\u00edculas del proceso<\/p>\n<\/div>\n\n\n\n<div class=\"wp-block-column is-layout-flow wp-block-column-is-layout-flow\">\n<figure class=\"wp-block-image size-full\"><img loading=\"lazy\" decoding=\"async\" width=\"500\" height=\"342\" src=\"https:\/\/vanklaser.com\/wp-content\/uploads\/2026\/03\/1-4.jpg\" alt=\"Tubo l\u00e1ser de CO\u2082 de vidrio para el sistema de corte de m\u00faltiples cabezales\" class=\"wp-image-2879\" srcset=\"https:\/\/vanklaser.com\/wp-content\/uploads\/2026\/03\/1-4.jpg 500w, https:\/\/vanklaser.com\/wp-content\/uploads\/2026\/03\/1-4-300x205.jpg 300w, https:\/\/vanklaser.com\/wp-content\/uploads\/2026\/03\/1-4-18x12.jpg 18w\" sizes=\"auto, (max-width: 500px) 100vw, 500px\" \/><\/figure>\n\n\n\n<p class=\"has-text-align-center wp-block-paragraph\">Tubos de l\u00e1ser de CO\u2082 de vidrio con fuentes de alimentaci\u00f3n y circuitos de refrigeraci\u00f3n adaptados<\/p>\n<\/div>\n<\/div>\n<\/div>\n<\/div>\n\n\n\n<p class=\"wp-block-paragraph\"><\/p>\n\n\n\n<h2 class=\"wp-block-heading\">Puesta en servicio y mantenimiento preventivo<\/h2>\n\n\n\n<p class=\"wp-block-paragraph\">La instalaci\u00f3n debe realizarse siguiendo el esquema de f\u00e1brica, los planos el\u00e9ctricos y los manuales para garantizar la configuraci\u00f3n exacta. Antes de la puesta en servicio, deben estar preparados el suministro el\u00e9ctrico de la obra, la toma de tierra de protecci\u00f3n, la enfriadora, el sistema de asistencia neum\u00e1tica, el sistema de extracci\u00f3n, las medidas de prevenci\u00f3n de incendios y el espacio para la manipulaci\u00f3n de bobinas.<\/p>\n\n\n\n<p class=\"wp-block-paragraph\">Antes de poner en marcha el sistema, unos t\u00e9cnicos cualificados deben inspeccionar el env\u00edo, el bastidor de la m\u00e1quina, la cinta transportadora, el alimentador y el conjunto de cabezales.<\/p>\n\n\n\n<p class=\"wp-block-paragraph\">Nivele y fije la m\u00e1quina seg\u00fan las instrucciones; a continuaci\u00f3n, alinee la cinta transportadora y la plataforma de alimentaci\u00f3n con la direcci\u00f3n de desplazamiento del material.<\/p>\n\n\n\n<p class=\"wp-block-paragraph\">Comprueba los ajustes de anchura, di\u00e1metro, peso, tensi\u00f3n y alineaci\u00f3n del rollo utilizando un rollo de prueba que no sea de producci\u00f3n.<\/p>\n\n\n\n<p class=\"wp-block-paragraph\">Los tubos l\u00e1ser, las fuentes de alimentaci\u00f3n de alta tensi\u00f3n, los circuitos de refrigeraci\u00f3n y la alineaci\u00f3n \u00f3ptica solo deben ser instalados o reparados por personal cualificado.<\/p>\n\n\n\n<p class=\"wp-block-paragraph\">Antes de poner en marcha la instalaci\u00f3n, compruebe las protecciones, las cubiertas, las paradas de emergencia, los interruptores de fin de carrera, las alarmas de caudal de agua y cualquier sistema de detecci\u00f3n o extinci\u00f3n de incendios.<\/p>\n\n\n\n<p class=\"wp-block-paragraph\">Ponga en marcha primero el enfriador, el sistema de asistencia de aire y el sistema de extracci\u00f3n; detenga el funcionamiento inmediatamente si la refrigeraci\u00f3n o la extracci\u00f3n no son suficientes.<\/p>\n\n\n\n<p class=\"wp-block-paragraph\">Carga la configuraci\u00f3n aprobada del controlador y el software compatible; a continuaci\u00f3n, realiza una copia de seguridad de los par\u00e1metros de la m\u00e1quina antes de proceder al ajuste.<\/p>\n\n\n\n<p class=\"wp-block-paragraph\">Calibre la distancia entre cabezales, el enfoque, el equilibrio de potencia, el avance de la cinta transportadora y la correcci\u00f3n de la desviaci\u00f3n utilizando una muestra de producci\u00f3n homologada.<\/p>\n\n\n\n<p class=\"wp-block-paragraph\">Realiza una prueba de aceptaci\u00f3n cronometrada con el archivo de anidamiento del cliente y registra los resultados de velocidad, calidad, rendimiento y extracci\u00f3n.<\/p>\n\n\n\n<p class=\"wp-block-paragraph\">Formar a los operadores en materia de homologaci\u00f3n de materiales, supervisi\u00f3n continua, limpieza, inspecci\u00f3n \u00f3ptica, sustituci\u00f3n de lamas y filtros, respuesta ante alarmas y registros de mantenimiento.<\/p>","protected":false},"excerpt":{"rendered":"<p>8-Head Auto-Feed CO2 Laser Cutter for Textiles and Coated Abrasives This multi-head roll-material system runs up to eight CO2 cutting heads across a shared conveyor to process repeated patterns in parallel. It is intended for approved textiles and manufacturer-confirmed laser-safe coated abrasives. Throughput gain depends on head spacing, pattern layout, material width, acceleration and feeding [&hellip;]<\/p>\n","protected":false},"author":1,"featured_media":0,"comment_status":"open","ping_status":"open","sticky":false,"template":"","format":"standard","meta":{"footnotes":""},"categories":[7],"tags":[],"class_list":["post-2856","post","type-post","status-publish","format-standard","hentry","category-fabric-clothing-industry"],"_links":{"self":[{"href":"https:\/\/vanklaser.com\/es\/wp-json\/wp\/v2\/posts\/2856","targetHints":{"allow":["GET"]}}],"collection":[{"href":"https:\/\/vanklaser.com\/es\/wp-json\/wp\/v2\/posts"}],"about":[{"href":"https:\/\/vanklaser.com\/es\/wp-json\/wp\/v2\/types\/post"}],"author":[{"embeddable":true,"href":"https:\/\/vanklaser.com\/es\/wp-json\/wp\/v2\/users\/1"}],"replies":[{"embeddable":true,"href":"https:\/\/vanklaser.com\/es\/wp-json\/wp\/v2\/comments?post=2856"}],"version-history":[{"count":17,"href":"https:\/\/vanklaser.com\/es\/wp-json\/wp\/v2\/posts\/2856\/revisions"}],"predecessor-version":[{"id":3492,"href":"https:\/\/vanklaser.com\/es\/wp-json\/wp\/v2\/posts\/2856\/revisions\/3492"}],"wp:attachment":[{"href":"https:\/\/vanklaser.com\/es\/wp-json\/wp\/v2\/media?parent=2856"}],"wp:term":[{"taxonomy":"category","embeddable":true,"href":"https:\/\/vanklaser.com\/es\/wp-json\/wp\/v2\/categories?post=2856"},{"taxonomy":"post_tag","embeddable":true,"href":"https:\/\/vanklaser.com\/es\/wp-json\/wp\/v2\/tags?post=2856"}],"curies":[{"name":"wp","href":"https:\/\/api.w.org\/{rel}","templated":true}]}}