{"id":2754,"date":"2026-03-02T02:38:12","date_gmt":"2026-03-02T02:38:12","guid":{"rendered":"https:\/\/isn514upfp.wpdns.site\/?p=2754"},"modified":"2026-07-29T22:30:50","modified_gmt":"2026-07-29T22:30:50","slug":"vanklaser-en-la-appp-expo-shanghai-2026","status":"publish","type":"post","link":"https:\/\/vanklaser.com\/es\/vanklaser-at-appp-expo-shanghai-2026\/","title":{"rendered":"Invitaci\u00f3n de Vank Laser a APPPEXPO Shanghai 2026"},"content":{"rendered":"<div class=\"wp-block-columns is-layout-flex wp-container-core-columns-is-layout-8f761849 wp-block-columns-is-layout-flex\">\n<div class=\"wp-block-column is-layout-flow wp-block-column-is-layout-flow\">\n<p class=\"has-text-align-center wp-block-paragraph\">Centro Nacional de Exposiciones y Convenciones (Shanghai), China<\/p>\n\n\n\n<p class=\"has-text-align-center wp-block-paragraph\">Lugar del evento: No. 1888 Zhuguang Road, Xujing, distrito de Qingpu, Shanghai<\/p>\n\n\n\n<p class=\"has-text-align-center wp-block-paragraph\">Anuncio del stand de Vank Laser: pabell\u00f3n 1.2H, stand B1568<\/p>\n\n\n\n<figure class=\"wp-block-image size-full\"><img loading=\"lazy\" decoding=\"async\" width=\"800\" height=\"450\" src=\"https:\/\/vanklaser.com\/wp-content\/uploads\/2026\/03\/\u672a\u6807\u9898-2.jpg\" alt=\"Invitaci\u00f3n de Vank Laser para la APPPEXPO de Shangh\u00e1i 2026\" class=\"wp-image-2756\" srcset=\"https:\/\/vanklaser.com\/wp-content\/uploads\/2026\/03\/\u672a\u6807\u9898-2.jpg 800w, https:\/\/vanklaser.com\/wp-content\/uploads\/2026\/03\/\u672a\u6807\u9898-2-300x169.jpg 300w, https:\/\/vanklaser.com\/wp-content\/uploads\/2026\/03\/\u672a\u6807\u9898-2-768x432.jpg 768w\" sizes=\"auto, (max-width: 800px) 100vw, 800px\" \/><\/figure>\n<\/div>\n<\/div>\n\n\n\n<p class=\"has-text-align-left wp-block-paragraph\">APPPEXPO Shanghai 2026 se celebr\u00f3 del 4 al 7 de marzo de 2026 en el Centro Nacional de Exposiciones y Convenciones (Shanghai). El lema oficial fue \u00abConnect \u00b7 Create \u00b7 Change\u00bb.<\/p>\n\n\n\n<p class=\"wp-block-paragraph\">La feria abarc\u00f3 displays publicitarios, impresi\u00f3n textil, rotulaci\u00f3n, embalaje e impresi\u00f3n comercial, producci\u00f3n personalizada, corte, grabado y aplicaciones de impresi\u00f3n digital. Estas \u00e1reas coinciden con procesos l\u00e1ser CO2 para tela, acr\u00edlico, madera, papel y materiales de rotulaci\u00f3n.<\/p>\n\n\n\n<p class=\"wp-block-paragraph\">Esta p\u00e1gina conserva la invitaci\u00f3n de Vank Laser y tres vistas previas de equipos. No contiene fotograf\u00edas del recinto ni un informe posterior, por lo que no afirma demostraciones concretas, cifras de visitantes, contratos ni resultados de la exposici\u00f3n.<\/p>\n\n\n\n<div class=\"wp-block-columns is-layout-flex wp-container-core-columns-is-layout-8f761849 wp-block-columns-is-layout-flex\">\n<div class=\"wp-block-column is-layout-flow wp-block-column-is-layout-flow\">\n<figure class=\"wp-block-image size-full\"><img loading=\"lazy\" decoding=\"async\" width=\"1000\" height=\"1000\" src=\"https:\/\/vanklaser.com\/wp-content\/uploads\/2026\/03\/\u672a\u6807\u9898-3.jpg\" alt=\"Cortadora l\u00e1ser de CO\u2082 con transportador de doble cabezal Vank para tejidos\" class=\"wp-image-2758\" srcset=\"https:\/\/vanklaser.com\/wp-content\/uploads\/2026\/03\/\u672a\u6807\u9898-3.jpg 1000w, https:\/\/vanklaser.com\/wp-content\/uploads\/2026\/03\/\u672a\u6807\u9898-3-300x300.jpg 300w, https:\/\/vanklaser.com\/wp-content\/uploads\/2026\/03\/\u672a\u6807\u9898-3-150x150.jpg 150w, https:\/\/vanklaser.com\/wp-content\/uploads\/2026\/03\/\u672a\u6807\u9898-3-768x768.jpg 768w\" sizes=\"auto, (max-width: 1000px) 100vw, 1000px\" \/><\/figure>\n\n\n\n<p class=\"has-text-align-center wp-block-paragraph\">Cortadora l\u00e1ser CO2 de doble cabezal con transportador para tela<\/p>\n<\/div>\n<\/div>\n\n\n\n<p class=\"wp-block-paragraph\"><iframe loading=\"lazy\" title=\"M\u00e1quina de corte por l\u00e1ser de tela para cintas transportadoras de doble cabezal\" src=\"https:\/\/www.youtube.com\/embed\/Wmp-rIz0WOs?si=MApkThjoqs0ftiv6\" width=\"1920\" height=\"700\" frameborder=\"0\" allowfullscreen=\"allowfullscreen\"><\/iframe><\/p>\n\n\n\n<figure class=\"wp-block-image size-full\"><img loading=\"lazy\" decoding=\"async\" width=\"1000\" height=\"1000\" src=\"https:\/\/vanklaser.com\/wp-content\/uploads\/2026\/03\/\u672a\u6807\u9898-3-1.jpg\" alt=\"M\u00e1quina compacta de corte y grabado por l\u00e1ser de CO\u2082 Vank VK-7050\" class=\"wp-image-2759\" srcset=\"https:\/\/vanklaser.com\/wp-content\/uploads\/2026\/03\/\u672a\u6807\u9898-3-1.jpg 1000w, https:\/\/vanklaser.com\/wp-content\/uploads\/2026\/03\/\u672a\u6807\u9898-3-1-300x300.jpg 300w, https:\/\/vanklaser.com\/wp-content\/uploads\/2026\/03\/\u672a\u6807\u9898-3-1-150x150.jpg 150w, https:\/\/vanklaser.com\/wp-content\/uploads\/2026\/03\/\u672a\u6807\u9898-3-1-768x768.jpg 768w\" sizes=\"auto, (max-width: 1000px) 100vw, 1000px\" \/><\/figure>\n\n\n\n<p class=\"has-text-align-center wp-block-paragraph\">Cortadora y grabadora l\u00e1ser CO2 compacta VK-7050<\/p>\n\n\n\n<p class=\"wp-block-paragraph\"><iframe loading=\"lazy\" title=\"M\u00e1quina de corte y grabado por l\u00e1ser de CO\u2082 VK-7050\" src=\"https:\/\/www.youtube.com\/embed\/-t4WIaYRQ3Y?si=-2bZxHdGeho1Nt-X\" width=\"1920\" height=\"700\" frameborder=\"0\" allowfullscreen=\"allowfullscreen\"><\/iframe><\/p>\n\n\n\n<figure class=\"wp-block-image size-full\"><img loading=\"lazy\" decoding=\"async\" width=\"1000\" height=\"1000\" src=\"https:\/\/vanklaser.com\/wp-content\/uploads\/2026\/03\/\u672a\u6807\u9898-3-2.jpg\" alt=\"M\u00e1quina de corte y grabado por l\u00e1ser de CO\u2082 de gran formato Vank VK-1325\" class=\"wp-image-2760\" srcset=\"https:\/\/vanklaser.com\/wp-content\/uploads\/2026\/03\/\u672a\u6807\u9898-3-2.jpg 1000w, https:\/\/vanklaser.com\/wp-content\/uploads\/2026\/03\/\u672a\u6807\u9898-3-2-300x300.jpg 300w, https:\/\/vanklaser.com\/wp-content\/uploads\/2026\/03\/\u672a\u6807\u9898-3-2-150x150.jpg 150w, https:\/\/vanklaser.com\/wp-content\/uploads\/2026\/03\/\u672a\u6807\u9898-3-2-768x768.jpg 768w\" sizes=\"auto, (max-width: 1000px) 100vw, 1000px\" \/><\/figure>\n\n\n\n<p class=\"has-text-align-center wp-block-paragraph\">Cortadora y grabadora l\u00e1ser CO2 de gran formato VK-1325<\/p>\n\n\n\n<p class=\"wp-block-paragraph\"><iframe loading=\"lazy\" title=\"M\u00e1quina de corte y grabado por l\u00e1ser de CO\u2082 de gran formato VK-1325\" src=\"https:\/\/www.youtube.com\/embed\/GRpBzzmuI8c?si=vbXmu_AO4iqgaiep\" width=\"1920\" height=\"700\" frameborder=\"0\" allowfullscreen=\"allowfullscreen\"><\/iframe><\/p>\n\n\n\n<p class=\"wp-block-paragraph\">Las im\u00e1genes y los v\u00eddeos anteriores son referencias de equipos, no la confirmaci\u00f3n de la configuraci\u00f3n exacta mostrada en APPPEXPO. Antes de comprar, confirme en la oferta el modelo, \u00e1rea de trabajo, potencia y fuente l\u00e1ser, sistema de alimentaci\u00f3n o mesa, extracci\u00f3n, controles de seguridad, conformidad en destino y criterios de aceptaci\u00f3n de las pruebas de muestra.<\/p>","protected":false},"excerpt":{"rendered":"<p>National Exhibition and Convention Center (Shanghai), China Event location: No. 1888 Zhuguang Road, Xujing, Qingpu District, Shanghai Vank Laser booth announcement: Hall 1.2H, Booth B1568 APPPEXPO Shanghai 2026 was held from 4 to 7 March 2026 at the National Exhibition and Convention Center (Shanghai). The official event theme was \u201cConnect \u00b7 Create \u00b7 Change.\u201d The [&hellip;]<\/p>\n","protected":false},"author":1,"featured_media":0,"comment_status":"open","ping_status":"open","sticky":false,"template":"","format":"standard","meta":{"footnotes":""},"categories":[3],"tags":[],"class_list":["post-2754","post","type-post","status-publish","format-standard","hentry","category-news"],"_links":{"self":[{"href":"https:\/\/vanklaser.com\/es\/wp-json\/wp\/v2\/posts\/2754","targetHints":{"allow":["GET"]}}],"collection":[{"href":"https:\/\/vanklaser.com\/es\/wp-json\/wp\/v2\/posts"}],"about":[{"href":"https:\/\/vanklaser.com\/es\/wp-json\/wp\/v2\/types\/post"}],"author":[{"embeddable":true,"href":"https:\/\/vanklaser.com\/es\/wp-json\/wp\/v2\/users\/1"}],"replies":[{"embeddable":true,"href":"https:\/\/vanklaser.com\/es\/wp-json\/wp\/v2\/comments?post=2754"}],"version-history":[{"count":14,"href":"https:\/\/vanklaser.com\/es\/wp-json\/wp\/v2\/posts\/2754\/revisions"}],"predecessor-version":[{"id":3554,"href":"https:\/\/vanklaser.com\/es\/wp-json\/wp\/v2\/posts\/2754\/revisions\/3554"}],"wp:attachment":[{"href":"https:\/\/vanklaser.com\/es\/wp-json\/wp\/v2\/media?parent=2754"}],"wp:term":[{"taxonomy":"category","embeddable":true,"href":"https:\/\/vanklaser.com\/es\/wp-json\/wp\/v2\/categories?post=2754"},{"taxonomy":"post_tag","embeddable":true,"href":"https:\/\/vanklaser.com\/es\/wp-json\/wp\/v2\/tags?post=2754"}],"curies":[{"name":"wp","href":"https:\/\/api.w.org\/{rel}","templated":true}]}}