{"id":2532,"date":"2025-12-29T07:02:53","date_gmt":"2025-12-29T07:02:53","guid":{"rendered":"https:\/\/isn514upfp.wpdns.site\/?p=2532"},"modified":"2026-07-29T22:17:00","modified_gmt":"2026-07-29T22:17:00","slug":"vanklaser-en-c-print-madrid-espana-2","status":"publish","type":"post","link":"https:\/\/vanklaser.com\/es\/vanklaser-at-c-print-madrid-spain-2\/","title":{"rendered":"Vank Laser en C!Print Madrid 2026"},"content":{"rendered":"<div class=\"wp-block-columns is-layout-flex wp-container-core-columns-is-layout-8f761849 wp-block-columns-is-layout-flex\">\n<div class=\"wp-block-column is-layout-flow wp-block-column-is-layout-flow\">\n<figure class=\"wp-block-image size-full is-resized\"><img loading=\"lazy\" decoding=\"async\" width=\"800\" height=\"450\" src=\"https:\/\/vanklaser.com\/wp-content\/uploads\/2025\/12\/111-1.jpg\" alt=\"El equipo de Vank Laser y un visitante en el stand de C!Print Madrid 2026\" class=\"wp-image-2945\" style=\"width:840px;height:auto\" srcset=\"https:\/\/vanklaser.com\/wp-content\/uploads\/2025\/12\/111-1.jpg 800w, https:\/\/vanklaser.com\/wp-content\/uploads\/2025\/12\/111-1-300x169.jpg 300w, https:\/\/vanklaser.com\/wp-content\/uploads\/2025\/12\/111-1-768x432.jpg 768w, https:\/\/vanklaser.com\/wp-content\/uploads\/2025\/12\/111-1-18x10.jpg 18w\" sizes=\"auto, (max-width: 800px) 100vw, 800px\" \/><\/figure>\n\n\n\n<div class=\"wp-block-columns is-layout-flex wp-container-core-columns-is-layout-8f761849 wp-block-columns-is-layout-flex\">\n<div class=\"wp-block-column is-layout-flow wp-block-column-is-layout-flow\">\n<figure class=\"wp-block-image size-full\"><img loading=\"lazy\" decoding=\"async\" width=\"800\" height=\"800\" src=\"https:\/\/vanklaser.com\/wp-content\/uploads\/2025\/12\/2-28.jpg\" alt=\"Un representante de Vank Laser con un visitante en C!Print Madrid 2026\" class=\"wp-image-2943\" srcset=\"https:\/\/vanklaser.com\/wp-content\/uploads\/2025\/12\/2-28.jpg 800w, https:\/\/vanklaser.com\/wp-content\/uploads\/2025\/12\/2-28-300x300.jpg 300w, https:\/\/vanklaser.com\/wp-content\/uploads\/2025\/12\/2-28-150x150.jpg 150w, https:\/\/vanklaser.com\/wp-content\/uploads\/2025\/12\/2-28-768x768.jpg 768w, https:\/\/vanklaser.com\/wp-content\/uploads\/2025\/12\/2-28-12x12.jpg 12w\" sizes=\"auto, (max-width: 800px) 100vw, 800px\" \/><\/figure>\n<\/div>\n\n\n\n<div class=\"wp-block-column is-layout-flow wp-block-column-is-layout-flow\">\n<figure class=\"wp-block-image size-full\"><img loading=\"lazy\" decoding=\"async\" width=\"800\" height=\"800\" src=\"https:\/\/vanklaser.com\/wp-content\/uploads\/2025\/12\/3-18.jpg\" alt=\"Un representante de Vank Laser y dos visitantes con folletos en la feria C!Print Madrid 2026\" class=\"wp-image-2944\" srcset=\"https:\/\/vanklaser.com\/wp-content\/uploads\/2025\/12\/3-18.jpg 800w, https:\/\/vanklaser.com\/wp-content\/uploads\/2025\/12\/3-18-300x300.jpg 300w, https:\/\/vanklaser.com\/wp-content\/uploads\/2025\/12\/3-18-150x150.jpg 150w, https:\/\/vanklaser.com\/wp-content\/uploads\/2025\/12\/3-18-768x768.jpg 768w, https:\/\/vanklaser.com\/wp-content\/uploads\/2025\/12\/3-18-12x12.jpg 12w\" sizes=\"auto, (max-width: 800px) 100vw, 800px\" \/><\/figure>\n<\/div>\n<\/div>\n<\/div>\n<\/div>\n\n\n\n<p class=\"has-text-align-left wp-block-paragraph\">C!Print Madrid 2026 se celebr\u00f3 del 13 al 15 de enero de 2026 en el pabell\u00f3n 14 de IFEMA Madrid. Su d\u00e9cima edici\u00f3n se centr\u00f3 en impresi\u00f3n, comunicaci\u00f3n visual, personalizaci\u00f3n, corte, acabado, rotulaci\u00f3n y tecnolog\u00edas de producci\u00f3n relacionadas.<\/p>\n\n\n\n<p class=\"wp-block-paragraph\">Las tres fotograf\u00edas superiores documentan el stand de Vank Laser y las conversaciones con visitantes durante la feria. Los gr\u00e1ficos del stand mostraban \u00e1reas de aplicaci\u00f3n como soldadura l\u00e1ser manual, corte por l\u00e1ser de fibra para chapa, marcado l\u00e1ser, corte textil con visi\u00f3n y corte y grabado con CO2.<\/p>\n\n\n\n<p class=\"wp-block-paragraph\">Esta p\u00e1gina registra la participaci\u00f3n de Vank Laser y las categor\u00edas de equipos presentadas. No atribuye cifras de visitantes, contratos ni resultados no verificados. Utilice los enlaces de categor\u00edas siguientes para seguir evaluando una m\u00e1quina para un material y flujo de trabajo concretos.<\/p>\n\n\n\n<div class=\"wp-block-columns is-layout-flex wp-container-core-columns-is-layout-8f761849 wp-block-columns-is-layout-flex\">\n<div class=\"wp-block-column is-layout-flow wp-block-column-is-layout-flow\">\n<figure class=\"wp-block-image size-full\"><a href=\"https:\/\/vanklaser.com\/es\/categoria\/productos\/industria-textil-de-la-confeccion\/\"><img loading=\"lazy\" decoding=\"async\" width=\"1000\" height=\"1000\" src=\"https:\/\/vanklaser.com\/wp-content\/uploads\/2025\/12\/15.jpg\" alt=\"Cortadora l\u00e1ser de CO\u2082 con cinta transportadora Vank para tejidos y textiles\" class=\"wp-image-2507\" srcset=\"https:\/\/vanklaser.com\/wp-content\/uploads\/2025\/12\/15.jpg 1000w, https:\/\/vanklaser.com\/wp-content\/uploads\/2025\/12\/15-300x300.jpg 300w, https:\/\/vanklaser.com\/wp-content\/uploads\/2025\/12\/15-150x150.jpg 150w, https:\/\/vanklaser.com\/wp-content\/uploads\/2025\/12\/15-768x768.jpg 768w\" sizes=\"auto, (max-width: 1000px) 100vw, 1000px\" \/><\/a><\/figure>\n\n\n\n<p class=\"has-text-align-center wp-block-paragraph\">Cortadoras l\u00e1ser CO2 para tejidos y textiles<\/p>\n<\/div>\n\n\n\n<div class=\"wp-block-column is-layout-flow wp-block-column-is-layout-flow\">\n<figure class=\"wp-block-image size-large\"><a href=\"https:\/\/vanklaser.com\/es\/categoria\/productos\/industria-publicitaria\/\"><img loading=\"lazy\" decoding=\"async\" width=\"1024\" height=\"1024\" src=\"https:\/\/vanklaser.com\/wp-content\/uploads\/2025\/12\/5-14-1024x1024.jpg\" alt=\"M\u00e1quina de corte y grabado por l\u00e1ser de CO\u2082 de alta velocidad con carcasa Vank\" class=\"wp-image-2508\" srcset=\"https:\/\/vanklaser.com\/wp-content\/uploads\/2025\/12\/5-14-1024x1024.jpg 1024w, https:\/\/vanklaser.com\/wp-content\/uploads\/2025\/12\/5-14-300x300.jpg 300w, https:\/\/vanklaser.com\/wp-content\/uploads\/2025\/12\/5-14-150x150.jpg 150w, https:\/\/vanklaser.com\/wp-content\/uploads\/2025\/12\/5-14-768x768.jpg 768w, https:\/\/vanklaser.com\/wp-content\/uploads\/2025\/12\/5-14.jpg 1200w\" sizes=\"auto, (max-width: 1024px) 100vw, 1024px\" \/><\/a><\/figure>\n\n\n\n<p class=\"has-text-align-center wp-block-paragraph\">Cortadoras y grabadoras l\u00e1ser CO2 para rotulaci\u00f3n<\/p>\n<\/div>\n<\/div>\n\n\n\n<div class=\"wp-block-columns is-layout-flex wp-container-core-columns-is-layout-8f761849 wp-block-columns-is-layout-flex\">\n<div class=\"wp-block-column is-layout-flow wp-block-column-is-layout-flow\">\n<figure class=\"wp-block-image size-full\"><a href=\"https:\/\/vanklaser.com\/es\/categoria\/productos\/joyeria-industria-de-la-moda\/\"><img loading=\"lazy\" decoding=\"async\" width=\"1000\" height=\"1000\" src=\"https:\/\/vanklaser.com\/wp-content\/uploads\/2025\/12\/\u672a\u6807\u9898-1-21.jpg\" alt=\"Estaci\u00f3n de trabajo de marcado l\u00e1ser de estructura abierta Vank\" class=\"wp-image-2528\" srcset=\"https:\/\/vanklaser.com\/wp-content\/uploads\/2025\/12\/\u672a\u6807\u9898-1-21.jpg 1000w, https:\/\/vanklaser.com\/wp-content\/uploads\/2025\/12\/\u672a\u6807\u9898-1-21-300x300.jpg 300w, https:\/\/vanklaser.com\/wp-content\/uploads\/2025\/12\/\u672a\u6807\u9898-1-21-150x150.jpg 150w, https:\/\/vanklaser.com\/wp-content\/uploads\/2025\/12\/\u672a\u6807\u9898-1-21-768x768.jpg 768w\" sizes=\"auto, (max-width: 1000px) 100vw, 1000px\" \/><\/a><\/figure>\n\n\n\n<p class=\"has-text-align-center wp-block-paragraph\">M\u00e1quinas de marcado l\u00e1ser de fibra y UV<\/p>\n<\/div>\n\n\n\n<div class=\"wp-block-column is-layout-flow wp-block-column-is-layout-flow\">\n<figure class=\"wp-block-image size-full\"><a href=\"https:\/\/vanklaser.com\/es\/categoria\/productos\/industria-de-la-chapa\/\"><img loading=\"lazy\" decoding=\"async\" width=\"1000\" height=\"1000\" src=\"https:\/\/vanklaser.com\/wp-content\/uploads\/2025\/12\/\u672a\u6807\u9898-2-9.jpg\" alt=\"M\u00e1quina de corte por l\u00e1ser de fibra con carcasa Vank\" class=\"wp-image-2529\" srcset=\"https:\/\/vanklaser.com\/wp-content\/uploads\/2025\/12\/\u672a\u6807\u9898-2-9.jpg 1000w, https:\/\/vanklaser.com\/wp-content\/uploads\/2025\/12\/\u672a\u6807\u9898-2-9-300x300.jpg 300w, https:\/\/vanklaser.com\/wp-content\/uploads\/2025\/12\/\u672a\u6807\u9898-2-9-150x150.jpg 150w, https:\/\/vanklaser.com\/wp-content\/uploads\/2025\/12\/\u672a\u6807\u9898-2-9-768x768.jpg 768w\" sizes=\"auto, (max-width: 1000px) 100vw, 1000px\" \/><\/a><\/figure>\n\n\n\n<p class=\"has-text-align-center wp-block-paragraph\">M\u00e1quinas de corte por l\u00e1ser de fibra para chapa<\/p>\n<\/div>\n<\/div>\n\n\n\n<p class=\"wp-block-paragraph\">Las m\u00e1quinas y los gr\u00e1ficos mostrados en una feria no constituyen una especificaci\u00f3n t\u00e9cnica final. Antes de realizar un pedido, confirme en la oferta el modelo exacto, el \u00e1rea de trabajo, la potencia, la fuente, la automatizaci\u00f3n, los controles de seguridad, la conformidad en destino y los criterios de aceptaci\u00f3n de las pruebas de muestras.<\/p>","protected":false},"excerpt":{"rendered":"<p>C!Print Madrid 2026 took place from 13 to 15 January 2026 in Hall 14 at IFEMA Madrid. Its tenth edition focused on printing, visual communication, personalization, cutting, finishing, signage and related production technologies. The three photographs above document the Vank Laser stand and conversations with visitors during the show. The stand graphics presented application areas [&hellip;]<\/p>\n","protected":false},"author":1,"featured_media":0,"comment_status":"open","ping_status":"open","sticky":false,"template":"","format":"standard","meta":{"footnotes":""},"categories":[3],"tags":[],"class_list":["post-2532","post","type-post","status-publish","format-standard","hentry","category-news"],"_links":{"self":[{"href":"https:\/\/vanklaser.com\/es\/wp-json\/wp\/v2\/posts\/2532","targetHints":{"allow":["GET"]}}],"collection":[{"href":"https:\/\/vanklaser.com\/es\/wp-json\/wp\/v2\/posts"}],"about":[{"href":"https:\/\/vanklaser.com\/es\/wp-json\/wp\/v2\/types\/post"}],"author":[{"embeddable":true,"href":"https:\/\/vanklaser.com\/es\/wp-json\/wp\/v2\/users\/1"}],"replies":[{"embeddable":true,"href":"https:\/\/vanklaser.com\/es\/wp-json\/wp\/v2\/comments?post=2532"}],"version-history":[{"count":9,"href":"https:\/\/vanklaser.com\/es\/wp-json\/wp\/v2\/posts\/2532\/revisions"}],"predecessor-version":[{"id":3552,"href":"https:\/\/vanklaser.com\/es\/wp-json\/wp\/v2\/posts\/2532\/revisions\/3552"}],"wp:attachment":[{"href":"https:\/\/vanklaser.com\/es\/wp-json\/wp\/v2\/media?parent=2532"}],"wp:term":[{"taxonomy":"category","embeddable":true,"href":"https:\/\/vanklaser.com\/es\/wp-json\/wp\/v2\/categories?post=2532"},{"taxonomy":"post_tag","embeddable":true,"href":"https:\/\/vanklaser.com\/es\/wp-json\/wp\/v2\/tags?post=2532"}],"curies":[{"name":"wp","href":"https:\/\/api.w.org\/{rel}","templated":true}]}}