{"id":2499,"date":"2025-12-29T06:40:08","date_gmt":"2025-12-29T06:40:08","guid":{"rendered":"https:\/\/isn514upfp.wpdns.site\/?p=2499"},"modified":"2026-07-29T22:12:12","modified_gmt":"2026-07-29T22:12:12","slug":"vanklaser-en-fespa-print-expo-2026-barcelona-espana","status":"publish","type":"post","link":"https:\/\/vanklaser.com\/es\/vanklaser-at-fespa-print-expo-2026-barcelona-spain\/","title":{"rendered":"Invitaci\u00f3n de Vank Laser a FESPA Global Print Expo 2026"},"content":{"rendered":"<div class=\"wp-block-columns is-layout-flex wp-container-core-columns-is-layout-8f761849 wp-block-columns-is-layout-flex\">\n<div class=\"wp-block-column is-layout-flow wp-block-column-is-layout-flow\">\n<figure class=\"wp-block-image size-full is-resized\"><img loading=\"lazy\" decoding=\"async\" width=\"800\" height=\"450\" src=\"https:\/\/vanklaser.com\/wp-content\/uploads\/2025\/12\/\u897f\u73ed\u7259\u5c55\u4f1a\u6d77\u62a5-2.jpg\" alt=\"Invitaci\u00f3n de Vank Laser a la FESPA Global Print Expo 2026, stand 3-D142\" class=\"wp-image-2501\" style=\"width:840px;height:auto\" srcset=\"https:\/\/vanklaser.com\/wp-content\/uploads\/2025\/12\/\u897f\u73ed\u7259\u5c55\u4f1a\u6d77\u62a5-2.jpg 800w, https:\/\/vanklaser.com\/wp-content\/uploads\/2025\/12\/\u897f\u73ed\u7259\u5c55\u4f1a\u6d77\u62a5-2-300x169.jpg 300w, https:\/\/vanklaser.com\/wp-content\/uploads\/2025\/12\/\u897f\u73ed\u7259\u5c55\u4f1a\u6d77\u62a5-2-768x432.jpg 768w\" sizes=\"auto, (max-width: 800px) 100vw, 800px\" \/><\/figure>\n<\/div>\n<\/div>\n\n\n\n<p class=\"has-text-align-left wp-block-paragraph\">FESPA Global Print Expo 2026 se celebr\u00f3 del 19 al 22 de mayo de 2026 en el recinto Gran Via de Fira Barcelona, Barcelona, Espa\u00f1a. El evento abarc\u00f3 serigraf\u00eda, impresi\u00f3n digital y de gran formato, impresi\u00f3n textil, se\u00f1alizaci\u00f3n, personalizaci\u00f3n y tecnolog\u00edas de producci\u00f3n relacionadas.<\/p>\n\n\n\n<p class=\"wp-block-paragraph\">El cartel del evento de Vank Laser indicaba el stand 3-D142. Esta p\u00e1gina conserva la invitaci\u00f3n original y las referencias de productos. Como la p\u00e1gina no contiene fotograf\u00edas del recinto ni un informe posterior, no atribuye demostraciones concretas, n\u00famero de visitantes, pedidos ni resultados de la exposici\u00f3n.<\/p>\n\n\n\n<p class=\"wp-block-paragraph\">Los cuatro enlaces siguientes se conservan como accesos directos a las categor\u00edas para evaluar las m\u00e1quinas por aplicaci\u00f3n. Antes de seleccionar una configuraci\u00f3n, confirme con Vank Laser el material, el proceso, el \u00e1rea de trabajo, la potencia, la automatizaci\u00f3n, los controles de seguridad y las pruebas de muestra.<\/p>\n\n\n\n<div class=\"wp-block-columns is-layout-flex wp-container-core-columns-is-layout-8f761849 wp-block-columns-is-layout-flex\">\n<div class=\"wp-block-column is-layout-flow wp-block-column-is-layout-flow\">\n<figure class=\"wp-block-image size-full\"><a href=\"https:\/\/vanklaser.com\/es\/categoria\/productos\/industria-textil-de-la-confeccion\/\"><img loading=\"lazy\" decoding=\"async\" width=\"1000\" height=\"1000\" src=\"https:\/\/vanklaser.com\/wp-content\/uploads\/2025\/12\/15.jpg\" alt=\"Cortadora l\u00e1ser de CO\u2082 con cinta transportadora Vank para tejidos y textiles\" class=\"wp-image-2507\" srcset=\"https:\/\/vanklaser.com\/wp-content\/uploads\/2025\/12\/15.jpg 1000w, https:\/\/vanklaser.com\/wp-content\/uploads\/2025\/12\/15-300x300.jpg 300w, https:\/\/vanklaser.com\/wp-content\/uploads\/2025\/12\/15-150x150.jpg 150w, https:\/\/vanklaser.com\/wp-content\/uploads\/2025\/12\/15-768x768.jpg 768w\" sizes=\"auto, (max-width: 1000px) 100vw, 1000px\" \/><\/a><\/figure>\n\n\n\n<p class=\"has-text-align-center wp-block-paragraph\">Cortadoras l\u00e1ser CO2 para tejidos y textiles<\/p>\n<\/div>\n\n\n\n<div class=\"wp-block-column is-layout-flow wp-block-column-is-layout-flow\">\n<figure class=\"wp-block-image size-large\"><a href=\"https:\/\/vanklaser.com\/es\/categoria\/productos\/industria-publicitaria\/\"><img loading=\"lazy\" decoding=\"async\" width=\"1024\" height=\"1024\" src=\"https:\/\/vanklaser.com\/wp-content\/uploads\/2025\/12\/5-14-1024x1024.jpg\" alt=\"M\u00e1quina de corte y grabado por l\u00e1ser de CO\u2082 de alta velocidad con carcasa Vank\" class=\"wp-image-2508\" srcset=\"https:\/\/vanklaser.com\/wp-content\/uploads\/2025\/12\/5-14-1024x1024.jpg 1024w, https:\/\/vanklaser.com\/wp-content\/uploads\/2025\/12\/5-14-300x300.jpg 300w, https:\/\/vanklaser.com\/wp-content\/uploads\/2025\/12\/5-14-150x150.jpg 150w, https:\/\/vanklaser.com\/wp-content\/uploads\/2025\/12\/5-14-768x768.jpg 768w, https:\/\/vanklaser.com\/wp-content\/uploads\/2025\/12\/5-14.jpg 1200w\" sizes=\"auto, (max-width: 1024px) 100vw, 1024px\" \/><\/a><\/figure>\n\n\n\n<p class=\"has-text-align-center wp-block-paragraph\">Cortadoras y grabadoras l\u00e1ser CO2 para rotulaci\u00f3n<\/p>\n<\/div>\n<\/div>\n\n\n\n<div class=\"wp-block-columns is-layout-flex wp-container-core-columns-is-layout-8f761849 wp-block-columns-is-layout-flex\">\n<div class=\"wp-block-column is-layout-flow wp-block-column-is-layout-flow\">\n<figure class=\"wp-block-image size-full\"><a href=\"https:\/\/vanklaser.com\/es\/categoria\/productos\/joyeria-industria-de-la-moda\/\"><img loading=\"lazy\" decoding=\"async\" width=\"1000\" height=\"1000\" src=\"https:\/\/vanklaser.com\/wp-content\/uploads\/2025\/12\/\u672a\u6807\u9898-1-21.jpg\" alt=\"Estaci\u00f3n de trabajo de marcado l\u00e1ser de estructura abierta Vank\" class=\"wp-image-2528\" srcset=\"https:\/\/vanklaser.com\/wp-content\/uploads\/2025\/12\/\u672a\u6807\u9898-1-21.jpg 1000w, https:\/\/vanklaser.com\/wp-content\/uploads\/2025\/12\/\u672a\u6807\u9898-1-21-300x300.jpg 300w, https:\/\/vanklaser.com\/wp-content\/uploads\/2025\/12\/\u672a\u6807\u9898-1-21-150x150.jpg 150w, https:\/\/vanklaser.com\/wp-content\/uploads\/2025\/12\/\u672a\u6807\u9898-1-21-768x768.jpg 768w\" sizes=\"auto, (max-width: 1000px) 100vw, 1000px\" \/><\/a><\/figure>\n\n\n\n<p class=\"has-text-align-center wp-block-paragraph\">M\u00e1quinas de marcado l\u00e1ser de fibra y UV<\/p>\n<\/div>\n\n\n\n<div class=\"wp-block-column is-layout-flow wp-block-column-is-layout-flow\">\n<figure class=\"wp-block-image size-full\"><a href=\"https:\/\/vanklaser.com\/es\/categoria\/productos\/industria-de-la-chapa\/\"><img loading=\"lazy\" decoding=\"async\" width=\"1000\" height=\"1000\" src=\"https:\/\/vanklaser.com\/wp-content\/uploads\/2025\/12\/\u672a\u6807\u9898-2-9.jpg\" alt=\"M\u00e1quina de corte por l\u00e1ser de fibra con carcasa Vank\" class=\"wp-image-2529\" srcset=\"https:\/\/vanklaser.com\/wp-content\/uploads\/2025\/12\/\u672a\u6807\u9898-2-9.jpg 1000w, https:\/\/vanklaser.com\/wp-content\/uploads\/2025\/12\/\u672a\u6807\u9898-2-9-300x300.jpg 300w, https:\/\/vanklaser.com\/wp-content\/uploads\/2025\/12\/\u672a\u6807\u9898-2-9-150x150.jpg 150w, https:\/\/vanklaser.com\/wp-content\/uploads\/2025\/12\/\u672a\u6807\u9898-2-9-768x768.jpg 768w\" sizes=\"auto, (max-width: 1000px) 100vw, 1000px\" \/><\/a><\/figure>\n\n\n\n<p class=\"has-text-align-center wp-block-paragraph\">M\u00e1quinas de corte por l\u00e1ser de fibra para chapa<\/p>\n<\/div>\n<\/div>","protected":false},"excerpt":{"rendered":"<p>FESPA Global Print Expo 2026 took place at Fira Barcelona Gran Via in Barcelona, Spain, from 19 to 22 May 2026. The event covered screen, digital and wide-format printing, textile printing, signage, personalization and related production technologies. Vank Laser\u2019s event poster listed Booth 3-D142. This page preserves the original invitation and product references. Because the [&hellip;]<\/p>\n","protected":false},"author":1,"featured_media":0,"comment_status":"open","ping_status":"open","sticky":false,"template":"","format":"standard","meta":{"footnotes":""},"categories":[3],"tags":[],"class_list":["post-2499","post","type-post","status-publish","format-standard","hentry","category-news"],"_links":{"self":[{"href":"https:\/\/vanklaser.com\/es\/wp-json\/wp\/v2\/posts\/2499","targetHints":{"allow":["GET"]}}],"collection":[{"href":"https:\/\/vanklaser.com\/es\/wp-json\/wp\/v2\/posts"}],"about":[{"href":"https:\/\/vanklaser.com\/es\/wp-json\/wp\/v2\/types\/post"}],"author":[{"embeddable":true,"href":"https:\/\/vanklaser.com\/es\/wp-json\/wp\/v2\/users\/1"}],"replies":[{"embeddable":true,"href":"https:\/\/vanklaser.com\/es\/wp-json\/wp\/v2\/comments?post=2499"}],"version-history":[{"count":19,"href":"https:\/\/vanklaser.com\/es\/wp-json\/wp\/v2\/posts\/2499\/revisions"}],"predecessor-version":[{"id":3551,"href":"https:\/\/vanklaser.com\/es\/wp-json\/wp\/v2\/posts\/2499\/revisions\/3551"}],"wp:attachment":[{"href":"https:\/\/vanklaser.com\/es\/wp-json\/wp\/v2\/media?parent=2499"}],"wp:term":[{"taxonomy":"category","embeddable":true,"href":"https:\/\/vanklaser.com\/es\/wp-json\/wp\/v2\/categories?post=2499"},{"taxonomy":"post_tag","embeddable":true,"href":"https:\/\/vanklaser.com\/es\/wp-json\/wp\/v2\/tags?post=2499"}],"curies":[{"name":"wp","href":"https:\/\/api.w.org\/{rel}","templated":true}]}}