{"id":2257,"date":"2025-12-23T03:17:22","date_gmt":"2025-12-23T03:17:22","guid":{"rendered":"https:\/\/isn514upfp.wpdns.site\/?p=2257"},"modified":"2026-07-25T06:07:18","modified_gmt":"2026-07-25T06:07:18","slug":"1490-co2-grabado-laser-maquina-de-corte-2","status":"publish","type":"post","link":"https:\/\/vanklaser.com\/es\/1490-co2-laser-engraving-cutting-machine-2\/","title":{"rendered":"M\u00e1quina de corte l\u00e1ser CO\u2082 de doble cabezal VankCut-1610"},"content":{"rendered":"<h2 class=\"wp-block-heading\">M\u00e1quina de corte l\u00e1ser CO\u2082 de doble cabezal VankCut-1610<\/h2>\n\n\n\n<p class=\"wp-block-paragraph\">La VankCut-1610 es una m\u00e1quina de corte y grabado l\u00e1ser CO\u2082 de doble cabezal para talleres que necesitan mayor productividad con acr\u00edlico, madera, papel, textiles, cuero y otros materiales no met\u00e1licos homologados. Su \u00e1rea de trabajo de 1600 \u00d7 1000 mm, el control digital Ruida, los tubos de vidrio refrigerados por agua y las mesas intercambiables de cuchillas o panal permiten producir se\u00f1alizaci\u00f3n, embalajes, artesan\u00eda, prendas y trabajos personalizados.<\/p>\n\n\n\n<p class=\"wp-block-paragraph\"><\/p>\n\n\n\n<ul class=\"wp-block-list\">\n<li>Cabezales duales de l\u00e1ser de CO\u2082 con configuraciones de potencia seleccionadas en funci\u00f3n de la aplicaci\u00f3n<\/li>\n\n\n\n<li>\u00c1rea de trabajo est\u00e1ndar de 1600 \u00d7 1000 mm; otros formatos VankCut disponibles previa solicitud de presupuesto<\/li>\n\n\n\n<li>Plataformas de trabajo de estructura alveolar y con rejilla de cuchillas<\/li>\n\n\n\n<li>Controlador digital Ruida con almacenamiento de trabajos fuera de l\u00ednea<\/li>\n\n\n\n<li>Enfoque autom\u00e1tico opcional y posicionamiento con punto rojo<\/li>\n\n\n\n<li>Parada de emergencia, protecci\u00f3n contra el flujo de agua y enclavamientos de seguridad configurables<\/li>\n\n\n\n<li>Compatibilidad de LightBurn con las configuraciones de controladores Ruida compatibles<\/li>\n\n\n\n<li>Los requisitos del ordenador y del sistema operativo dependen del software de control seleccionado y de la compatibilidad actual del fabricante.<\/li>\n<\/ul>\n\n\n\n<p class=\"wp-block-paragraph\"><\/p>\n\n\n\n<p><img decoding=\"async\" alt=\"M\u00e1quina de corte y grabado por l\u00e1ser de CO\u2082 de doble cabezal VankCut-1610\" src=\"\/wp-content\/uploads\/replace\/153e8882bd3b2548b8afcf15ff7799ad.png\" usemap=\"#1766459826848\" border=\"0\" \/><map id=\"1766459826848\" name=\"1766459826848\"><\/map><\/p>\n\n\n\n<div class=\"wp-block-columns is-layout-flex wp-container-core-columns-is-layout-8f761849 wp-block-columns-is-layout-flex\">\n<div class=\"wp-block-column is-layout-flow wp-block-column-is-layout-flow\">\n<h2 class=\"wp-block-heading has-text-align-center\">Producci\u00f3n con doble cabezal<\/h2>\n\n\n\n<p class=\"has-text-align-center wp-block-paragraph\">Dos cabezales l\u00e1ser alineados de forma independiente pueden procesar piezas repetidas en paralelo, lo que contribuye a aumentar el rendimiento cuando la disposici\u00f3n del trabajo y el ancho del material se adaptan a la producci\u00f3n con doble cabezal. La potencia del tubo se selecciona en funci\u00f3n del material, el espesor deseado, la velocidad y los requisitos de calidad de los bordes.<\/p>\n<\/div>\n\n\n\n<div class=\"wp-block-column is-layout-flow wp-block-column-is-layout-flow\">\n<h2 class=\"wp-block-heading has-text-align-center\">\u00c1rea de trabajo de 1600 \u00d7 1000 mm<\/h2>\n\n\n\n<p class=\"has-text-align-center wp-block-paragraph\">La superficie de trabajo de 1600 \u00d7 1000 mm permite trabajar con l\u00e1minas de gran tama\u00f1o y lotes apilados para la fabricaci\u00f3n de carteles, expositores, embalajes, patrones de confecci\u00f3n y productos artesanales. Se pueden presupuestar otras dimensiones de superficie de trabajo del modelo VankCut para adaptarse a los distintos requisitos de los talleres y de los materiales.<\/p>\n<\/div>\n\n\n\n<div class=\"wp-block-column is-layout-flow wp-block-column-is-layout-flow\">\n<h2 class=\"wp-block-heading has-text-align-center\">Sistema de movimiento lineal protegido<\/h2>\n\n\n\n<p class=\"has-text-align-center wp-block-paragraph\">Un p\u00f3rtico r\u00edgido de aluminio, unos rieles de gu\u00eda lineales y un sistema de movimiento accionado por correa garantizan movimientos repetibles en toda el \u00e1rea de trabajo. Las cubiertas protectoras ayudan a reducir la entrada de polvo y residuos en los componentes de gu\u00eda durante la producci\u00f3n.<\/p>\n<\/div>\n<\/div>\n\n\n\n<div class=\"wp-block-columns is-layout-flex wp-container-core-columns-is-layout-8f761849 wp-block-columns-is-layout-flex\">\n<div class=\"wp-block-column is-layout-flow wp-block-column-is-layout-flow\">\n<h2 class=\"wp-block-heading has-text-align-center\">Sistema de refrigeraci\u00f3n por agua<\/h2>\n\n\n\n<p class=\"has-text-align-center wp-block-paragraph\">Un enfriador de agua industrial adecuado mantiene la temperatura del tubo l\u00e1ser dentro del rango de funcionamiento especificado. La capacidad del enfriador, el refrigerante, la protecci\u00f3n contra ca\u00eddas de caudal y los intervalos de mantenimiento deben ajustarse a la configuraci\u00f3n confirmada del tubo y de la m\u00e1quina.<\/p>\n<\/div>\n\n\n\n<div class=\"wp-block-column is-layout-flow wp-block-column-is-layout-flow\">\n<h2 class=\"wp-block-heading has-text-align-center\">Corte y grabado detallados<\/h2>\n\n\n\n<p class=\"has-text-align-center wp-block-paragraph\">Los ajustes de velocidad, potencia, asistencia neum\u00e1tica y enfoque permiten obtener resultados gr\u00e1ficos de alta calidad, as\u00ed como realizar cortes de producci\u00f3n. La calidad final del borde y el nivel de detalle del grabado dependen del material, la \u00f3ptica, el estado del tubo, los ajustes del trabajo y el rendimiento del sistema de extracci\u00f3n.<\/p>\n<\/div>\n\n\n\n<div class=\"wp-block-column is-layout-flow wp-block-column-is-layout-flow\">\n<h2 class=\"wp-block-heading has-text-align-center\">Bastidor industrial para taller<\/h2>\n\n\n\n<p class=\"has-text-align-center wp-block-paragraph\">La cabina de acero soldado integra la mesa de trabajo, el sistema de movimiento, los controles y el compartimento del tubo l\u00e1ser en una \u00fanica plataforma de producci\u00f3n. Comprueba las dimensiones de la m\u00e1quina, el espacio libre de acceso, el recorrido de los conductos de extracci\u00f3n, el suministro el\u00e9ctrico y la ubicaci\u00f3n del enfriador antes de la instalaci\u00f3n.<\/p>\n<\/div>\n<\/div>\n\n\n\n<h2 class=\"wp-block-heading\">Especificaciones t\u00e9cnicas<\/h2>\n\n\n\n<figure class=\"wp-block-table\"><table class=\"has-fixed-layout\"><thead><tr><th class=\"has-text-align-left\" data-align=\"left\"><strong>Especificaciones<\/strong><\/th><th class=\"has-text-align-left\" data-align=\"left\"><strong>M\u00e1quina l\u00e1ser de CO\u2082 de doble cabezal VankCut-1610<\/strong><\/th><\/tr><\/thead><tbody><tr><td class=\"has-text-align-left\" data-align=\"left\"><strong>Cabezales l\u00e1ser<\/strong><\/td><td class=\"has-text-align-left\" data-align=\"left\">Dos cabezales de corte y grabado por CO\u2082<\/td><\/tr><tr><td class=\"has-text-align-left\" data-align=\"left\"><strong>Potencia del tubo l\u00e1ser<\/strong><\/td><td class=\"has-text-align-left\" data-align=\"left\">Se selecciona por persona seg\u00fan la solicitud; se confirmar\u00e1 en el presupuesto.<\/td><\/tr><tr><td class=\"has-text-align-left\" data-align=\"left\"><strong>\u00c1rea de trabajo<\/strong><\/td><td class=\"has-text-align-left\" data-align=\"left\">1600 \u00d7 1000 mm<\/td><\/tr><tr><td class=\"has-text-align-left\" data-align=\"left\"><strong>Plataforma de trabajo<\/strong><\/td><td class=\"has-text-align-left\" data-align=\"left\">Plataforma tipo \u00abhoja de cuchillo\u00bb o \u00abpanal\u00bb<\/td><\/tr><tr><td class=\"has-text-align-left\" data-align=\"left\"><strong>Sistema de refrigeraci\u00f3n<\/strong><\/td><td class=\"has-text-align-left\" data-align=\"left\">Enfriador de agua industrial adaptado con protecci\u00f3n contra el caudal insuficiente<\/td><\/tr><tr><td class=\"has-text-align-left\" data-align=\"left\"><strong>Sistema de movimiento<\/strong><\/td><td class=\"has-text-align-left\" data-align=\"left\">Gu\u00edas lineales con p\u00f3rtico accionado por correa<\/td><\/tr><tr><td class=\"has-text-align-left\" data-align=\"left\"><strong>Controlador<\/strong><\/td><td class=\"has-text-align-left\" data-align=\"left\">Controlador digital Ruida DSP<\/td><\/tr><tr><td class=\"has-text-align-left\" data-align=\"left\"><strong>Software de control<\/strong><\/td><td class=\"has-text-align-left\" data-align=\"left\">RDWorks; LightBurn con configuraciones compatibles con Ruida<\/td><\/tr><tr><td class=\"has-text-align-left\" data-align=\"left\"><strong>Formatos de archivo compatibles<\/strong><\/td><td class=\"has-text-align-left\" data-align=\"left\">Formatos vectoriales y r\u00e1ster habituales compatibles con el software seleccionado<\/td><\/tr><tr><td class=\"has-text-align-left\" data-align=\"left\"><strong>Posicionamiento<\/strong><\/td><td class=\"has-text-align-left\" data-align=\"left\">Posicionamiento mediante punto rojo; enfoque autom\u00e1tico opcional<\/td><\/tr><tr><td class=\"has-text-align-left\" data-align=\"left\"><strong>Ventilaci\u00f3n y extracci\u00f3n<\/strong><\/td><td class=\"has-text-align-left\" data-align=\"left\">Se requiere asistencia de aire y extracci\u00f3n externa de humos<\/td><\/tr><tr><td class=\"has-text-align-left\" data-align=\"left\"><strong>Suministro el\u00e9ctrico<\/strong><\/td><td class=\"has-text-align-left\" data-align=\"left\">Configurado para la tensi\u00f3n de destino y con las opciones de la m\u00e1quina confirmadas<\/td><\/tr><\/tbody><\/table><\/figure>\n\n\n\n<h2 class=\"wp-block-heading has-text-align-left\">Capacidad de corte orientativa<\/h2>\n\n\n\n<figure class=\"wp-block-table is-style-regular\"><table class=\"has-fixed-layout\"><tbody><tr><td class=\"has-text-align-center\" data-align=\"center\"><strong>Material<\/strong><\/td><td class=\"has-text-align-center\" data-align=\"center\"><strong>80W<\/strong><\/td><td class=\"has-text-align-center\" data-align=\"center\"><strong>100W<\/strong><\/td><td class=\"has-text-align-center\" data-align=\"center\"><strong>130W<\/strong><\/td><td class=\"has-text-align-center\" data-align=\"center\"><strong>150W<\/strong><\/td><td class=\"has-text-align-center\" data-align=\"center\"><strong>200 W<\/strong><\/td><td class=\"has-text-align-center\" data-align=\"center\"><strong>300W<\/strong><\/td><\/tr><tr><td class=\"has-text-align-center\" data-align=\"center\"><strong>Acr\u00edlico<\/strong><\/td><td class=\"has-text-align-center\" data-align=\"center\">10 mm<\/td><td class=\"has-text-align-center\" data-align=\"center\">13 mm<\/td><td class=\"has-text-align-center\" data-align=\"center\">17 mm<\/td><td class=\"has-text-align-center\" data-align=\"center\">20 mm<\/td><td class=\"has-text-align-center\" data-align=\"center\">24 mm<\/td><td class=\"has-text-align-center\" data-align=\"center\">30 mm<\/td><\/tr><tr><td class=\"has-text-align-center\" data-align=\"center\"><strong>Madera de balsa<\/strong><\/td><td class=\"has-text-align-center\" data-align=\"center\">8 mm<\/td><td class=\"has-text-align-center\" data-align=\"center\">8-10 mm<\/td><td class=\"has-text-align-center\" data-align=\"center\">10-13 mm<\/td><td class=\"has-text-align-center\" data-align=\"center\">15 mm<\/td><td class=\"has-text-align-center\" data-align=\"center\">18 mm<\/td><td class=\"has-text-align-center\" data-align=\"center\">22 mm<\/td><\/tr><tr><td class=\"has-text-align-center\" data-align=\"center\"><strong>Madera dura<\/strong><\/td><td class=\"has-text-align-center\" data-align=\"center\">3-4 mm<\/td><td class=\"has-text-align-center\" data-align=\"center\">4-5 mm<\/td><td class=\"has-text-align-center\" data-align=\"center\">5-7 mm<\/td><td class=\"has-text-align-center\" data-align=\"center\">8-10 mm<\/td><td class=\"has-text-align-center\" data-align=\"center\">10-13 mm<\/td><td class=\"has-text-align-center\" data-align=\"center\">10-15 mm<\/td><\/tr><tr><td class=\"has-text-align-center\" data-align=\"center\"><strong>Cart\u00f3n hueco<\/strong><\/td><td class=\"has-text-align-center\" data-align=\"center\">10 mm<\/td><td class=\"has-text-align-center\" data-align=\"center\">12 mm<\/td><td class=\"has-text-align-center\" data-align=\"center\">14 mm<\/td><td class=\"has-text-align-center\" data-align=\"center\">16 mm<\/td><td class=\"has-text-align-center\" data-align=\"center\">18 mm<\/td><td class=\"has-text-align-center\" data-align=\"center\">20 mm<\/td><\/tr><tr><td class=\"has-text-align-center\" data-align=\"center\"><strong>Cart\u00f3n grueso<\/strong><\/td><td class=\"has-text-align-center\" data-align=\"center\">2 mm<\/td><td class=\"has-text-align-center\" data-align=\"center\">2,3 mm<\/td><td class=\"has-text-align-center\" data-align=\"center\">2,6 mm<\/td><td class=\"has-text-align-center\" data-align=\"center\">3 mm<\/td><td class=\"has-text-align-center\" data-align=\"center\">3,5 mm<\/td><td class=\"has-text-align-center\" data-align=\"center\">4 mm<\/td><\/tr><tr><td class=\"has-text-align-center\" data-align=\"center\"><strong>Cuero natural<\/strong><\/td><td class=\"has-text-align-center\" data-align=\"center\">2,5 mm<\/td><td class=\"has-text-align-center\" data-align=\"center\">3 mm<\/td><td class=\"has-text-align-center\" data-align=\"center\">3-4 mm<\/td><td class=\"has-text-align-center\" data-align=\"center\">5 mm<\/td><td class=\"has-text-align-center\" data-align=\"center\">5,5 mm<\/td><td class=\"has-text-align-center\" data-align=\"center\">6 mm<\/td><\/tr><tr><td class=\"has-text-align-center\" data-align=\"center\"><strong>Cuero sint\u00e9tico apto para l\u00e1ser (sin PVC)<\/strong><\/td><td class=\"has-text-align-center\" data-align=\"center\">3-4 mm<\/td><td class=\"has-text-align-center\" data-align=\"center\">4-5 mm<\/td><td class=\"has-text-align-center\" data-align=\"center\">5 mm<\/td><td class=\"has-text-align-center\" data-align=\"center\">5-7 mm<\/td><td class=\"has-text-align-center\" data-align=\"center\">8 mm<\/td><td class=\"has-text-align-center\" data-align=\"center\">10 mm<\/td><\/tr><tr><td class=\"has-text-align-center\" data-align=\"center\"><strong>Tela<\/strong><\/td><td class=\"has-text-align-center\" data-align=\"center\">3-4 mm<\/td><td class=\"has-text-align-center\" data-align=\"center\">5 mm<\/td><td class=\"has-text-align-center\" data-align=\"center\">5 mm<\/td><td class=\"has-text-align-center\" data-align=\"center\">5 mm<\/td><td class=\"has-text-align-center\" data-align=\"center\">5 mm<\/td><td class=\"has-text-align-center\" data-align=\"center\">5 mm<\/td><\/tr><tr><td class=\"has-text-align-center\" data-align=\"center\"><strong>L\u00e1mina de caucho<\/strong><\/td><td class=\"has-text-align-center\" data-align=\"center\">0,8 mm<\/td><td class=\"has-text-align-center\" data-align=\"center\">3 mm<\/td><td class=\"has-text-align-center\" data-align=\"center\">4 mm<\/td><td class=\"has-text-align-center\" data-align=\"center\">4-5 mm<\/td><td class=\"has-text-align-center\" data-align=\"center\">5-6 mm<\/td><td class=\"has-text-align-center\" data-align=\"center\">6-7 mm<\/td><\/tr><tr><td class=\"has-text-align-center\" data-align=\"center\"><strong>Resina<\/strong><\/td><td class=\"has-text-align-center\" data-align=\"center\">1 mm<\/td><td class=\"has-text-align-center\" data-align=\"center\">1,5 mm<\/td><td class=\"has-text-align-center\" data-align=\"center\">2 mm<\/td><td class=\"has-text-align-center\" data-align=\"center\">2,5 mm<\/td><td class=\"has-text-align-center\" data-align=\"center\">3 mm<\/td><td class=\"has-text-align-center\" data-align=\"center\">3,5 mm<\/td><\/tr><tr><td class=\"has-text-align-center\" data-align=\"center\"><strong>MDF<\/strong><\/td><td class=\"has-text-align-center\" data-align=\"center\">4 mm<\/td><td class=\"has-text-align-center\" data-align=\"center\">5-6 mm<\/td><td class=\"has-text-align-center\" data-align=\"center\">6,5-7 mm<\/td><td class=\"has-text-align-center\" data-align=\"center\">8-10 mm<\/td><td class=\"has-text-align-center\" data-align=\"center\">10-11,5 mm<\/td><td class=\"has-text-align-center\" data-align=\"center\">12-13 mm<\/td><\/tr><\/tbody><\/table><\/figure>\n\n\n\n<p class=\"has-text-align-right wp-block-paragraph\"><strong>Solo a t\u00edtulo informativo:<\/strong> La capacidad de corte real depende de la potencia confirmada para el tubo, la composici\u00f3n del material, la densidad, la humedad, el enfoque, la \u00f3ptica, la asistencia de aire, la velocidad y la calidad de corte requerida. Realice pruebas con el material del cliente antes de iniciar la producci\u00f3n.<\/p>\n\n\n\n<p class=\"wp-block-paragraph\"><\/p>\n\n\n<p><iframe loading=\"lazy\" title=\"M\u00e1quina de grabado y corte l\u00e1ser CO2\" src=\"https:\/\/www.youtube.com\/embed\/dSXNveu1DUg\" width=\"1920\" height=\"700\" frameborder=\"0\" allowfullscreen=\"allowfullscreen\"><\/iframe><\/p>\n\n\n<h2 class=\"wp-block-heading\"><strong>Materiales compatibles<\/strong><\/h2>\n\n\n\n<p class=\"has-text-align-left wp-block-paragraph\">Entre los materiales habituales se incluyen la madera, el contrachapado, el MDF, el acr\u00edlico, el papel, el cart\u00f3n, los tejidos, el cuero natural, el cuero sint\u00e9tico sin PVC, determinadas espumas y el caucho apto para l\u00e1ser. El vidrio, la piedra recubierta y la cer\u00e1mica pueden grabarse tras realizar pruebas con muestras. No proceses nunca PVC, vinilo ni materiales halogenados desconocidos, ya que pueden generarse humos peligrosos y corrosivos.<\/p>\n\n\n\n<h2 class=\"wp-block-heading\"><strong>Sectores y aplicaciones<\/strong><\/h2>\n\n\n\n<p class=\"wp-block-paragraph\">Entre sus aplicaciones m\u00e1s habituales se encuentran los carteles y expositores, la fabricaci\u00f3n de piezas de acr\u00edlico, los prototipos de embalaje, las manualidades con papel, los patrones de confecci\u00f3n, el corte de tejidos, los art\u00edculos de cuero, las maquetas arquitect\u00f3nicas, los productos educativos, los regalos y la producci\u00f3n a medida en talleres.<\/p>\n\n\n\n<p class=\"wp-block-paragraph\"><\/p>\n\n\n\n<div class=\"wp-block-columns is-layout-flex wp-container-core-columns-is-layout-8f761849 wp-block-columns-is-layout-flex\">\n<div class=\"wp-block-column is-layout-flow wp-block-column-is-layout-flow\">\n<figure class=\"wp-block-image size-full\"><img loading=\"lazy\" decoding=\"async\" width=\"600\" height=\"500\" src=\"https:\/\/vanklaser.com\/wp-content\/uploads\/2025\/12\/123.jpg\" alt=\"Grabado detallado con l\u00e1ser de CO\u2082 sobre acr\u00edlico transparente\" class=\"wp-image-1689\" srcset=\"https:\/\/vanklaser.com\/wp-content\/uploads\/2025\/12\/123.jpg 600w, https:\/\/vanklaser.com\/wp-content\/uploads\/2025\/12\/123-300x250.jpg 300w\" sizes=\"auto, (max-width: 600px) 100vw, 600px\" \/><\/figure>\n\n\n\n<p class=\"has-text-align-center wp-block-paragraph\">Grabado acr\u00edlico<\/p>\n<\/div>\n\n\n\n<div class=\"wp-block-column is-layout-flow wp-block-column-is-layout-flow\">\n<figure class=\"wp-block-image size-full\"><img loading=\"lazy\" decoding=\"async\" width=\"600\" height=\"500\" src=\"https:\/\/vanklaser.com\/wp-content\/uploads\/2025\/12\/127-1.jpg\" alt=\"Invitaci\u00f3n de papel con un intrincado dise\u00f1o cortado con l\u00e1ser de CO\u2082\" class=\"wp-image-1719\" srcset=\"https:\/\/vanklaser.com\/wp-content\/uploads\/2025\/12\/127-1.jpg 600w, https:\/\/vanklaser.com\/wp-content\/uploads\/2025\/12\/127-1-300x250.jpg 300w\" sizes=\"auto, (max-width: 600px) 100vw, 600px\" \/><\/figure>\n\n\n\n<p class=\"has-text-align-center wp-block-paragraph\">Recorte de papel<\/p>\n<\/div>\n\n\n\n<div class=\"wp-block-column is-layout-flow wp-block-column-is-layout-flow\">\n<figure class=\"wp-block-image size-full\"><img loading=\"lazy\" decoding=\"async\" width=\"600\" height=\"500\" src=\"https:\/\/vanklaser.com\/wp-content\/uploads\/2025\/12\/125.jpg\" alt=\"Dise\u00f1o floral grabado con l\u00e1ser de CO\u2082 sobre madera\" class=\"wp-image-1691\" srcset=\"https:\/\/vanklaser.com\/wp-content\/uploads\/2025\/12\/125.jpg 600w, https:\/\/vanklaser.com\/wp-content\/uploads\/2025\/12\/125-300x250.jpg 300w\" sizes=\"auto, (max-width: 600px) 100vw, 600px\" \/><\/figure>\n\n\n\n<p class=\"has-text-align-center wp-block-paragraph\">Grabado en madera<\/p>\n<\/div>\n<\/div>\n\n\n\n<div class=\"wp-block-columns is-layout-flex wp-container-core-columns-is-layout-8f761849 wp-block-columns-is-layout-flex\">\n<div class=\"wp-block-column is-layout-flow wp-block-column-is-layout-flow\">\n<figure class=\"wp-block-image size-full\"><img loading=\"lazy\" decoding=\"async\" width=\"600\" height=\"500\" src=\"https:\/\/vanklaser.com\/wp-content\/uploads\/2025\/12\/124-1.jpg\" alt=\"Letras de acr\u00edlico iluminadas cortadas con l\u00e1ser de CO\u2082\" class=\"wp-image-1718\" srcset=\"https:\/\/vanklaser.com\/wp-content\/uploads\/2025\/12\/124-1.jpg 600w, https:\/\/vanklaser.com\/wp-content\/uploads\/2025\/12\/124-1-300x250.jpg 300w\" sizes=\"auto, (max-width: 600px) 100vw, 600px\" \/><\/figure>\n\n\n\n<p class=\"has-text-align-center wp-block-paragraph\">Corte de acr\u00edlico<\/p>\n<\/div>\n\n\n\n<div class=\"wp-block-column is-layout-flow wp-block-column-is-layout-flow\">\n<figure class=\"wp-block-image size-full\"><img loading=\"lazy\" decoding=\"async\" width=\"600\" height=\"500\" src=\"https:\/\/vanklaser.com\/wp-content\/uploads\/2025\/12\/128.jpg\" alt=\"Muestra de sello y timbre grabados con l\u00e1ser de CO\u2082\" class=\"wp-image-1721\" srcset=\"https:\/\/vanklaser.com\/wp-content\/uploads\/2025\/12\/128.jpg 600w, https:\/\/vanklaser.com\/wp-content\/uploads\/2025\/12\/128-300x250.jpg 300w\" sizes=\"auto, (max-width: 600px) 100vw, 600px\" \/><\/figure>\n\n\n\n<p class=\"has-text-align-center wp-block-paragraph\">Grabado de sellos<\/p>\n<\/div>\n\n\n\n<div class=\"wp-block-column is-layout-flow wp-block-column-is-layout-flow\">\n<figure class=\"wp-block-image size-full\"><img loading=\"lazy\" decoding=\"async\" width=\"600\" height=\"500\" src=\"https:\/\/vanklaser.com\/wp-content\/uploads\/2025\/12\/126-1.jpg\" alt=\"Piezas decorativas de madera cortadas con l\u00e1ser de CO\u2082\" class=\"wp-image-1720\" srcset=\"https:\/\/vanklaser.com\/wp-content\/uploads\/2025\/12\/126-1.jpg 600w, https:\/\/vanklaser.com\/wp-content\/uploads\/2025\/12\/126-1-300x250.jpg 300w\" sizes=\"auto, (max-width: 600px) 100vw, 600px\" \/><\/figure>\n\n\n\n<p class=\"has-text-align-center wp-block-paragraph\">Corte de madera<\/p>\n<\/div>\n<\/div>\n\n\n\n<div class=\"wp-block-columns is-layout-flex wp-container-core-columns-is-layout-8f761849 wp-block-columns-is-layout-flex\">\n<div class=\"wp-block-column is-layout-flow wp-block-column-is-layout-flow\">\n<div class=\"wp-block-cover\"><img loading=\"lazy\" decoding=\"async\" width=\"1024\" height=\"477\" class=\"wp-block-cover__image-background wp-image-1776\" alt=\"Mesa de trabajo con cuchilla dentro de una cortadora l\u00e1ser de CO\u2082\" src=\"https:\/\/vanklaser.com\/wp-content\/uploads\/2025\/12\/138-1024x477.jpg\" data-object-fit=\"cover\" srcset=\"https:\/\/vanklaser.com\/wp-content\/uploads\/2025\/12\/138-1024x477.jpg 1024w, https:\/\/vanklaser.com\/wp-content\/uploads\/2025\/12\/138-300x140.jpg 300w, https:\/\/vanklaser.com\/wp-content\/uploads\/2025\/12\/138-768x358.jpg 768w, https:\/\/vanklaser.com\/wp-content\/uploads\/2025\/12\/138-1536x715.jpg 1536w, https:\/\/vanklaser.com\/wp-content\/uploads\/2025\/12\/138.jpg 1980w\" sizes=\"auto, (max-width: 1024px) 100vw, 1024px\" \/><span aria-hidden=\"true\" class=\"wp-block-cover__background has-background-dim\"><\/span><div class=\"wp-block-cover__inner-container is-layout-flow wp-block-cover-is-layout-flow\">\n\n<h2 class=\"wp-block-heading has-text-align-center has-large-font-size\">Mesas de cuchillas y panal<\/h2>\n\n\n<p class=\"has-text-align-center wp-block-paragraph\">Utiliza la plataforma con cuchillas para l\u00e1minas r\u00edgidas y la plataforma alveolar para papel, tela, cuero y otros materiales flexibles que necesiten un soporte continuo.<\/p>\n\n<\/div><\/div>\n<\/div>\n<\/div>\n\n\n\n<div class=\"wp-block-columns is-layout-flex wp-container-core-columns-is-layout-8f761849 wp-block-columns-is-layout-flex\">\n<div class=\"wp-block-column is-layout-flow wp-block-column-is-layout-flow\">\n<figure class=\"wp-block-image size-full\"><img loading=\"lazy\" decoding=\"async\" width=\"800\" height=\"447\" src=\"https:\/\/vanklaser.com\/wp-content\/uploads\/2025\/12\/\u56fe\u5c42-83.jpg\" alt=\"Interfaz del software de corte y grabado por l\u00e1ser RDWorks\" class=\"wp-image-1737\" srcset=\"https:\/\/vanklaser.com\/wp-content\/uploads\/2025\/12\/\u56fe\u5c42-83.jpg 800w, https:\/\/vanklaser.com\/wp-content\/uploads\/2025\/12\/\u56fe\u5c42-83-300x168.jpg 300w, https:\/\/vanklaser.com\/wp-content\/uploads\/2025\/12\/\u56fe\u5c42-83-768x429.jpg 768w\" sizes=\"auto, (max-width: 800px) 100vw, 800px\" \/><\/figure>\n\n\n\n<h2 class=\"wp-block-heading has-text-align-left\">Sistema de control digital Ruida<\/h2>\n\n\n\n<p class=\"has-text-align-left wp-block-paragraph\">El flujo de trabajo de control de Ruida es compatible con material gr\u00e1fico vectorial y r\u00e1ster habitual, ajustes de potencia y velocidad basados en capas, posicionamiento de trabajos y procesamiento sin conexi\u00f3n. RDWorks se suministra para las configuraciones de Windows compatibles; LightBurn se puede utilizar cuando el controlador Ruida instalado figura en la lista de dispositivos compatibles de LightBurn.<\/p>\n<\/div>\n\n\n\n<div class=\"wp-block-column is-layout-flow wp-block-column-is-layout-flow\">\n<figure class=\"wp-block-image size-full\"><img loading=\"lazy\" decoding=\"async\" width=\"800\" height=\"447\" src=\"https:\/\/vanklaser.com\/wp-content\/uploads\/2025\/12\/134.jpg\" alt=\"Panel de control digital Ruida para m\u00e1quina l\u00e1ser de CO\u2082\" class=\"wp-image-1736\" srcset=\"https:\/\/vanklaser.com\/wp-content\/uploads\/2025\/12\/134.jpg 800w, https:\/\/vanklaser.com\/wp-content\/uploads\/2025\/12\/134-300x168.jpg 300w, https:\/\/vanklaser.com\/wp-content\/uploads\/2025\/12\/134-768x429.jpg 768w\" sizes=\"auto, (max-width: 800px) 100vw, 800px\" \/><\/figure>\n\n\n\n<h2 class=\"wp-block-heading\">Controlador Ruida RD6445<\/h2>\n\n\n\n<p class=\"wp-block-paragraph\">El panel de la serie RD6445 permite seleccionar los trabajos directamente desde la m\u00e1quina, controlar el origen, ajustar la velocidad y la potencia, as\u00ed como supervisar el encuadre y el estado. Confirme la revisi\u00f3n exacta del controlador y el paquete de software en el presupuesto.<\/p>\n<\/div>\n<\/div>\n\n\n\n<div class=\"wp-block-columns is-layout-flex wp-container-core-columns-is-layout-8f761849 wp-block-columns-is-layout-flex\">\n<div class=\"wp-block-column is-layout-flow wp-block-column-is-layout-flow\">\n<figure class=\"wp-block-image size-full\"><img loading=\"lazy\" decoding=\"async\" width=\"800\" height=\"447\" src=\"https:\/\/vanklaser.com\/wp-content\/uploads\/2025\/12\/139.jpg\" alt=\"Cabezal l\u00e1ser de CO\u2082 y sistema de movimiento lineal protegido\" class=\"wp-image-1781\" srcset=\"https:\/\/vanklaser.com\/wp-content\/uploads\/2025\/12\/139.jpg 800w, https:\/\/vanklaser.com\/wp-content\/uploads\/2025\/12\/139-300x168.jpg 300w, https:\/\/vanklaser.com\/wp-content\/uploads\/2025\/12\/139-768x429.jpg 768w\" sizes=\"auto, (max-width: 800px) 100vw, 800px\" \/><\/figure>\n\n\n\n<h2 class=\"wp-block-heading\">Cabezal de corte y grabado l\u00e1ser CO\u2082<\/h2>\n\n\n\n<p class=\"wp-block-paragraph\">Dise\u00f1ado para cortar y grabar materiales no met\u00e1licos homologados, como madera, acr\u00edlico, papel, tejidos y cuero sin PVC.<\/p>\n<\/div>\n\n\n\n<div class=\"wp-block-column is-layout-flow wp-block-column-is-layout-flow\">\n<figure class=\"wp-block-image size-full\"><img loading=\"lazy\" decoding=\"async\" width=\"800\" height=\"447\" src=\"https:\/\/vanklaser.com\/wp-content\/uploads\/2025\/12\/140.jpg\" alt=\"Transmisi\u00f3n por correa protegida y carril gu\u00eda en el interior de la m\u00e1quina l\u00e1ser\" class=\"wp-image-1783\" srcset=\"https:\/\/vanklaser.com\/wp-content\/uploads\/2025\/12\/140.jpg 800w, https:\/\/vanklaser.com\/wp-content\/uploads\/2025\/12\/140-300x168.jpg 300w, https:\/\/vanklaser.com\/wp-content\/uploads\/2025\/12\/140-768x429.jpg 768w\" sizes=\"auto, (max-width: 800px) 100vw, 800px\" \/><\/figure>\n\n\n\n<h2 class=\"wp-block-heading\">Tubos l\u00e1ser CO\u2082 refrigerados por agua<\/h2>\n\n\n\n<p class=\"wp-block-paragraph\">Los tubos de l\u00e1ser de CO\u2082 de vidrio se adaptan a la aplicaci\u00f3n y al enfriador seleccionados. La marca del tubo, la potencia nominal, la cantidad, la garant\u00eda y los requisitos de refrigeraci\u00f3n se confirman en el presupuesto definitivo.<\/p>\n<\/div>\n<\/div>\n\n\n\n<p class=\"wp-block-paragraph\"><\/p>\n\n\n\n<h2 class=\"wp-block-heading\"><strong>Accesorios opcionales para diferentes piezas de trabajo<\/strong><\/h2>\n\n\n\n<p class=\"wp-block-paragraph\">Una mesa de trabajo opcional con eje Z motorizado ofrece espacio suficiente para piezas m\u00e1s altas y accesorios giratorios. Comprueba la carrera necesaria en funci\u00f3n de la altura m\u00e1xima de la pieza de trabajo y el di\u00e1metro del accesorio.<\/p>\n\n\n\n<ol class=\"wp-block-list\">\n<li>Mesa de trabajo con movimiento vertical motorizado para piezas m\u00e1s gruesas y espacio libre de giro.<\/li>\n\n\n\n<li>Posicionamiento mediante punto rojo y enfoque autom\u00e1tico opcional para una configuraci\u00f3n m\u00e1s r\u00e1pida y un ajuste de la altura de enfoque.<\/li>\n\n\n\n<li>Dispositivo giratorio de rodillos para botellas, vasos y otras piezas cil\u00edndricas; util\u00edcelo con suficiente holgura en el eje Z.<\/li>\n\n\n\n<li>Dispositivo giratorio de sujeci\u00f3n para piezas cil\u00edndricas con soporte, como tubos de madera y componentes redondos.<\/li>\n<\/ol>\n\n\n\n<p class=\"wp-block-paragraph\"><\/p>\n\n\n\n<p class=\"wp-block-paragraph\"><\/p>\n\n\n\n<h2 class=\"wp-block-heading\">Preguntas frecuentes<\/h2>\n\n\n\n<p class=\"wp-block-paragraph\"><\/p>\n\n\n\n<h3 class=\"wp-block-heading\">\u00bfQu\u00e9 materiales puede procesar una m\u00e1quina de grabado\/corte por l\u00e1ser de CO2?<\/h3>\n\n\n\n<p class=\"wp-block-paragraph\">Esta m\u00e1quina procesa numerosos materiales no met\u00e1licos homologados, entre los que se incluyen la madera, la madera contrachapada, el MDF, el acr\u00edlico, el papel, el cart\u00f3n, los tejidos, el cuero natural, el cuero sint\u00e9tico sin PVC y determinadas espumas o cauchos aptos para el corte por l\u00e1ser. Es imprescindible confirmar la composici\u00f3n del material antes del corte; no proceses PVC, vinilo ni materiales halogenados desconocidos.<\/p>\n\n\n\n<p class=\"wp-block-paragraph\"><\/p>\n\n\n\n<h3 class=\"wp-block-heading\">\u00bfPuede un l\u00e1ser de CO2 cortar o grabar metal?<\/h3>\n\n\n\n<p class=\"wp-block-paragraph\">Una configuraci\u00f3n est\u00e1ndar de CO\u2082 con tubo de vidrio est\u00e1 pensada para materiales no met\u00e1licos y no corta chapa met\u00e1lica sin recubrimiento. Puede marcar algunas superficies recubiertas o anodizadas si se utiliza el proceso adecuado. El corte de chapa fina requiere una configuraci\u00f3n espec\u00edfica para metales y materiales no met\u00e1licos, con \u00f3pticas, asistencia de gas y sistemas de seguridad adecuados, que deben especificarse por separado.<\/p>\n\n\n\n<p class=\"wp-block-paragraph\"><\/p>\n\n\n\n<h3 class=\"wp-block-heading\">\u00bfPor qu\u00e9 el tubo l\u00e1ser no emite luz o pierde potencia?<\/h3>\n\n\n\n<p class=\"wp-block-paragraph\">Si el tubo no se enciende o la potencia de salida disminuye, det\u00e9n el proceso y comprueba la alarma del controlador, la parada de emergencia, la tapa o los enclavamientos de seguridad, el estado del enfriador, el caudal del refrigerante, la contaminaci\u00f3n de los componentes \u00f3pticos, el enfoque y las horas de funcionamiento del tubo.<\/p>\n\n\n\n<p class=\"wp-block-paragraph\">No abras los compartimentos de alta tensi\u00f3n ni anules la protecci\u00f3n contra el flujo de agua. Las fuentes de alimentaci\u00f3n de los l\u00e1seres de CO\u2082 pueden retener tensiones peligrosas. Si las comprobaciones externas habituales no resuelven el problema, apaga y a\u00edsla la m\u00e1quina y ponte en contacto con personal de mantenimiento cualificado.<\/p>\n\n\n\n<p class=\"wp-block-paragraph\"><\/p>\n\n\n\n<h3 class=\"wp-block-heading\">\u00bfQu\u00e9 mantenimiento requieren la enfriadora y el sistema de refrigeraci\u00f3n por agua?<\/h3>\n\n\n\n<p class=\"wp-block-paragraph\">Utilice el l\u00edquido refrigerante especificado para el tubo l\u00e1ser y el enfriador seleccionados, mantenga el agua limpia, revise las mangueras y el caudal, y limpie el filtro del enfriador y las superficies de intercambio de calor. Sustituya el l\u00edquido refrigerante en los intervalos indicados en el manual del enfriador y seg\u00fan las condiciones de funcionamiento locales.<\/p>\n\n\n\n<p class=\"wp-block-paragraph\">Instala el enfriador dejando un espacio libre para la ventilaci\u00f3n y supervisa la temperatura de entrada y salida durante la producci\u00f3n. Nunca pongas en marcha el l\u00e1ser cuando haya activada una alarma de caudal, temperatura o protecci\u00f3n del agua.<\/p>\n\n\n\n<p class=\"wp-block-paragraph\"><\/p>\n\n\n\n<h3 class=\"wp-block-heading\">\u00bfCu\u00e1l es la diferencia entre el l\u00e1ser de CO2 y el l\u00e1ser de fibra?<\/h3>\n\n\n\n<p class=\"wp-block-paragraph\"><\/p>\n\n\n\n<p class=\"wp-block-paragraph\">Los l\u00e1seres de CO\u2082 suelen utilizarse para marcar madera, acr\u00edlico, papel, tejidos, cuero y otros materiales org\u00e1nicos o no met\u00e1licos. Por lo general, se prefieren los l\u00e1seres de fibra para el marcado y el corte de metales. La elecci\u00f3n de la fuente adecuada depende del material, el grosor, el proceso requerido y el ritmo de producci\u00f3n.<\/p>\n\n\n\n<h3 class=\"wp-block-heading\">\u00bfQu\u00e9 tama\u00f1os de \u00e1rea de trabajo son habituales?<\/h3>\n\n\n\n<p class=\"wp-block-paragraph\">La VankCut-1610 cuenta con un \u00e1rea de trabajo de 1600 \u00d7 1000 mm. Se pueden ofrecer presupuestos para otros formatos de la VankCut, como 1300 \u00d7 900 mm y 1300 \u00d7 2500 mm, cuando se requiera un tama\u00f1o de l\u00e1mina diferente o un espacio de instalaci\u00f3n distinto en el taller.<\/p>","protected":false},"excerpt":{"rendered":"<p>VankCut-1610 Dual-Head CO2 Laser Cutting Machine The VankCut-1610 is a dual-head CO2 laser cutting and engraving machine for shops that need higher throughput on acrylic, wood, paper, textiles, leather and other approved non-metal materials. Its 1600 \u00d7 1000 mm work area, Ruida digital control, water-cooled glass laser tubes and interchangeable knife-blade or honeycomb platforms support [&hellip;]<\/p>\n","protected":false},"author":1,"featured_media":0,"comment_status":"open","ping_status":"open","sticky":false,"template":"","format":"standard","meta":{"footnotes":""},"categories":[6],"tags":[],"class_list":["post-2257","post","type-post","status-publish","format-standard","hentry","category-advertising-industry"],"_links":{"self":[{"href":"https:\/\/vanklaser.com\/es\/wp-json\/wp\/v2\/posts\/2257","targetHints":{"allow":["GET"]}}],"collection":[{"href":"https:\/\/vanklaser.com\/es\/wp-json\/wp\/v2\/posts"}],"about":[{"href":"https:\/\/vanklaser.com\/es\/wp-json\/wp\/v2\/types\/post"}],"author":[{"embeddable":true,"href":"https:\/\/vanklaser.com\/es\/wp-json\/wp\/v2\/users\/1"}],"replies":[{"embeddable":true,"href":"https:\/\/vanklaser.com\/es\/wp-json\/wp\/v2\/comments?post=2257"}],"version-history":[{"count":5,"href":"https:\/\/vanklaser.com\/es\/wp-json\/wp\/v2\/posts\/2257\/revisions"}],"predecessor-version":[{"id":3478,"href":"https:\/\/vanklaser.com\/es\/wp-json\/wp\/v2\/posts\/2257\/revisions\/3478"}],"wp:attachment":[{"href":"https:\/\/vanklaser.com\/es\/wp-json\/wp\/v2\/media?parent=2257"}],"wp:term":[{"taxonomy":"category","embeddable":true,"href":"https:\/\/vanklaser.com\/es\/wp-json\/wp\/v2\/categories?post=2257"},{"taxonomy":"post_tag","embeddable":true,"href":"https:\/\/vanklaser.com\/es\/wp-json\/wp\/v2\/tags?post=2257"}],"curies":[{"name":"wp","href":"https:\/\/api.w.org\/{rel}","templated":true}]}}