{"id":2225,"date":"2025-12-18T07:33:07","date_gmt":"2025-12-18T07:33:07","guid":{"rendered":"https:\/\/isn514upfp.wpdns.site\/?p=2225"},"modified":"2026-07-29T17:51:18","modified_gmt":"2026-07-29T17:51:18","slug":"maquina-de-marcado-laser-co2","status":"publish","type":"post","link":"https:\/\/vanklaser.com\/es\/co2-laser-marking-machine\/","title":{"rendered":"M\u00e1quina de marcado l\u00e1ser CO2 galvo de 30-60 W"},"content":{"rendered":"<p class=\"wp-block-paragraph\"><\/p>\n\n\n\n<p class=\"wp-block-paragraph\">Las m\u00e1quinas de marcado l\u00e1ser de CO\u2082 galv\u00e1nico Vank utilizan una fuente sellada excitada por radiofrecuencia y un esc\u00e1ner de alta velocidad para el codificado permanente, el marcado superficial y el grabado superficial en materiales no met\u00e1licos compatibles. Entre los trabajos habituales se incluyen logotipos, datos de serie, c\u00f3digos QR, c\u00f3digos de fecha, n\u00fameros de lote y gr\u00e1ficos decorativos sobre madera, acr\u00edlico, papel, cart\u00f3n, cuero homologado, vidrio, cer\u00e1mica y determinados pol\u00edmeros.<\/p>\n\n\n\n<p class=\"wp-block-paragraph\">Elija 30, 40 o 60 W seg\u00fan la absorci\u00f3n del material, el campo de marcado, el contraste o la profundidad requeridos y el tiempo de ciclo. Este es un sistema l\u00e1ser de clase 4 con haz abierto: requiere zona controlada o cerramiento conforme, enclavamientos, contenci\u00f3n del haz, EPI para la longitud de onda, control de incendios y extracci\u00f3n localizada.<\/p>\n\n\n\n<p><img decoding=\"async\" src=\"\/wp-content\/uploads\/replace\/035c15a11fe0c0e5d137bf05fcfdffdf.png\" alt=\"M\u00e1quina de marcado por l\u00e1ser de CO\u2082 para madera, acr\u00edlico, cuero y materiales de embalaje\" usemap=\"#1766039861996\" border=\"0\"><map id=\"1766039861996\" name=\"1766039861996\"><\/map><\/p>\n\n\n\n<h2 class=\"wp-block-heading\">Materiales adecuados para el marcado l\u00e1ser CO2<\/h2>\n\n\n\n<p class=\"wp-block-paragraph\">Confirme la formulaci\u00f3n exacta y la ficha de datos de seguridad antes del procesamiento. No procese con l\u00e1ser PVC, vinilo, PTFE, materiales halogenados, cuero con cromo(VI) ni compuestos desconocidos, ya que pueden generar emisiones peligrosas o corrosivas.<\/p>\n\n\n\n<ul class=\"wp-block-list\">\n<li>Madera y productos derivados de la madera: madera maciza, bamb\u00fa, chapa, MDF y contrachapado, tras comprobar el contenido de resina, adhesivo y recubrimiento.<\/li>\n\n\n\n<li>Acr\u00edlico y pl\u00e1sticos seleccionados: PMMA, materiales para expositores compatibles con l\u00e1ser y pol\u00edmeros homologados; se excluyen el PVC\/vinilo y las formulaciones ign\u00edfugas o halogenadas de composici\u00f3n desconocida.<\/li>\n\n\n\n<li>Cuero y tejidos: cuero natural y cuero sint\u00e9tico certificado como libre de PVC y hal\u00f3genos, denim, fieltro, etiquetas y complementos de confecci\u00f3n; revisar los tintes, los recubrimientos y el contenido de cromo.<\/li>\n\n\n\n<li>Papel y cart\u00f3n: envases de cart\u00f3n, cajas, tarjetas, etiquetas y embalajes impresos, tras comprobar las tintas, los laminados y los recubrimientos de barrera.<\/li>\n\n\n\n<li>Vidrio y cer\u00e1mica: el mateado o marcado de la superficie solo se realizar\u00e1 tras realizar las pruebas de fractura, astillamiento, comportamiento del recubrimiento y contraste requerido.<\/li>\n\n\n\n<li>Caucho y espuma: utilice \u00fanicamente compuestos identificados y compatibles con el l\u00e1ser que cuenten con un sistema de extracci\u00f3n adecuado; las formulaciones var\u00edan considerablemente y no deben utilizarse materiales desconocidos.<\/li>\n\n\n\n<li>Metal pintado o recubierto: un l\u00e1ser de CO\u2082 puede eliminar o alterar el recubrimiento, mientras que el marcado sobre metal sin recubrimiento suele requerir un l\u00e1ser de fibra. Identifica la composici\u00f3n qu\u00edmica del recubrimiento y capta los humos en el punto de origen.<\/li>\n<\/ul>\n\n\n\n<p><img decoding=\"async\" src=\"\/wp-content\/uploads\/replace\/764ad6e29839c27cc3c6bee4ef4b5589.png\" alt=\"Muestras de marcado con l\u00e1ser de CO\u2082 sobre madera, cuero, acr\u00edlico, papel y vidrio\" usemap=\"#1766042948510\" border=\"0\"><map id=\"1766042948510\" name=\"1766042948510\"><\/map><\/p>\n\n\n\n<h2 class=\"wp-block-heading\">Aplicaciones t\u00edpicas del marcado con l\u00e1ser de CO\u2082<\/h2>\n\n\n\n<p class=\"wp-block-paragraph\">Utiliza accesorios de sujeci\u00f3n, lentes de campo y recetas probadas para adaptar las piezas planas, perfiladas o giratorias. La calidad del c\u00f3digo, la durabilidad y el rendimiento deben verificarse en el material real y con el acabado de producci\u00f3n.<\/p>\n\n\n\n<ul class=\"wp-block-list\">\n<li>Logotipos e identificaciones en madera, PMMA, art\u00edculos de cuero homologados y embalajes<\/li>\n\n\n\n<li>C\u00f3digos QR, c\u00f3digos de barras, c\u00f3digos de fecha y datos de lote en materiales de embalaje homologados<\/li>\n\n\n\n<li>Grabado decorativo en superficies de regalos, etiquetas, productos artesanales y art\u00edculos personalizados<\/li>\n\n\n\n<li>Efectos superficiales evaluados en vidrio, cer\u00e1mica y productos recubiertos<\/li>\n\n\n\n<li>Etiquetas para prendas, tela vaquera, fieltro y parches de cuero compatibles con l\u00e1ser (verificados)<\/li>\n\n\n\n<li>Datos de serie y marcas de trazabilidad en componentes industriales no met\u00e1licos compatibles<\/li>\n<\/ul>\n\n\n\n<h2 class=\"wp-block-heading\">Especificaciones del marcador l\u00e1ser CO2 de 30-60 W<\/h2>\n\n\n\n<figure class=\"wp-block-table\"><table class=\"has-fixed-layout\"><tbody><tr><th>Modelo<\/th><th>M\u00e1quina de marcado por l\u00e1ser de CO\u2082 con galv\u00e1nico de 30-60 W<\/th><\/tr><tr><td>Potencia nominal del l\u00e1ser<\/td><td>30 W \/ 40 W \/ 60 W<\/td><\/tr><tr><td>Fuente l\u00e1ser<\/td><td>Fuente de CO\u2082 sellada y excitada por radiofrecuencia; marca y modelo confirmados<\/td><\/tr><tr><td>Longitud de onda est\u00e1ndar<\/td><td>10,6 \u00b5m; otras longitudes de onda de CO\u2082 \u00fanicamente si la fuente est\u00e1 confirmada<\/td><\/tr><tr><td>Opciones de marcado de campos<\/td><td>De 70 \u00d7 70 a 300 \u00d7 300 mm; depende de la lente de campo<\/td><\/tr><tr><td>Ajuste de la velocidad del galvan\u00f3metro<\/td><td>Hasta 7000 mm\/s; la velocidad de aplicaci\u00f3n depende del trabajo<\/td><\/tr><tr><td>Referencia m\u00ednima de caracter\u00edsticas<\/td><td>Confirmar mediante una muestra con la lente y el material seleccionados<\/td><\/tr><tr><td>Profundidad de grabado<\/td><td>Depende del material, la potencia, la lente, los pases y la aceptaci\u00f3n<\/td><\/tr><tr><td>Repetibilidad<\/td><td>Depende del controlador, el objetivo, el enfoque, el dispositivo de fijaci\u00f3n y la calibraci\u00f3n<\/td><\/tr><tr><td>Controlador \/ software<\/td><td>Placa compatible con JCZ con el software EZCAD correspondiente<\/td><\/tr><tr><td>Flujo de trabajo de archivos<\/td><td>Texto, c\u00f3digos, vectores e im\u00e1genes de mapa de bits compatibles con determinados programas<\/td><\/tr><tr><td>Fuente de alimentaci\u00f3n<\/td><td>110\/220 V CA, 50\/60 Hz; configuraci\u00f3n regional<\/td><\/tr><tr><td>Refrigeraci\u00f3n \/ potencia de entrada<\/td><td>La refrigeraci\u00f3n por aire o por agua y el consumo dependen del modelo de la fuente.<\/td><\/tr><tr><td>Configuraci\u00f3n opcional<\/td><td>Eje giratorio, lentes, soportes, carcasa y sistema de extracci\u00f3n de humos<\/td><\/tr><tr><td>Clasificaci\u00f3n por l\u00e1ser<\/td><td>Sistema de viga abierta de clase 4<\/td><\/tr><\/tbody><\/table><\/figure>\n\n\n\n<p class=\"wp-block-paragraph\"><iframe loading=\"lazy\" title=\"M\u00e1quina de marcado por l\u00e1ser de CO\u2082 para materiales no met\u00e1licos\" src=\"https:\/\/www.youtube.com\/embed\/G0XZlC8BQmQ\" width=\"1920\" height=\"700\" frameborder=\"0\" allowfullscreen=\"allowfullscreen\"><\/iframe><\/p>\n\n\n\n<h2 class=\"wp-block-heading\">Selecci\u00f3n de potencia CO2: 30, 40 o 60 W<\/h2>\n\n\n\n<p class=\"wp-block-paragraph\">La selecci\u00f3n de la potencia depende del material, la longitud de onda, la lente de campo, la marca deseada, el ciclo de trabajo y el tiempo de ciclo. Un campo de marcado m\u00e1s amplio reduce la densidad de potencia, y una mayor potencia no mejora autom\u00e1ticamente los detalles finos. Solicita una muestra utilizando la fuente y la lente propuestas.<\/p>\n\n\n\n<ul class=\"wp-block-list\">\n<li>30 W: adecuado para codificaci\u00f3n de precisi\u00f3n y marcado superficial ligero en papel compatible, madera, cuero homologado, etiquetas y envases peque\u00f1os.<\/li>\n\n\n\n<li>40 W: aporta un margen de proceso adicional para un marcado por lotes m\u00e1s r\u00e1pido o para aplicaciones m\u00e1s exigentes con PMMA, madera y embalajes.<\/li>\n\n\n\n<li>60 W: seleccionado para un mayor rendimiento, campos m\u00e1s amplios o una eliminaci\u00f3n m\u00e1s profunda en materiales compatibles tras realizar pruebas del proceso.<\/li>\n<\/ul>\n\n\n\n<h2 class=\"wp-block-heading\">Marcado con l\u00e1ser de CO\u2082 frente al marcado con l\u00e1ser de fibra<\/h2>\n\n\n\n<p class=\"wp-block-paragraph\">Para la madera, el PMMA, el papel, el cuero y muchos materiales no met\u00e1licos org\u00e1nicos o recubiertos, se suele optar por un marcador de CO\u2082 est\u00e1ndar de 10,6 \u00b5m. Para metales sin recubrimiento y determinados pl\u00e1sticos t\u00e9cnicos, se suele optar por un marcador de fibra de 1064 nm.<\/p>\n\n\n\n<p class=\"wp-block-paragraph\">En algunos casos, es posible marcar metales recubiertos eliminando o modificando el recubrimiento con CO\u2082, pero el acero inoxidable sin recubrimiento, el aluminio, el lat\u00f3n y el cobre suelen requerir fibra. Las pruebas con muestras determinan el contraste, el efecto t\u00e9rmico, el grado del c\u00f3digo y la durabilidad.<\/p>\n\n\n\n<div class=\"wp-block-columns is-layout-flex wp-container-core-columns-is-layout-8f761849 wp-block-columns-is-layout-flex\">\n<div class=\"wp-block-column is-layout-flow wp-block-column-is-layout-flow\">\n<figure class=\"wp-block-image size-full\"><img loading=\"lazy\" decoding=\"async\" width=\"300\" height=\"300\" src=\"https:\/\/vanklaser.com\/wp-content\/uploads\/2025\/12\/5-8.jpg\" alt=\"Marcado con l\u00e1ser de CO\u2082 sobre superficies de madera\" class=\"wp-image-2237\" srcset=\"https:\/\/vanklaser.com\/wp-content\/uploads\/2025\/12\/5-8.jpg 300w, https:\/\/vanklaser.com\/wp-content\/uploads\/2025\/12\/5-8-150x150.jpg 150w\" sizes=\"auto, (max-width: 300px) 100vw, 300px\" \/><\/figure>\n<\/div>\n\n\n\n<div class=\"wp-block-column is-layout-flow wp-block-column-is-layout-flow\">\n<figure class=\"wp-block-image size-full\"><img loading=\"lazy\" decoding=\"async\" width=\"300\" height=\"300\" src=\"https:\/\/vanklaser.com\/wp-content\/uploads\/2025\/12\/6-9.jpg\" alt=\"Marcado con l\u00e1ser de CO\u2082 en material acr\u00edlico para r\u00f3tulos\" class=\"wp-image-2240\" srcset=\"https:\/\/vanklaser.com\/wp-content\/uploads\/2025\/12\/6-9.jpg 300w, https:\/\/vanklaser.com\/wp-content\/uploads\/2025\/12\/6-9-150x150.jpg 150w\" sizes=\"auto, (max-width: 300px) 100vw, 300px\" \/><\/figure>\n<\/div>\n<\/div>\n\n\n\n<div class=\"wp-block-columns is-layout-flex wp-container-core-columns-is-layout-8f761849 wp-block-columns-is-layout-flex\">\n<div class=\"wp-block-column is-layout-flow wp-block-column-is-layout-flow\">\n<figure class=\"wp-block-image size-full\"><img loading=\"lazy\" decoding=\"async\" width=\"300\" height=\"300\" src=\"https:\/\/vanklaser.com\/wp-content\/uploads\/2025\/12\/7-3.jpg\" alt=\"Marcado con l\u00e1ser de CO\u2082 en productos de cuero\" class=\"wp-image-2239\" srcset=\"https:\/\/vanklaser.com\/wp-content\/uploads\/2025\/12\/7-3.jpg 300w, https:\/\/vanklaser.com\/wp-content\/uploads\/2025\/12\/7-3-150x150.jpg 150w\" sizes=\"auto, (max-width: 300px) 100vw, 300px\" \/><\/figure>\n<\/div>\n\n\n\n<div class=\"wp-block-column is-layout-flow wp-block-column-is-layout-flow\">\n<figure class=\"wp-block-image size-full\"><img loading=\"lazy\" decoding=\"async\" width=\"300\" height=\"300\" src=\"https:\/\/vanklaser.com\/wp-content\/uploads\/2025\/12\/8-4.jpg\" alt=\"Marcado con l\u00e1ser de CO\u2082 en una caja de embalaje de papel\" class=\"wp-image-2241\" srcset=\"https:\/\/vanklaser.com\/wp-content\/uploads\/2025\/12\/8-4.jpg 300w, https:\/\/vanklaser.com\/wp-content\/uploads\/2025\/12\/8-4-150x150.jpg 150w\" sizes=\"auto, (max-width: 300px) 100vw, 300px\" \/><\/figure>\n<\/div>\n<\/div>\n\n\n\n<h2 class=\"wp-block-heading\">Componentes principales del sistema Galvo de CO\u2082<\/h2>\n\n\n\n<p><img decoding=\"async\" src=\"\/wp-content\/uploads\/replace\/1486c245ee3f9a2e0654e2dcf263e3f2.png\" alt=\"Componentes principales de una m\u00e1quina de marcado por l\u00e1ser de CO\u2082 con esc\u00e1ner galv\u00e1nico y sistema de control\" usemap=\"#1764656182001\" border=\"0\" \/><map id=\"1764656182001\" name=\"1764656182001\"><\/map><\/p>\n\n\n\n<h2 class=\"wp-block-heading\">Control y flujo de trabajo de archivos de JCZ\/EZCAD<\/h2>\n\n\n\n<p class=\"wp-block-paragraph\">El controlador, cuya compatibilidad con JCZ ha sido confirmada, se suministra con el software EZCAD correspondiente, los controladores y los par\u00e1metros de la m\u00e1quina. Prepara texto, datos en serie, c\u00f3digos de barras, c\u00f3digos QR, vectores o im\u00e1genes de mapa de bits en los formatos compatibles y, a continuaci\u00f3n, comprueba la escala, el relleno, la rotaci\u00f3n y la legibilidad de los c\u00f3digos antes de la producci\u00f3n.<\/p>\n\n\n\n<p class=\"wp-block-paragraph\">Las recomendaciones sobre los par\u00e1metros deben basarse en el material, el recubrimiento, el contenido y el objetivo de producci\u00f3n reales del comprador. Guarde \u00fanicamente las recetas que hayan superado las comprobaciones de contraste, dimensiones, calidad del c\u00f3digo y seguridad.<\/p>\n\n\n\n<div class=\"wp-block-columns is-layout-flex wp-container-core-columns-is-layout-8f761849 wp-block-columns-is-layout-flex\">\n<div class=\"wp-block-column is-layout-flow wp-block-column-is-layout-flow\">\n<figure class=\"wp-block-image size-full\"><img loading=\"lazy\" decoding=\"async\" width=\"600\" height=\"600\" src=\"https:\/\/vanklaser.com\/wp-content\/uploads\/2025\/11\/35.jpg\" alt=\"Posicionamiento del recuadro de previsualizaci\u00f3n de luz roja para el \u00e1rea de marcado l\u00e1ser\" class=\"wp-image-1168\" srcset=\"https:\/\/vanklaser.com\/wp-content\/uploads\/2025\/11\/35.jpg 600w, https:\/\/vanklaser.com\/wp-content\/uploads\/2025\/11\/35-300x300.jpg 300w, https:\/\/vanklaser.com\/wp-content\/uploads\/2025\/11\/35-150x150.jpg 150w\" sizes=\"auto, (max-width: 600px) 100vw, 600px\" \/><\/figure>\n\n\n\n<h2 class=\"wp-block-heading\">Vista previa del recuadro delimitador con luz roja<\/h2>\n\n\n\n<p class=\"wp-block-paragraph\">Un recuadro rojo visible indica el l\u00edmite aproximado del trabajo antes de la emisi\u00f3n. Facilita el posicionamiento, pero no garantiza el enfoque \u00f3ptico, la contenci\u00f3n segura del haz ni la colocaci\u00f3n definitiva de la marca.<\/p>\n<\/div>\n\n\n\n<div class=\"wp-block-column is-layout-flow wp-block-column-is-layout-flow\">\n<figure class=\"wp-block-image size-full\"><img loading=\"lazy\" decoding=\"async\" width=\"600\" height=\"600\" src=\"https:\/\/vanklaser.com\/wp-content\/uploads\/2025\/11\/36.jpg\" alt=\"Posicionamiento del contorno exterior de la luz roja para el contenido del marcado l\u00e1ser\" class=\"wp-image-1169\" srcset=\"https:\/\/vanklaser.com\/wp-content\/uploads\/2025\/11\/36.jpg 600w, https:\/\/vanklaser.com\/wp-content\/uploads\/2025\/11\/36-300x300.jpg 300w, https:\/\/vanklaser.com\/wp-content\/uploads\/2025\/11\/36-150x150.jpg 150w\" sizes=\"auto, (max-width: 600px) 100vw, 600px\" \/><\/figure>\n\n\n\n<h2 class=\"wp-block-heading\">Vista previa del contorno con luz roja<\/h2>\n\n\n\n<p class=\"wp-block-paragraph\">La vista previa del contorno traza la forma exterior del trabajo para ayudar a confirmar la orientaci\u00f3n y el ajuste. Para garantizar una colocaci\u00f3n repetible, siguen siendo necesarios los dispositivos de sujeci\u00f3n y un punto de referencia de producci\u00f3n.<\/p>\n<\/div>\n<\/div>\n\n\n\n<div class=\"wp-block-columns is-layout-flex wp-container-core-columns-is-layout-8f761849 wp-block-columns-is-layout-flex\">\n<div class=\"wp-block-column is-layout-flow wp-block-column-is-layout-flow\">\n<figure class=\"wp-block-image size-full\"><img loading=\"lazy\" decoding=\"async\" width=\"800\" height=\"800\" src=\"https:\/\/vanklaser.com\/wp-content\/uploads\/2025\/12\/5-9.jpg\" alt=\"Fuente l\u00e1ser de CO\u2082 para m\u00e1quina de marcado de materiales no met\u00e1licos\" class=\"wp-image-2248\" srcset=\"https:\/\/vanklaser.com\/wp-content\/uploads\/2025\/12\/5-9.jpg 800w, https:\/\/vanklaser.com\/wp-content\/uploads\/2025\/12\/5-9-300x300.jpg 300w, https:\/\/vanklaser.com\/wp-content\/uploads\/2025\/12\/5-9-150x150.jpg 150w, https:\/\/vanklaser.com\/wp-content\/uploads\/2025\/12\/5-9-768x768.jpg 768w\" sizes=\"auto, (max-width: 800px) 100vw, 800px\" \/><\/figure>\n\n\n\n<h2 class=\"wp-block-heading\">Fuente l\u00e1ser CO2 de RF sellada<\/h2>\n\n\n\n<p class=\"wp-block-paragraph\">Se ha seleccionado la fuente est\u00e1ndar de 10,6 \u00b5m excitada por radiofrecuencia para el marcado de alta velocidad en materiales no met\u00e1licos. La marca de la fuente, la potencia de salida exacta, la longitud de onda, el sistema de refrigeraci\u00f3n, el rango de modulaci\u00f3n y la garant\u00eda se indican en la configuraci\u00f3n firmada.<\/p>\n<\/div>\n\n\n\n<div class=\"wp-block-column is-layout-flow wp-block-column-is-layout-flow\">\n<figure class=\"wp-block-image size-full\"><img loading=\"lazy\" decoding=\"async\" width=\"800\" height=\"800\" src=\"https:\/\/vanklaser.com\/wp-content\/uploads\/2025\/11\/2-4.jpg\" alt=\"Tarjeta de control l\u00e1ser BJJCZ para m\u00e1quina de marcado l\u00e1ser de CO\u2082\" class=\"wp-image-1180\" srcset=\"https:\/\/vanklaser.com\/wp-content\/uploads\/2025\/11\/2-4.jpg 800w, https:\/\/vanklaser.com\/wp-content\/uploads\/2025\/11\/2-4-300x300.jpg 300w, https:\/\/vanklaser.com\/wp-content\/uploads\/2025\/11\/2-4-150x150.jpg 150w, https:\/\/vanklaser.com\/wp-content\/uploads\/2025\/11\/2-4-768x768.jpg 768w\" sizes=\"auto, (max-width: 800px) 100vw, 800px\" \/><\/figure>\n\n\n\n<h2 class=\"wp-block-heading\">Tarjeta de control galvo JCZ<\/h2>\n\n\n\n<p class=\"wp-block-paragraph\">El controlador sincroniza la modulaci\u00f3n del l\u00e1ser, el movimiento del galvan\u00f3metro, la visualizaci\u00f3n previa con luz roja y los ejes giratorios opcionales. Confirma el modelo de la placa, el software, la licencia y las entradas y salidas necesarias para la integraci\u00f3n en la l\u00ednea de producci\u00f3n.<\/p>\n<\/div>\n\n\n\n<div class=\"wp-block-column is-layout-flow wp-block-column-is-layout-flow\">\n<figure class=\"wp-block-image size-full\"><img loading=\"lazy\" decoding=\"async\" width=\"800\" height=\"800\" src=\"https:\/\/vanklaser.com\/wp-content\/uploads\/2025\/11\/3-5.jpg\" alt=\"Esc\u00e1ner de galvan\u00f3metro de alta velocidad para m\u00e1quina de marcado l\u00e1ser de CO\u2082\" class=\"wp-image-1181\" srcset=\"https:\/\/vanklaser.com\/wp-content\/uploads\/2025\/11\/3-5.jpg 800w, https:\/\/vanklaser.com\/wp-content\/uploads\/2025\/11\/3-5-300x300.jpg 300w, https:\/\/vanklaser.com\/wp-content\/uploads\/2025\/11\/3-5-150x150.jpg 150w, https:\/\/vanklaser.com\/wp-content\/uploads\/2025\/11\/3-5-768x768.jpg 768w\" sizes=\"auto, (max-width: 800px) 100vw, 800px\" \/><\/figure>\n\n\n\n<h2 class=\"wp-block-heading\">Esc\u00e1ner galvanom\u00e9trico de alta velocidad<\/h2>\n\n\n\n<p class=\"wp-block-paragraph\">Los espejos de doble eje dirigen el haz a trav\u00e9s de la lente de campo. La velocidad \u00fatil depende de la densidad del contenido, la respuesta del material, la lente, el objetivo de grado de c\u00f3digo y la modulaci\u00f3n de la fuente; el ajuste m\u00e1ximo del controlador no garantiza la producci\u00f3n.<\/p>\n<\/div>\n<\/div>\n\n\n\n<h2 class=\"wp-block-heading\">Accesorios y opciones de marcado rotativo<\/h2>\n\n\n\n<p class=\"wp-block-paragraph\">Selecciona un dispositivo de sujeci\u00f3n en funci\u00f3n del di\u00e1metro de la pieza, la masa, la geometr\u00eda de la superficie, la tolerancia focal requerida y el m\u00e9todo de carga. La calibraci\u00f3n rotativa y el soporte del eje deben ser compatibles con el controlador y el software.<\/p>\n\n\n\n<div class=\"wp-block-columns is-layout-flex wp-container-core-columns-is-layout-8f761849 wp-block-columns-is-layout-flex\">\n<div class=\"wp-block-column is-layout-flow wp-block-column-is-layout-flow\">\n<figure class=\"wp-block-image size-full\"><img loading=\"lazy\" decoding=\"async\" width=\"800\" height=\"800\" src=\"https:\/\/vanklaser.com\/wp-content\/uploads\/2025\/11\/37.jpg\" alt=\"Peque\u00f1o dispositivo giratorio para el marcado l\u00e1ser de productos circulares\" class=\"wp-image-1187\" srcset=\"https:\/\/vanklaser.com\/wp-content\/uploads\/2025\/11\/37.jpg 800w, https:\/\/vanklaser.com\/wp-content\/uploads\/2025\/11\/37-300x300.jpg 300w, https:\/\/vanklaser.com\/wp-content\/uploads\/2025\/11\/37-150x150.jpg 150w, https:\/\/vanklaser.com\/wp-content\/uploads\/2025\/11\/37-768x768.jpg 768w\" sizes=\"auto, (max-width: 800px) 100vw, 800px\" \/><\/figure>\n\n\n\n<h2 class=\"wp-block-heading\">Soporte giratorio para piezas peque\u00f1as<\/h2>\n\n\n\n<p class=\"wp-block-paragraph\">Un mandril compacto o un dispositivo de sujeci\u00f3n con rodillos sirve para sujetar piezas redondas peque\u00f1as compatibles. Comprueba el rango de sujeci\u00f3n, la excentricidad, la posici\u00f3n focal y el riesgo de haces reflejados o dispersos.<\/p>\n<\/div>\n\n\n\n<div class=\"wp-block-column is-layout-flow wp-block-column-is-layout-flow\">\n<figure class=\"wp-block-image size-full\"><img loading=\"lazy\" decoding=\"async\" width=\"800\" height=\"800\" src=\"https:\/\/vanklaser.com\/wp-content\/uploads\/2025\/11\/38.jpg\" alt=\"Soporte plano para piezas de trabajo destinado al marcado l\u00e1ser de chapas finas y etiquetas\" class=\"wp-image-1188\" srcset=\"https:\/\/vanklaser.com\/wp-content\/uploads\/2025\/11\/38.jpg 800w, https:\/\/vanklaser.com\/wp-content\/uploads\/2025\/11\/38-300x300.jpg 300w, https:\/\/vanklaser.com\/wp-content\/uploads\/2025\/11\/38-150x150.jpg 150w, https:\/\/vanklaser.com\/wp-content\/uploads\/2025\/11\/38-768x768.jpg 768w\" sizes=\"auto, (max-width: 800px) 100vw, 800px\" \/><\/figure>\n\n\n\n<h2 class=\"wp-block-heading\">Soporte para piezas planas<\/h2>\n\n\n\n<p class=\"wp-block-paragraph\">Una plantilla plana sirve para fijar l\u00e1minas finas, tarjetas, etiquetas y piezas repetidas. Utiliza materiales para la plantilla resistentes al calor y compatibles con el l\u00e1ser, y mant\u00e9n despejada la trayectoria de extracci\u00f3n.<\/p>\n<\/div>\n\n\n\n<div class=\"wp-block-column is-layout-flow wp-block-column-is-layout-flow\">\n<figure class=\"wp-block-image size-full\"><img loading=\"lazy\" decoding=\"async\" width=\"800\" height=\"800\" src=\"https:\/\/vanklaser.com\/wp-content\/uploads\/2025\/11\/39.jpg\" alt=\"Eje giratorio para botellas destinado al marcado con l\u00e1ser de CO\u2082 en vasos y envases cil\u00edndricos\" class=\"wp-image-1190\" srcset=\"https:\/\/vanklaser.com\/wp-content\/uploads\/2025\/11\/39.jpg 800w, https:\/\/vanklaser.com\/wp-content\/uploads\/2025\/11\/39-300x300.jpg 300w, https:\/\/vanklaser.com\/wp-content\/uploads\/2025\/11\/39-150x150.jpg 150w, https:\/\/vanklaser.com\/wp-content\/uploads\/2025\/11\/39-768x768.jpg 768w\" sizes=\"auto, (max-width: 800px) 100vw, 800px\" \/><\/figure>\n\n\n\n<h2 class=\"wp-block-heading\">Eje giratorio para botellas y cilindros<\/h2>\n\n\n\n<p class=\"wp-block-paragraph\">Un eje giratorio puede envolver texto o gr\u00e1ficos alrededor de vasos, botellas y envases cil\u00edndricos compatibles. Comprueba la variaci\u00f3n del enfoque, la posici\u00f3n de la costura y la distorsi\u00f3n del c\u00f3digo antes de la producci\u00f3n en serie.<\/p>\n<\/div>\n<\/div>\n\n\n\n<h2 class=\"wp-block-heading\">Qu\u00e9 hay que comprobar antes de realizar un pedido<\/h2>\n\n\n\n<p class=\"wp-block-paragraph\">Indique el nombre comercial exacto del material, la ficha de datos de seguridad, el recubrimiento o laminado, las dimensiones del producto, el \u00e1rea de marcado, el contraste o la profundidad requeridos, el grado de c\u00f3digo, el tiempo de ciclo y el m\u00e9todo de carga. Indique tambi\u00e9n si el sistema es aut\u00f3nomo o est\u00e1 integrado en una l\u00ednea de producci\u00f3n.<\/p>\n\n\n\n<p class=\"wp-block-paragraph\">El presupuesto debe indicar el modelo de origen y la longitud de onda, la potencia del l\u00e1ser, la lente de campo, el controlador, el software, los accesorios, la carcasa, el sistema de extracci\u00f3n, la norma el\u00e9ctrica, los documentos de conformidad, la garant\u00eda y los criterios de aceptaci\u00f3n de las muestras.<\/p>\n\n\n\n<h2 class=\"wp-block-heading\">Preguntas frecuentes sobre marcado l\u00e1ser CO2<\/h2>\n\n\n\n<h3 class=\"wp-block-heading\">\u00bfQu\u00e9 materiales puede marcar una m\u00e1quina de marcado l\u00e1ser de CO\u2082?<\/h3>\n\n\n\n<p class=\"wp-block-paragraph\">Entre los materiales compatibles m\u00e1s habituales se incluyen la madera, el PMMA, el papel, el cart\u00f3n, el cuero homologado, los tejidos, el caucho, el vidrio, la cer\u00e1mica y determinados pol\u00edmeros. Quedan excluidos el PVC, el vinilo, el PTFE, los materiales halogenados, el cuero que contenga cromo (VI) y las formulaciones desconocidas.<\/p>\n\n\n\n<h3 class=\"wp-block-heading\">\u00bfEs adecuado el marcado con l\u00e1ser de CO\u2082 para el metal?<\/h3>\n\n\n\n<p class=\"wp-block-paragraph\">Un marcador de CO\u2082 est\u00e1ndar no es la mejor opci\u00f3n para el metal sin recubrimiento. Puede eliminar la pintura, el anodizado u otros recubrimientos, mientras que el marcado directo sobre acero inoxidable, aluminio, lat\u00f3n y cobre suele obtenerse con mejores resultados con un l\u00e1ser de fibra.<\/p>\n\n\n\n<h3 class=\"wp-block-heading\">\u00bfCu\u00e1l es la diferencia entre las m\u00e1quinas de marcado l\u00e1ser de CO\u2082 y las de fibra?<\/h3>\n\n\n\n<p class=\"wp-block-paragraph\">Normalmente se opta por el CO\u2082 a unos 10,6 \u00b5m para materiales org\u00e1nicos y no met\u00e1licos; y por la fibra a unos 1064 nm para metales sin recubrimiento y determinados pl\u00e1sticos. El contraste necesario, el efecto t\u00e9rmico, la profundidad y la duraci\u00f3n del ciclo determinan la elecci\u00f3n final.<\/p>\n\n\n\n<h3 class=\"wp-block-heading\">\u00bfQu\u00e9 potencia de l\u00e1ser deber\u00eda elegir: 30 W, 40 W o 60 W?<\/h3>\n\n\n\n<p class=\"wp-block-paragraph\">30 W es ideal para codificaciones precisas y marcados ligeros; 40 W aporta mayor velocidad o margen de proceso; 60 W permite un mayor rendimiento, campos m\u00e1s amplios o una eliminaci\u00f3n m\u00e1s profunda. La elecci\u00f3n definitiva requiere realizar una prueba con la fuente y la lente propuestas.<\/p>\n\n\n\n<h3 class=\"wp-block-heading\">\u00bfPuede la m\u00e1quina marcar logotipos, c\u00f3digos QR y c\u00f3digos de barras?<\/h3>\n\n\n\n<p class=\"wp-block-paragraph\">S\u00ed, el flujo de trabajo de control permite crear logotipos, texto, n\u00fameros de serie, c\u00f3digos QR, c\u00f3digos de barras y datos de fecha o lote. Comprueba el tama\u00f1o de las celdas, la zona de silencio, el contraste y la gradaci\u00f3n en el producto final.<\/p>\n\n\n\n<h3 class=\"wp-block-heading\">\u00bfEl marcado con l\u00e1ser de CO\u2082 es permanente?<\/h3>\n\n\n\n<p class=\"wp-block-paragraph\">El marcado l\u00e1ser modifica o elimina f\u00edsicamente la superficie, pero su durabilidad depende del material y del entorno. En las pruebas de aceptaci\u00f3n deben tenerse en cuenta la abrasi\u00f3n, la exposici\u00f3n a los rayos UV, los productos qu\u00edmicos, el lavado y la flexi\u00f3n.<\/p>\n\n\n\n<h3 class=\"wp-block-heading\">\u00bfSe puede utilizar esta m\u00e1quina para el codificado por lotes en el envasado?<\/h3>\n\n\n\n<p class=\"wp-block-paragraph\">S\u00ed, en papel, cart\u00f3n, etiquetas y envases de pol\u00edmero identificados y compatibles. Revisa las tintas, los laminados, las pel\u00edculas de barrera y los aditivos, y comprueba los vapores, la legibilidad y la velocidad de la l\u00ednea de producci\u00f3n.<\/p>\n\n\n\n<h3 class=\"wp-block-heading\">\u00bfQu\u00e9 datos debo facilitar antes de solicitar un presupuesto?<\/h3>\n\n\n\n<p class=\"wp-block-paragraph\">Env\u00ede la informaci\u00f3n exacta sobre el material y el recubrimiento, la ficha de datos de seguridad (FDS), las fotos, las dimensiones de la pieza, el contenido y el campo de la marca, el c\u00f3digo de calidad o el objetivo de durabilidad, el tiempo de ciclo, el volumen, la tensi\u00f3n, el destino, las necesidades de fijaci\u00f3n y el sistema de ventilaci\u00f3n o extracci\u00f3n requerido.<\/p>","protected":false},"excerpt":{"rendered":"<p>Vank galvo CO2 laser marking machines use a sealed RF-excited source and high-speed scanner for permanent coding, surface marking and shallow engraving on compatible non-metal materials. Typical work includes logos, serial data, QR codes, date codes, batch numbers and decorative graphics on wood, acrylic, paper, cardboard, approved leather, glass, ceramics and selected polymers. Choose 30, [&hellip;]<\/p>\n","protected":false},"author":1,"featured_media":0,"comment_status":"open","ping_status":"open","sticky":false,"template":"","format":"standard","meta":{"footnotes":""},"categories":[9],"tags":[],"class_list":["post-2225","post","type-post","status-publish","format-standard","hentry","category-jewelry-fashion-industry"],"_links":{"self":[{"href":"https:\/\/vanklaser.com\/es\/wp-json\/wp\/v2\/posts\/2225","targetHints":{"allow":["GET"]}}],"collection":[{"href":"https:\/\/vanklaser.com\/es\/wp-json\/wp\/v2\/posts"}],"about":[{"href":"https:\/\/vanklaser.com\/es\/wp-json\/wp\/v2\/types\/post"}],"author":[{"embeddable":true,"href":"https:\/\/vanklaser.com\/es\/wp-json\/wp\/v2\/users\/1"}],"replies":[{"embeddable":true,"href":"https:\/\/vanklaser.com\/es\/wp-json\/wp\/v2\/comments?post=2225"}],"version-history":[{"count":19,"href":"https:\/\/vanklaser.com\/es\/wp-json\/wp\/v2\/posts\/2225\/revisions"}],"predecessor-version":[{"id":3498,"href":"https:\/\/vanklaser.com\/es\/wp-json\/wp\/v2\/posts\/2225\/revisions\/3498"}],"wp:attachment":[{"href":"https:\/\/vanklaser.com\/es\/wp-json\/wp\/v2\/media?parent=2225"}],"wp:term":[{"taxonomy":"category","embeddable":true,"href":"https:\/\/vanklaser.com\/es\/wp-json\/wp\/v2\/categories?post=2225"},{"taxonomy":"post_tag","embeddable":true,"href":"https:\/\/vanklaser.com\/es\/wp-json\/wp\/v2\/tags?post=2225"}],"curies":[{"name":"wp","href":"https:\/\/api.w.org\/{rel}","templated":true}]}}