{"id":2217,"date":"2025-12-18T05:50:18","date_gmt":"2025-12-18T05:50:18","guid":{"rendered":"https:\/\/isn514upfp.wpdns.site\/?p=2217"},"modified":"2026-07-29T17:58:01","modified_gmt":"2026-07-29T17:58:01","slug":"maquina-de-marcado-laser-portatil","status":"publish","type":"post","link":"https:\/\/vanklaser.com\/es\/portable-handheld-laser-marking-machine\/","title":{"rendered":"Marcador l\u00e1ser de fibra port\u00e1til J20H de 20 W"},"content":{"rendered":"<h2 class=\"wp-block-heading\">Marcado port\u00e1til de piezas grandes e instaladas<\/h2>\n\n\n\n<ul class=\"wp-block-list\">\n<li>Un cabezal ligero con cable permite llevar el campo de marcado hasta piezas grandes, pesadas o ya instaladas que no pueden colocarse bajo un esc\u00e1ner de sobremesa fijo.<\/li>\n\n\n\n<li>La configuraci\u00f3n est\u00e1ndar del J20H utiliza una fuente de fibra con conmutaci\u00f3n Q de 20 W y 1064 nm para la identificaci\u00f3n permanente en metales y determinados pl\u00e1sticos marcables con l\u00e1ser.<\/li>\n\n\n\n<li>Una bater\u00eda recargable opcional permite trabajar de forma m\u00f3vil; la autonom\u00eda aproximada es de hasta unas seis horas y debe confirmarse en funci\u00f3n del ciclo de trabajo previsto y la temperatura ambiente.<\/li>\n\n\n\n<li>Se pueden elegir correas para el hombro, una maleta con ruedas o un soporte port\u00e1til en funci\u00f3n de la distancia de transporte, la posici\u00f3n de la cabeza y el acceso a la pieza de trabajo.<\/li>\n\n\n\n<li>La aplicaci\u00f3n integrada en la pantalla t\u00e1ctil gestiona archivos y recetas. Las transferencias por USB y Wi-Fi dependen de la configuraci\u00f3n y deben confirmarse en el presupuesto.<\/li>\n\n\n\n<li>La entrada de detecci\u00f3n de contacto o de superficie, la parada de emergencia y la l\u00f3gica de activaci\u00f3n son medidas de seguridad complementarias. Para su funcionamiento sigue siendo necesario disponer de un \u00e1rea controlada para l\u00e1ser de Clase 4, barreras de haz, control de acceso, EPI para 1064 nm y un sistema de extracci\u00f3n de humos.<\/li>\n<\/ul>\n\n\n\n<p><img decoding=\"async\" alt=\"\" src=\"\/wp-content\/uploads\/replace\/03d5a1e9017feec9867c0024581930bb.png\" usemap=\"#1766035976357\" border=\"0\"><map id=\"1766035976357\" name=\"1766035976357\"><\/map><\/p>\n\n\n\n<h2 class=\"wp-block-heading\">Especificaciones del marcador de fibra port\u00e1til J20H<\/h2>\n\n\n\n<figure class=\"wp-block-table\"><table class=\"has-fixed-layout\"><tbody><tr><td>Especificaciones<\/td><td>Valor configurado para J20H<\/td><\/tr><tr><td>Formato de m\u00e1quina<\/td><td>Sistema port\u00e1til con cabezal de marcado manual conectado por cable<\/td><\/tr><tr><td>Tecnolog\u00eda l\u00e1ser<\/td><td>L\u00e1ser de fibra pulsado con conmutaci\u00f3n Q<\/td><\/tr><tr><td>Potencia nominal<\/td><td>20 W de serie; para otras potencias se requiere un modelo espec\u00edfico confirmado<\/td><\/tr><tr><td>Longitud de onda<\/td><td>1064 nm<\/td><\/tr><tr><td>Campo de marcado est\u00e1ndar<\/td><td>90 \u00d7 90 mm<\/td><\/tr><tr><td>Enfoque \/ detecci\u00f3n de superficie<\/td><td>Espaciador de contacto o sensor seg\u00fan la configuraci\u00f3n del cabezal confirmada<\/td><\/tr><tr><td>Contrapeso de mano para la cabeza<\/td><td>Se indica un peso aproximado de 0,8 kg; confirmar el montaje final<\/td><\/tr><tr><td>Peso del sistema<\/td><td>Se indica un peso aproximado de 6 kg; la bater\u00eda y el carrito influyen en el peso total<\/td><\/tr><tr><td>Opci\u00f3n de bater\u00eda<\/td><td>Bater\u00eda recargable opcional; autonom\u00eda estimada de hasta unas 6 horas<\/td><\/tr><tr><td>Funcionamiento con red el\u00e9ctrica<\/td><td>Adaptador de CA \/ cargador regional seg\u00fan la configuraci\u00f3n<\/td><\/tr><tr><td>Interfaz de control<\/td><td>Aplicaci\u00f3n de marcado con pantalla t\u00e1ctil integrada<\/td><\/tr><tr><td>Conectividad<\/td><td>USB y Wi-Fi solo si est\u00e1n incluidos en el paquete del mando<\/td><\/tr><tr><td>Contenido compatible<\/td><td>Texto, datos en serie, c\u00f3digos QR, Data Matrix, c\u00f3digos de barras y gr\u00e1ficos<\/td><\/tr><tr><td>Velocidad de marcado<\/td><td>Depende de la aplicaci\u00f3n; compru\u00e9balo con el c\u00f3digo y el material requeridos<\/td><\/tr><tr><td>Profundidad de grabado<\/td><td>Depende del material, la lente, la potencia, los pases y la aceptaci\u00f3n<\/td><\/tr><tr><td>Materiales habituales<\/td><td>Metales y determinados pl\u00e1sticos aptos para el marcado l\u00e1ser<\/td><\/tr><tr><td>Refrigeraci\u00f3n<\/td><td>Fuente l\u00e1ser refrigerada por aire<\/td><\/tr><tr><td>Temperatura de funcionamiento<\/td><td>Referencia: 15-45 \u00b0C; se aplican los l\u00edmites de la fuente y de la bater\u00eda<\/td><\/tr><tr><td>Opciones de transporte<\/td><td>Correas para el hombro, maleta con ruedas o soporte port\u00e1til<\/td><\/tr><tr><td>Clasificaci\u00f3n por l\u00e1ser<\/td><td>Viga abierta de clase 4 durante el marcado<\/td><\/tr><tr><td>Especificaciones definitivas<\/td><td>La oferta firmada, el plano de cabeza y la muestra de aceptaci\u00f3n son vinculantes<\/td><\/tr><\/tbody><\/table><\/figure>\n\n\n<p><iframe loading=\"lazy\" title=\"M\u00c1QUINA DE MARCADO L\u00c1SER DE FIBRA\" src=\"https:\/\/www.youtube.com\/embed\/h6ezqCsacrE\" width=\"1920\" height=\"700\" frameborder=\"0\" allowfullscreen=\"allowfullscreen\"><\/iframe><\/p>\n\n\n<h2 class=\"wp-block-heading\">Pruebas de aplicaciones y materiales<\/h2>\n\n\n\n<p class=\"wp-block-paragraph\">Utiliza el cabezal port\u00e1til para leer n\u00fameros de serie, identificadores de activos, logotipos, c\u00f3digos QR y marcas Data Matrix en piezas grandes o dif\u00edciles de mover. Mant\u00e9n la distancia especificada y mant\u00e9n el cabezal estable contra una superficie de referencia verificada durante cada ciclo.<\/p>\n\n\n\n<p class=\"wp-block-paragraph\">El marcado con fibra est\u00e1ndar de 1064 nm es el m\u00e1s adecuado para metales y determinados pl\u00e1sticos aptos para el marcado l\u00e1ser. El caucho, la cer\u00e1mica, el vidrio, el acr\u00edlico, el cuero, los tejidos y la piedra requieren pruebas de viabilidad espec\u00edficas y, a menudo, es necesario utilizar en su lugar un l\u00e1ser UV o de CO\u2082.<\/p>\n\n\n\n<p class=\"wp-block-paragraph\">Entre los usos t\u00edpicos para los que est\u00e1 homologado se incluyen la maquinaria, las herramientas, los moldes, las piezas de veh\u00edculos, los equipos ferroviarios y energ\u00e9ticos, las estructuras instaladas y la identificaci\u00f3n para el mantenimiento. Los componentes cr\u00edticos para la seguridad y los sujetos a normativa requieren un procedimiento de marcado documentado.<\/p>\n\n\n\n<p class=\"wp-block-paragraph\">La movilidad no garantiza la seguridad en un uso al aire libre sin control. Establezca una zona controlada por l\u00e1ser, ya sea temporal o permanente; contenga los haces directos y reflejados; restrinja el acceso de personas ajenas al proceso y capte los humos del proceso en el punto de origen.<\/p>\n\n\n\n<p class=\"wp-block-paragraph\">En el caso de turbinas, motores, cojinetes, buques, moldes, veh\u00edculos ferroviarios y otros activos de gran tama\u00f1o, env\u00ede para su revisi\u00f3n la aleaci\u00f3n exacta, el recubrimiento, la geometr\u00eda de la superficie, las fotos de acceso, el c\u00f3digo requerido, el objetivo de durabilidad y el per\u00edmetro de seguridad disponible.<\/p>\n\n\n\n<p class=\"wp-block-paragraph\"><\/p>\n\n\n\n<div class=\"wp-block-columns is-layout-flex wp-container-core-columns-is-layout-8f761849 wp-block-columns-is-layout-flex\">\n<div class=\"wp-block-column is-layout-flow wp-block-column-is-layout-flow\"><div class=\"wp-block-image\">\n<figure class=\"aligncenter size-full\"><img loading=\"lazy\" decoding=\"async\" width=\"600\" height=\"600\" src=\"https:\/\/vanklaser.com\/wp-content\/uploads\/2025\/11\/5.jpg\" alt=\"Muestra de grabado profundo en metal sobre etiqueta de acero inoxidable\" class=\"wp-image-1083\" srcset=\"https:\/\/vanklaser.com\/wp-content\/uploads\/2025\/11\/5.jpg 600w, https:\/\/vanklaser.com\/wp-content\/uploads\/2025\/11\/5-300x300.jpg 300w, https:\/\/vanklaser.com\/wp-content\/uploads\/2025\/11\/5-150x150.jpg 150w\" sizes=\"auto, (max-width: 600px) 100vw, 600px\" \/><figcaption class=\"wp-element-caption\">Marcado de metales<\/figcaption><\/figure>\n<\/div><\/div>\n\n\n\n<div class=\"wp-block-column is-layout-flow wp-block-column-is-layout-flow\"><div class=\"wp-block-image\">\n<figure class=\"aligncenter size-full\"><img loading=\"lazy\" decoding=\"async\" width=\"600\" height=\"600\" src=\"https:\/\/vanklaser.com\/wp-content\/uploads\/2025\/11\/6.jpg\" alt=\"Muestra de marcado l\u00e1ser de placas identificativas personalizadas para perros\" class=\"wp-image-1084\" srcset=\"https:\/\/vanklaser.com\/wp-content\/uploads\/2025\/11\/6.jpg 600w, https:\/\/vanklaser.com\/wp-content\/uploads\/2025\/11\/6-300x300.jpg 300w, https:\/\/vanklaser.com\/wp-content\/uploads\/2025\/11\/6-150x150.jpg 150w\" sizes=\"auto, (max-width: 600px) 100vw, 600px\" \/><figcaption class=\"wp-element-caption\">Marcado de placas para perros<\/figcaption><\/figure>\n<\/div><\/div>\n\n\n\n<div class=\"wp-block-column is-layout-flow wp-block-column-is-layout-flow\"><div class=\"wp-block-image\">\n<figure class=\"aligncenter size-full\"><img loading=\"lazy\" decoding=\"async\" width=\"600\" height=\"600\" src=\"https:\/\/vanklaser.com\/wp-content\/uploads\/2025\/11\/7.jpg\" alt=\"Herramientas grabadas por l\u00e1ser con identificaci\u00f3n permanente\" class=\"wp-image-1086\" srcset=\"https:\/\/vanklaser.com\/wp-content\/uploads\/2025\/11\/7.jpg 600w, https:\/\/vanklaser.com\/wp-content\/uploads\/2025\/11\/7-300x300.jpg 300w, https:\/\/vanklaser.com\/wp-content\/uploads\/2025\/11\/7-150x150.jpg 150w\" sizes=\"auto, (max-width: 600px) 100vw, 600px\" \/><figcaption class=\"wp-element-caption\">Marcado de herramientas<\/figcaption><\/figure>\n<\/div><\/div>\n<\/div>\n\n\n\n<div class=\"wp-block-columns is-layout-flex wp-container-core-columns-is-layout-8f761849 wp-block-columns-is-layout-flex\">\n<div class=\"wp-block-column is-layout-flow wp-block-column-is-layout-flow\"><div class=\"wp-block-image\">\n<figure class=\"aligncenter size-full\"><img loading=\"lazy\" decoding=\"async\" width=\"600\" height=\"600\" src=\"https:\/\/vanklaser.com\/wp-content\/uploads\/2025\/11\/8-1.jpg\" alt=\"Logotipo marcado por l\u00e1ser en la carcasa del tel\u00e9fono m\u00f3vil\" class=\"wp-image-1093\" srcset=\"https:\/\/vanklaser.com\/wp-content\/uploads\/2025\/11\/8-1.jpg 600w, https:\/\/vanklaser.com\/wp-content\/uploads\/2025\/11\/8-1-300x300.jpg 300w, https:\/\/vanklaser.com\/wp-content\/uploads\/2025\/11\/8-1-150x150.jpg 150w\" sizes=\"auto, (max-width: 600px) 100vw, 600px\" \/><figcaption class=\"wp-element-caption\">Marcaje de fundas de tel\u00e9fono m\u00f3vil<\/figcaption><\/figure>\n<\/div><\/div>\n\n\n\n<div class=\"wp-block-column is-layout-flow wp-block-column-is-layout-flow\"><div class=\"wp-block-image\">\n<figure class=\"aligncenter size-full\"><img loading=\"lazy\" decoding=\"async\" width=\"600\" height=\"600\" src=\"https:\/\/vanklaser.com\/wp-content\/uploads\/2025\/11\/9.jpg\" alt=\"Logotipo de la marca grabado con l\u00e1ser en la bolsa de piel\" class=\"wp-image-1088\" srcset=\"https:\/\/vanklaser.com\/wp-content\/uploads\/2025\/11\/9.jpg 600w, https:\/\/vanklaser.com\/wp-content\/uploads\/2025\/11\/9-300x300.jpg 300w, https:\/\/vanklaser.com\/wp-content\/uploads\/2025\/11\/9-150x150.jpg 150w\" sizes=\"auto, (max-width: 600px) 100vw, 600px\" \/><figcaption class=\"wp-element-caption\">Marcado de bolsas de cuero<\/figcaption><\/figure>\n<\/div><\/div>\n\n\n\n<div class=\"wp-block-column is-layout-flow wp-block-column-is-layout-flow\"><div class=\"wp-block-image\">\n<figure class=\"aligncenter size-full\"><img loading=\"lazy\" decoding=\"async\" width=\"600\" height=\"600\" src=\"https:\/\/vanklaser.com\/wp-content\/uploads\/2025\/11\/10-1.jpg\" alt=\"Muestra de grabado de tazas de acero inoxidable personalizadas\" class=\"wp-image-1094\" srcset=\"https:\/\/vanklaser.com\/wp-content\/uploads\/2025\/11\/10-1.jpg 600w, https:\/\/vanklaser.com\/wp-content\/uploads\/2025\/11\/10-1-300x300.jpg 300w, https:\/\/vanklaser.com\/wp-content\/uploads\/2025\/11\/10-1-150x150.jpg 150w\" sizes=\"auto, (max-width: 600px) 100vw, 600px\" \/><figcaption class=\"wp-element-caption\">Marcado de vasos de acero inoxidable<\/figcaption><\/figure>\n<\/div><\/div>\n<\/div>\n\n\n\n<div class=\"wp-block-columns is-layout-flex wp-container-core-columns-is-layout-8f761849 wp-block-columns-is-layout-flex\">\n<div class=\"wp-block-column is-layout-flow wp-block-column-is-layout-flow\">\n<div class=\"wp-block-columns is-layout-flex wp-container-core-columns-is-layout-8f761849 wp-block-columns-is-layout-flex\">\n<div class=\"wp-block-column is-layout-flow wp-block-column-is-layout-flow\"><div class=\"wp-block-image\">\n<figure class=\"aligncenter size-full\"><img loading=\"lazy\" decoding=\"async\" width=\"150\" height=\"112\" src=\"https:\/\/vanklaser.com\/wp-content\/uploads\/2025\/11\/14.jpg\" alt=\"Muestra de marcado l\u00e1ser en aluminio\" class=\"wp-image-1117\"\/><figcaption class=\"wp-element-caption\">Aluminio<\/figcaption><\/figure>\n<\/div><\/div>\n\n\n\n<div class=\"wp-block-column is-layout-flow wp-block-column-is-layout-flow\"><div class=\"wp-block-image\">\n<figure class=\"aligncenter size-full\"><img loading=\"lazy\" decoding=\"async\" width=\"150\" height=\"112\" src=\"https:\/\/vanklaser.com\/wp-content\/uploads\/2025\/11\/15.jpg\" alt=\"Muestra de grabado l\u00e1ser de joyas de oro\" class=\"wp-image-1118\"\/><figcaption class=\"wp-element-caption\">Oro<\/figcaption><\/figure>\n<\/div><\/div>\n\n\n\n<div class=\"wp-block-column is-layout-flow wp-block-column-is-layout-flow\"><div class=\"wp-block-image\">\n<figure class=\"aligncenter size-full\"><img loading=\"lazy\" decoding=\"async\" width=\"150\" height=\"112\" src=\"https:\/\/vanklaser.com\/wp-content\/uploads\/2025\/11\/16.jpg\" alt=\"Muestra de grabado l\u00e1ser de colgantes de plata\" class=\"wp-image-1119\"\/><figcaption class=\"wp-element-caption\">Plata<\/figcaption><\/figure>\n<\/div><\/div>\n<\/div>\n<\/div>\n\n\n\n<div class=\"wp-block-column is-layout-flow wp-block-column-is-layout-flow\">\n<div class=\"wp-block-columns is-layout-flex wp-container-core-columns-is-layout-8f761849 wp-block-columns-is-layout-flex\">\n<div class=\"wp-block-column is-layout-flow wp-block-column-is-layout-flow\"><div class=\"wp-block-image\">\n<figure class=\"aligncenter size-full\"><img loading=\"lazy\" decoding=\"async\" width=\"150\" height=\"112\" src=\"https:\/\/vanklaser.com\/wp-content\/uploads\/2025\/11\/18.jpg\" alt=\"Muestra de marcado l\u00e1ser de etiquetas de lat\u00f3n\" class=\"wp-image-1122\"\/><figcaption class=\"wp-element-caption\">Lat\u00f3n<\/figcaption><\/figure>\n<\/div><\/div>\n\n\n\n<div class=\"wp-block-column is-layout-flow wp-block-column-is-layout-flow\"><div class=\"wp-block-image\">\n<figure class=\"aligncenter size-full\"><img loading=\"lazy\" decoding=\"async\" width=\"150\" height=\"112\" src=\"https:\/\/vanklaser.com\/wp-content\/uploads\/2025\/11\/19.jpg\" alt=\"Muestra de grabado l\u00e1ser de componentes de titanio\" class=\"wp-image-1123\"\/><figcaption class=\"wp-element-caption\">Titanio<\/figcaption><\/figure>\n<\/div><\/div>\n\n\n\n<div class=\"wp-block-column is-layout-flow wp-block-column-is-layout-flow\"><div class=\"wp-block-image\">\n<figure class=\"aligncenter size-full\"><img loading=\"lazy\" decoding=\"async\" width=\"150\" height=\"112\" src=\"https:\/\/vanklaser.com\/wp-content\/uploads\/2025\/11\/17.jpg\" alt=\"Muestra de marcado l\u00e1ser de chapa de acero inoxidable\" class=\"wp-image-1124\"\/><figcaption class=\"wp-element-caption\">Acero inoxidable<\/figcaption><\/figure>\n<\/div><\/div>\n<\/div>\n<\/div>\n\n\n\n<div class=\"wp-block-column is-layout-flow wp-block-column-is-layout-flow\">\n<div class=\"wp-block-columns is-layout-flex wp-container-core-columns-is-layout-8f761849 wp-block-columns-is-layout-flex\">\n<div class=\"wp-block-column is-layout-flow wp-block-column-is-layout-flow\"><div class=\"wp-block-image\">\n<figure class=\"aligncenter size-full\"><img loading=\"lazy\" decoding=\"async\" width=\"150\" height=\"112\" src=\"https:\/\/vanklaser.com\/wp-content\/uploads\/2025\/11\/20.jpg\" alt=\"Muestra de grabado l\u00e1ser de piezas de cobre\" class=\"wp-image-1125\"\/><figcaption class=\"wp-element-caption\">Cobre<\/figcaption><\/figure>\n<\/div><\/div>\n\n\n\n<div class=\"wp-block-column is-layout-flow wp-block-column-is-layout-flow\"><div class=\"wp-block-image\">\n<figure class=\"aligncenter size-full\"><img loading=\"lazy\" decoding=\"async\" width=\"150\" height=\"112\" src=\"https:\/\/vanklaser.com\/wp-content\/uploads\/2025\/11\/21.jpg\" alt=\"Muestra de grabado l\u00e1ser de joyas de platino\" class=\"wp-image-1126\"\/><figcaption class=\"wp-element-caption\">Platino<\/figcaption><\/figure>\n<\/div><\/div>\n\n\n\n<div class=\"wp-block-column is-layout-flow wp-block-column-is-layout-flow\"><div class=\"wp-block-image\">\n<figure class=\"aligncenter size-full\"><img loading=\"lazy\" decoding=\"async\" width=\"150\" height=\"112\" src=\"https:\/\/vanklaser.com\/wp-content\/uploads\/2025\/11\/23.jpg\" alt=\"Muestra de marcado l\u00e1ser en hierro y acero al carbono\" class=\"wp-image-1128\"\/><figcaption class=\"wp-element-caption\">Hierro \/ Acero al carbono<\/figcaption><\/figure>\n<\/div><\/div>\n<\/div>\n<\/div>\n<\/div>\n\n\n\n<div class=\"wp-block-columns is-layout-flex wp-container-core-columns-is-layout-8f761849 wp-block-columns-is-layout-flex\">\n<div class=\"wp-block-column is-layout-flow wp-block-column-is-layout-flow\">\n<div class=\"wp-block-columns is-layout-flex wp-container-core-columns-is-layout-8f761849 wp-block-columns-is-layout-flex\">\n<div class=\"wp-block-column is-layout-flow wp-block-column-is-layout-flow\"><div class=\"wp-block-image\">\n<figure class=\"aligncenter size-full\"><img loading=\"lazy\" decoding=\"async\" width=\"150\" height=\"112\" src=\"https:\/\/vanklaser.com\/wp-content\/uploads\/2025\/11\/24.jpg\" alt=\"Muestra de marcado l\u00e1ser de baldosas cer\u00e1micas\" class=\"wp-image-1132\"\/><figcaption class=\"wp-element-caption\">Azulejos<\/figcaption><\/figure>\n<\/div><\/div>\n\n\n\n<div class=\"wp-block-column is-layout-flow wp-block-column-is-layout-flow\"><div class=\"wp-block-image\">\n<figure class=\"aligncenter size-full\"><img loading=\"lazy\" decoding=\"async\" width=\"150\" height=\"112\" src=\"https:\/\/vanklaser.com\/wp-content\/uploads\/2025\/11\/25.jpg\" alt=\"Muestra de grabado l\u00e1ser de piezas de tungsteno\" class=\"wp-image-1133\"\/><figcaption class=\"wp-element-caption\">Tungsteno<\/figcaption><\/figure>\n<\/div><\/div>\n\n\n\n<div class=\"wp-block-column is-layout-flow wp-block-column-is-layout-flow\"><div class=\"wp-block-image\">\n<figure class=\"aligncenter size-full\"><img loading=\"lazy\" decoding=\"async\" width=\"150\" height=\"112\" src=\"https:\/\/vanklaser.com\/wp-content\/uploads\/2025\/11\/26.jpg\" alt=\"Muestra de marcado l\u00e1ser de componentes de acero al carbono\" class=\"wp-image-1134\"\/><figcaption class=\"wp-element-caption\">Acero al carbono<\/figcaption><\/figure>\n<\/div><\/div>\n<\/div>\n<\/div>\n\n\n\n<div class=\"wp-block-column is-layout-flow wp-block-column-is-layout-flow\">\n<div class=\"wp-block-columns is-layout-flex wp-container-core-columns-is-layout-8f761849 wp-block-columns-is-layout-flex\">\n<div class=\"wp-block-column is-layout-flow wp-block-column-is-layout-flow\"><div class=\"wp-block-image\">\n<figure class=\"aligncenter size-full\"><img loading=\"lazy\" decoding=\"async\" width=\"150\" height=\"112\" src=\"https:\/\/vanklaser.com\/wp-content\/uploads\/2025\/11\/27.jpg\" alt=\"Muestra de marcado l\u00e1ser de pl\u00e1stico y silicona\" class=\"wp-image-1135\"\/><figcaption class=\"wp-element-caption\">Pl\u00e1sticos \/ Silicona<\/figcaption><\/figure>\n<\/div><\/div>\n\n\n\n<div class=\"wp-block-column is-layout-flow wp-block-column-is-layout-flow\"><div class=\"wp-block-image\">\n<figure class=\"aligncenter size-full\"><img loading=\"lazy\" decoding=\"async\" width=\"150\" height=\"112\" src=\"https:\/\/vanklaser.com\/wp-content\/uploads\/2025\/11\/28.jpg\" alt=\"Muestra de grabado l\u00e1ser en acr\u00edlico de color\" class=\"wp-image-1136\"\/><figcaption class=\"wp-element-caption\">Acr\u00edlico de color<\/figcaption><\/figure>\n<\/div><\/div>\n\n\n\n<div class=\"wp-block-column is-layout-flow wp-block-column-is-layout-flow\"><div class=\"wp-block-image\">\n<figure class=\"aligncenter size-full\"><img loading=\"lazy\" decoding=\"async\" width=\"150\" height=\"112\" src=\"https:\/\/vanklaser.com\/wp-content\/uploads\/2025\/11\/29.jpg\" alt=\"Muestra de grabado l\u00e1ser en superficie de cuero\" class=\"wp-image-1138\"\/><figcaption class=\"wp-element-caption\">Piel<\/figcaption><\/figure>\n<\/div><\/div>\n<\/div>\n<\/div>\n\n\n\n<div class=\"wp-block-column is-layout-flow wp-block-column-is-layout-flow\">\n<div class=\"wp-block-columns is-layout-flex wp-container-core-columns-is-layout-8f761849 wp-block-columns-is-layout-flex\">\n<div class=\"wp-block-column is-layout-flow wp-block-column-is-layout-flow\"><div class=\"wp-block-image\">\n<figure class=\"aligncenter size-full\"><img loading=\"lazy\" decoding=\"async\" width=\"150\" height=\"112\" src=\"https:\/\/vanklaser.com\/wp-content\/uploads\/2025\/11\/30.jpg\" alt=\"Muestra de grabado l\u00e1ser en piedra natural\" class=\"wp-image-1139\"\/><figcaption class=\"wp-element-caption\">Piedra<\/figcaption><\/figure>\n<\/div><\/div>\n\n\n\n<div class=\"wp-block-column is-layout-flow wp-block-column-is-layout-flow\"><div class=\"wp-block-image\">\n<figure class=\"aligncenter size-full\"><img loading=\"lazy\" decoding=\"async\" width=\"150\" height=\"112\" src=\"https:\/\/vanklaser.com\/wp-content\/uploads\/2025\/11\/31.jpg\" alt=\"Muestra de marcado l\u00e1ser en granito\" class=\"wp-image-1140\"\/><figcaption class=\"wp-element-caption\">Granito<\/figcaption><\/figure>\n<\/div><\/div>\n\n\n\n<div class=\"wp-block-column is-layout-flow wp-block-column-is-layout-flow\"><div class=\"wp-block-image\">\n<figure class=\"aligncenter size-full\"><img loading=\"lazy\" decoding=\"async\" width=\"150\" height=\"112\" src=\"https:\/\/vanklaser.com\/wp-content\/uploads\/2025\/11\/32.jpg\" alt=\"Muestra de grabado l\u00e1ser en m\u00e1rmol\" class=\"wp-image-1141\"\/><figcaption class=\"wp-element-caption\">M\u00e1rmol<\/figcaption><\/figure>\n<\/div><\/div>\n<\/div>\n<\/div>\n<\/div>\n\n\n\n<h2 class=\"wp-block-heading\">Componentes y opciones del sistema<\/h2>\n\n\n\n<p>\u00a0 \u00a0 \u00a0 \u00a0 \u00a0 \u00a0 \u00a0<img decoding=\"async\" src=\"\/wp-content\/uploads\/replace\/1486c245ee3f9a2e0654e2dcf263e3f2.png\" alt=\"Disposici\u00f3n de los componentes principales del sistema cerrado de marcado por l\u00e1ser de fibra\" usemap=\"#1764656182001\" border=\"0\" \/><map id=\"1764656182001\" name=\"1764656182001\"><\/map><\/p>\n\n\n\n<h2 class=\"wp-block-heading\">Control de marcado mediante pantalla t\u00e1ctil integrada<\/h2>\n\n\n\n<p class=\"wp-block-paragraph\">El controlador tipo J20H utiliza una pantalla t\u00e1ctil con Windows integrado y una aplicaci\u00f3n de marcado espec\u00edfica para la m\u00e1quina. La transferencia de archivos, las bibliotecas de c\u00f3digos de barras, el almacenamiento de recetas y las funciones de red dependen del software suministrado. No se debe dar por sentada la compatibilidad con JCZ\/EZCAD2 o LightBurn para ordenadores de sobremesa, a menos que se especifiquen claramente la placa y el controlador concretos.<\/p>\n\n\n\n<p class=\"wp-block-paragraph\"><\/p>\n\n\n\n<div class=\"wp-block-columns is-layout-flex wp-container-core-columns-is-layout-8f761849 wp-block-columns-is-layout-flex\">\n<div class=\"wp-block-column is-layout-flow wp-block-column-is-layout-flow\">\n<figure class=\"wp-block-image size-full\"><img loading=\"lazy\" decoding=\"async\" width=\"800\" height=\"800\" src=\"https:\/\/vanklaser.com\/wp-content\/uploads\/2025\/11\/1-6.jpg\" alt=\"M\u00f3dulo de fuente l\u00e1ser de fibra industrial para m\u00e1quina de marcado\" class=\"wp-image-1179\" srcset=\"https:\/\/vanklaser.com\/wp-content\/uploads\/2025\/11\/1-6.jpg 800w, https:\/\/vanklaser.com\/wp-content\/uploads\/2025\/11\/1-6-300x300.jpg 300w, https:\/\/vanklaser.com\/wp-content\/uploads\/2025\/11\/1-6-150x150.jpg 150w, https:\/\/vanklaser.com\/wp-content\/uploads\/2025\/11\/1-6-768x768.jpg 768w\" sizes=\"auto, (max-width: 800px) 100vw, 800px\" \/><\/figure>\n\n\n\n<h2 class=\"wp-block-heading\">Fuente l\u00e1ser de fibra Q-switched de 20 W<\/h2>\n\n\n\n<p class=\"wp-block-paragraph\">El modelo port\u00e1til est\u00e1ndar se basa en una fuente de luz con conmutaci\u00f3n Q de 20 W y 1064 nm. Los sistemas de 30, 50 o 100 W presentan una configuraci\u00f3n diferente, con requisitos distintos en cuanto a potencia, bater\u00eda, refrigeraci\u00f3n, peso y seguridad, por lo que deben presupuestarse por separado.<\/p>\n<\/div>\n\n\n\n<div class=\"wp-block-column is-layout-flow wp-block-column-is-layout-flow\">\n<figure class=\"wp-block-image size-full\"><img loading=\"lazy\" decoding=\"async\" width=\"800\" height=\"800\" src=\"https:\/\/vanklaser.com\/wp-content\/uploads\/2025\/11\/2-4.jpg\" alt=\"Tarjeta de control l\u00e1ser BJJCZ dentro del armario de control\" class=\"wp-image-1180\" srcset=\"https:\/\/vanklaser.com\/wp-content\/uploads\/2025\/11\/2-4.jpg 800w, https:\/\/vanklaser.com\/wp-content\/uploads\/2025\/11\/2-4-300x300.jpg 300w, https:\/\/vanklaser.com\/wp-content\/uploads\/2025\/11\/2-4-150x150.jpg 150w, https:\/\/vanklaser.com\/wp-content\/uploads\/2025\/11\/2-4-768x768.jpg 768w\" sizes=\"auto, (max-width: 800px) 100vw, 800px\" \/><\/figure>\n\n\n\n<h2 class=\"wp-block-heading\">Controlador de marcado integrado<\/h2>\n\n\n\n<p class=\"wp-block-paragraph\">El controlador sincroniza la fuente, el esc\u00e1ner, la vista previa con luz roja, la entrada de detecci\u00f3n de superficie y el disparador. Comprueba la versi\u00f3n del software, los tipos de c\u00f3digo compatibles y los m\u00e9todos de E\/S y de transferencia de datos antes de realizar el pedido.<\/p>\n<\/div>\n\n\n\n<div class=\"wp-block-column is-layout-flow wp-block-column-is-layout-flow\">\n<figure class=\"wp-block-image size-full\"><img loading=\"lazy\" decoding=\"async\" width=\"800\" height=\"800\" src=\"https:\/\/vanklaser.com\/wp-content\/uploads\/2025\/11\/3-5.jpg\" alt=\"Cabezal de esc\u00e1ner galvanom\u00e9trico de alta velocidad para marcado l\u00e1ser\" class=\"wp-image-1181\" srcset=\"https:\/\/vanklaser.com\/wp-content\/uploads\/2025\/11\/3-5.jpg 800w, https:\/\/vanklaser.com\/wp-content\/uploads\/2025\/11\/3-5-300x300.jpg 300w, https:\/\/vanklaser.com\/wp-content\/uploads\/2025\/11\/3-5-150x150.jpg 150w, https:\/\/vanklaser.com\/wp-content\/uploads\/2025\/11\/3-5-768x768.jpg 768w\" sizes=\"auto, (max-width: 800px) 100vw, 800px\" \/><\/figure>\n\n\n\n<h2 class=\"wp-block-heading\">Cabezal de galvan\u00f3metro port\u00e1til<\/h2>\n\n\n\n<p class=\"wp-block-paragraph\">El esc\u00e1ner compacto de doble eje proyecta el trabajo a trav\u00e9s de una lente de campo fijo. La velocidad y la posici\u00f3n de trabajo dependen de la densidad de las marcas, la respuesta del material, la distancia de trabajo, la estabilidad del cabezal y los requisitos de calidad del c\u00f3digo.<\/p>\n<\/div>\n<\/div>\n\n\n\n<div class=\"wp-block-columns is-layout-flex wp-container-core-columns-is-layout-8f761849 wp-block-columns-is-layout-flex\">\n<div class=\"wp-block-column is-layout-flow wp-block-column-is-layout-flow\">\n<figure class=\"wp-block-image size-full\"><img loading=\"lazy\" decoding=\"async\" width=\"800\" height=\"800\" src=\"https:\/\/vanklaser.com\/wp-content\/uploads\/2025\/11\/37.jpg\" alt=\"Eje giratorio para grabado l\u00e1ser de anillos y pulseras\" class=\"wp-image-1187\" srcset=\"https:\/\/vanklaser.com\/wp-content\/uploads\/2025\/11\/37.jpg 800w, https:\/\/vanklaser.com\/wp-content\/uploads\/2025\/11\/37-300x300.jpg 300w, https:\/\/vanklaser.com\/wp-content\/uploads\/2025\/11\/37-150x150.jpg 150w, https:\/\/vanklaser.com\/wp-content\/uploads\/2025\/11\/37-768x768.jpg 768w\" sizes=\"auto, (max-width: 800px) 100vw, 800px\" \/><\/figure>\n\n\n\n<h2 class=\"wp-block-heading\">Soporte giratorio opcional para joyer\u00eda<\/h2>\n\n\n\n<p class=\"wp-block-paragraph\">Un accesorio giratorio puede soportar anillos o pulseras compatibles cuando el cabezal est\u00e1 montado en un soporte estable y el controlador proporciona un soporte calibrado para el eje giratorio.<\/p>\n<\/div>\n\n\n\n<div class=\"wp-block-column is-layout-flow wp-block-column-is-layout-flow\">\n<figure class=\"wp-block-image size-full\"><img loading=\"lazy\" decoding=\"async\" width=\"800\" height=\"800\" src=\"https:\/\/vanklaser.com\/wp-content\/uploads\/2025\/11\/38.jpg\" alt=\"Dispositivo de sujeci\u00f3n para el grabado de chapas finas de oro y plata\" class=\"wp-image-1188\" srcset=\"https:\/\/vanklaser.com\/wp-content\/uploads\/2025\/11\/38.jpg 800w, https:\/\/vanklaser.com\/wp-content\/uploads\/2025\/11\/38-300x300.jpg 300w, https:\/\/vanklaser.com\/wp-content\/uploads\/2025\/11\/38-150x150.jpg 150w, https:\/\/vanklaser.com\/wp-content\/uploads\/2025\/11\/38-768x768.jpg 768w\" sizes=\"auto, (max-width: 800px) 100vw, 800px\" \/><\/figure>\n\n\n\n<h2 class=\"wp-block-heading\">Dispositivo de posicionamiento de piezas planas<\/h2>\n\n\n\n<p class=\"wp-block-paragraph\">Un dispositivo de sujeci\u00f3n o una plantilla pueden estabilizar las etiquetas, las placas y las piezas repetidas bajo el cabezal port\u00e1til. El material del dispositivo de sujeci\u00f3n, los separadores y la trayectoria del haz deben incluirse en la revisi\u00f3n de seguridad.<\/p>\n<\/div>\n\n\n\n<div class=\"wp-block-column is-layout-flow wp-block-column-is-layout-flow\">\n<figure class=\"wp-block-image size-full\"><img loading=\"lazy\" decoding=\"async\" width=\"800\" height=\"800\" src=\"https:\/\/vanklaser.com\/wp-content\/uploads\/2025\/11\/39.jpg\" alt=\"Eje giratorio para el grabado por l\u00e1ser de copas de vino y botellas\" class=\"wp-image-1190\" srcset=\"https:\/\/vanklaser.com\/wp-content\/uploads\/2025\/11\/39.jpg 800w, https:\/\/vanklaser.com\/wp-content\/uploads\/2025\/11\/39-300x300.jpg 300w, https:\/\/vanklaser.com\/wp-content\/uploads\/2025\/11\/39-150x150.jpg 150w, https:\/\/vanklaser.com\/wp-content\/uploads\/2025\/11\/39-768x768.jpg 768w\" sizes=\"auto, (max-width: 800px) 100vw, 800px\" \/><\/figure>\n\n\n\n<h2 class=\"wp-block-heading\">Rotaci\u00f3n del cilindro opcional<\/h2>\n\n\n\n<p class=\"wp-block-paragraph\">Un marcador rotativo puede marcar vasos met\u00e1licos o piezas cil\u00edndricas compatibles con el cabezal bien fijado. La fibra est\u00e1ndar no suele ser la opci\u00f3n habitual para las botellas de vidrio; para el vidrio, utiliza pruebas de CO\u2082 o UV.<\/p>\n<\/div>\n<\/div>\n\n\n\n<h2 class=\"wp-block-heading\">Preguntas frecuentes sobre el marcador l\u00e1ser de fibra port\u00e1til<\/h2>\n\n\n\n<p class=\"wp-block-paragraph\"><\/p>\n\n\n\n<h3 class=\"wp-block-heading\">\u00bfQu\u00e9 materiales puede procesar la marcadora port\u00e1til J20H?<\/h3>\n\n\n\n<p class=\"wp-block-paragraph\">Est\u00e1 dise\u00f1ado principalmente para metales y determinados pl\u00e1sticos aptos para el marcado l\u00e1ser. Indica el tipo exacto de material, el recubrimiento y el acabado para que podamos realizar las pruebas. El vidrio, el acr\u00edlico transparente, la madera, el cuero, los tejidos, la piedra y muchos tipos de cer\u00e1mica suelen ser m\u00e1s adecuados para sistemas UV o de CO\u2082.<\/p>\n\n\n\n<p class=\"wp-block-paragraph\"><\/p>\n\n\n\n<h3 class=\"wp-block-heading\">\u00bfCu\u00e1l es la potencia est\u00e1ndar del l\u00e1ser?<\/h3>\n\n\n\n<p class=\"wp-block-paragraph\">La configuraci\u00f3n est\u00e1ndar del modelo J20H es de 20 W. Otros niveles de potencia modifican los requisitos relativos a la fuente de alimentaci\u00f3n, la carga el\u00e9ctrica, la refrigeraci\u00f3n, el peso y la bater\u00eda, por lo que deben identificarse como configuraciones independientes.<\/p>\n\n\n\n<p class=\"wp-block-paragraph\"><\/p>\n\n\n\n<h3 class=\"wp-block-heading\">\u00bfHasta qu\u00e9 profundidad puede grabar el metal?<\/h3>\n\n\n\n<p class=\"wp-block-paragraph\">La profundidad no es un valor fijo. Depende de la aleaci\u00f3n, la superficie, la lente, el enfoque, la rejilla, la velocidad, el comportamiento del pulso y el n\u00famero de pasadas. Solicita una muestra medida cuando la profundidad sea un requisito de aceptaci\u00f3n.<\/p>\n\n\n\n<p class=\"wp-block-paragraph\"><\/p>\n\n\n\n<h3 class=\"wp-block-heading\">\u00bfEn qu\u00e9 se diferencia el marcado por fibra del marcado por CO\u2082?<\/h3>\n\n\n\n<p class=\"wp-block-paragraph\">Para metales y determinados pl\u00e1sticos se suele optar por un l\u00e1ser de fibra de 1064 nm. Para madera, PMMA, papel, cuero, textiles y muchos materiales no met\u00e1licos recubiertos se suele optar por un l\u00e1ser de CO\u2082 de 10,6 \u00b5m. La elecci\u00f3n viene determinada por la absorci\u00f3n del material y el tipo de marca que se desee obtener.<\/p>\n\n\n\n<p class=\"wp-block-paragraph\"><\/p>\n\n\n\n<h3 class=\"wp-block-heading\">\u00bfC\u00f3mo se debe realizar el mantenimiento de los dispositivos \u00f3pticos port\u00e1tiles?<\/h3>\n\n\n\n<p class=\"wp-block-paragraph\">Apague el sistema y aseg\u00farelo antes de realizar la inspecci\u00f3n. Mantenga limpios el espaciador de contacto y la ventana protectora, evite tocar las superficies \u00f3pticas y utilice \u00fanicamente el pa\u00f1o \u00f3ptico, el bastoncillo y el disolvente homologados. Si la \u00f3ptica interna del esc\u00e1ner presenta da\u00f1os, es necesario acudir a un servicio t\u00e9cnico cualificado.<\/p>\n\n\n\n<p class=\"wp-block-paragraph\"><\/p>\n\n\n\n<h3 class=\"wp-block-heading\">\u00bfQu\u00e9 archivos y c\u00f3digos son compatibles?<\/h3>\n\n\n\n<p class=\"wp-block-paragraph\">La aplicaci\u00f3n integrada admite texto, datos en serie, c\u00f3digos QR, Data Matrix, c\u00f3digos de barras y gr\u00e1ficos a trav\u00e9s de sus formatos de importaci\u00f3n documentados. Comprueba la versi\u00f3n exacta del software y prueba archivos de producci\u00f3n representativos antes del env\u00edo.<\/p>\n\n\n\n<p class=\"wp-block-paragraph\"><\/p>\n\n\n\n<h3 class=\"wp-block-heading\">\u00bfCu\u00e1les son las condiciones relativas a la bater\u00eda, la vida \u00fatil y la garant\u00eda?<\/h3>\n\n\n\n<p class=\"wp-block-paragraph\">La autonom\u00eda de la bater\u00eda, la vida \u00fatil de la fuente de alimentaci\u00f3n y la garant\u00eda dependen de la fuente seleccionada, la capacidad de la bater\u00eda, el ciclo de trabajo, la temperatura, las pr\u00e1cticas de carga y los componentes cubiertos. El presupuesto firmado debe indicar las condiciones de prueba y el alcance de la garant\u00eda.<\/p>\n\n\n\n<p class=\"wp-block-paragraph\"><\/p>\n\n\n\n<h3 class=\"wp-block-heading\">\u00bfQu\u00e9 medidas de seguridad son necesarias para el marcado m\u00f3vil?<\/h3>\n\n\n\n<p class=\"wp-block-paragraph\">Este es un proceso l\u00e1ser de clase 4 con haz abierto. Utilice una zona l\u00e1ser controlada o un cerramiento conforme, barreras resistentes al haz, enclavamientos o control de acceso, gafas para 1064 nm seleccionadas seg\u00fan la evaluaci\u00f3n de seguridad, extracci\u00f3n de humos, formaci\u00f3n y un procedimiento documentado. La detecci\u00f3n de contacto y la parada de emergencia no sustituyen estos controles.<\/p>","protected":false},"excerpt":{"rendered":"<p>Portable Marking for Large &amp; Installed Parts J20H Handheld Fiber Marker Specifications Specification J20H configured value Machine format Portable system with tethered handheld marking head Laser technology Q-switched pulsed fiber laser Nominal output 20 W standard; other powers require a separate confirmed model Wavelength 1064 nm Standard marking field 90 \u00d7 90 mm Focus \/ [&hellip;]<\/p>\n","protected":false},"author":1,"featured_media":0,"comment_status":"open","ping_status":"open","sticky":false,"template":"","format":"standard","meta":{"footnotes":""},"categories":[9],"tags":[],"class_list":["post-2217","post","type-post","status-publish","format-standard","hentry","category-jewelry-fashion-industry"],"_links":{"self":[{"href":"https:\/\/vanklaser.com\/es\/wp-json\/wp\/v2\/posts\/2217","targetHints":{"allow":["GET"]}}],"collection":[{"href":"https:\/\/vanklaser.com\/es\/wp-json\/wp\/v2\/posts"}],"about":[{"href":"https:\/\/vanklaser.com\/es\/wp-json\/wp\/v2\/types\/post"}],"author":[{"embeddable":true,"href":"https:\/\/vanklaser.com\/es\/wp-json\/wp\/v2\/users\/1"}],"replies":[{"embeddable":true,"href":"https:\/\/vanklaser.com\/es\/wp-json\/wp\/v2\/comments?post=2217"}],"version-history":[{"count":9,"href":"https:\/\/vanklaser.com\/es\/wp-json\/wp\/v2\/posts\/2217\/revisions"}],"predecessor-version":[{"id":3500,"href":"https:\/\/vanklaser.com\/es\/wp-json\/wp\/v2\/posts\/2217\/revisions\/3500"}],"wp:attachment":[{"href":"https:\/\/vanklaser.com\/es\/wp-json\/wp\/v2\/media?parent=2217"}],"wp:term":[{"taxonomy":"category","embeddable":true,"href":"https:\/\/vanklaser.com\/es\/wp-json\/wp\/v2\/categories?post=2217"},{"taxonomy":"post_tag","embeddable":true,"href":"https:\/\/vanklaser.com\/es\/wp-json\/wp\/v2\/tags?post=2217"}],"curies":[{"name":"wp","href":"https:\/\/api.w.org\/{rel}","templated":true}]}}