{"id":2108,"date":"2025-12-16T06:47:57","date_gmt":"2025-12-16T06:47:57","guid":{"rendered":"https:\/\/isn514upfp.wpdns.site\/?p=2108"},"modified":"2026-07-29T18:40:08","modified_gmt":"2026-07-29T18:40:08","slug":"maquina-mixta-de-corte-y-grabado-laser-co2","status":"publish","type":"post","link":"https:\/\/vanklaser.com\/es\/mixed-co2-laser-engraving-cutting-machine\/","title":{"rendered":"Cortadora l\u00e1ser CO2 para metal y no metal 1390\/1610\/1325"},"content":{"rendered":"<h2 class=\"wp-block-heading\">Aplicaciones de corte CO2 para metal y no metal<\/h2>\n\n\n\n<p class=\"wp-block-paragraph\">La cortadora l\u00e1ser de CO\u2082 para metales y materiales no met\u00e1licos 1390\/1610\/1325 combina un cabezal espec\u00edfico para metales con control de altura y un sistema de gas auxiliar con el corte convencional de materiales no met\u00e1licos. Est\u00e1 dise\u00f1ada para acero al carbono o acero inoxidable fino y homologado, as\u00ed como para acr\u00edlico, madera, contrachapado, MDF, cuero o textiles homologados; cada material requiere el cabezal, el gas, el sistema de extracci\u00f3n y los par\u00e1metros probados adecuados.<\/p>\n\n\n\n<p class=\"wp-block-paragraph\"><\/p>\n\n\n\n<ul class=\"wp-block-list\">\n<li>Opciones de tubos de CO\u2082 sellados de la clase de 150-500 W; la potencia final, el dise\u00f1o del tubo y el enfriador deben confirmarse conjuntamente.<\/li>\n\n\n\n<li>Opciones de superficie de trabajo nominal de 1300 \u00d7 900, 1600 \u00d7 1000 y 1300 \u00d7 2500 mm.<\/li>\n\n\n\n<li>Configuraciones espec\u00edficas para el corte de chapa fina y de materiales no met\u00e1licos en una misma plataforma de movimiento.<\/li>\n\n\n\n<li>El trabajo con metal fino requiere el cabezal met\u00e1lico especificado, el control de altura, la boquilla, ox\u00edgeno u otro gas auxiliar homologado, as\u00ed como una prueba de producci\u00f3n.<\/li>\n\n\n\n<li>Una mesa de trabajo con cuchillas soporta chapas r\u00edgidas y permite que los residuos y los humos generados durante el proceso se desplacen hacia la zona de extracci\u00f3n.<\/li>\n\n\n\n<li>Las gu\u00edas lineales, la transmisi\u00f3n por correa o cremallera y el paquete de motores paso a paso\/servomotores indicado garantizan un movimiento repetible tras la calibraci\u00f3n.<\/li>\n\n\n\n<li>Controlador h\u00edbrido RDC6332M con MetalCut o el software indicado en la configuraci\u00f3n final.<\/li>\n\n\n\n<li>Es necesario confirmar la compatibilidad de LightBurn Pro con el controlador y el firmware concretos; las funciones de altura y gas espec\u00edficas para metal pueden requerir el flujo de trabajo MetalCut incluido.<\/li>\n<\/ul>\n\n\n\n<p class=\"wp-block-paragraph\"><\/p>\n\n\n\n<p><img decoding=\"async\" alt=\"Diagrama de capacidades de la cortadora h\u00edbrida de CO\u2082 para metales y no metales\" src=\"\/wp-content\/uploads\/replace\/11c05005749e1894cc246c011170018d.png\" usemap=\"#1765855729672\" border=\"0\" \/><map id=\"1765855729672\" name=\"1765855729672\"><\/map><\/p>\n\n\n\n<div class=\"wp-block-columns is-layout-flex wp-container-core-columns-is-layout-8f761849 wp-block-columns-is-layout-flex\">\n<div class=\"wp-block-column is-layout-flow wp-block-column-is-layout-flow\">\n<h2 class=\"wp-block-heading has-text-align-center\">Selecci\u00f3n de potencia del tubo y del proceso<\/h2>\n\n\n\n<p class=\"has-text-align-center wp-block-paragraph\">Seleccione la potencia del tubo en funci\u00f3n del \u00e1rea de trabajo, la configuraci\u00f3n del cabezal met\u00e1lico, el material, el espesor, el objetivo de corte y el ciclo de trabajo. Una potencia nominal m\u00e1s alta no sustituye a las pruebas del material ni a una configuraci\u00f3n segura del gas.<\/p>\n<\/div>\n\n\n\n<div class=\"wp-block-column is-layout-flow wp-block-column-is-layout-flow\">\n<h2 class=\"wp-block-heading has-text-align-center\">Tres opciones de \u00e1rea de trabajo<\/h2>\n\n\n\n<p class=\"has-text-align-center wp-block-paragraph\">Elija entre 1300 \u00d7 900, 1600 \u00d7 1000 o 1300 \u00d7 2500 mm en funci\u00f3n del tama\u00f1o de la chapa, el acceso para la carga, la superficie ocupada, el volumen de extracci\u00f3n y el plano definitivo de la m\u00e1quina.<\/p>\n<\/div>\n\n\n\n<div class=\"wp-block-column is-layout-flow wp-block-column-is-layout-flow\">\n<h2 class=\"wp-block-heading has-text-align-center\">Plataforma de movimiento r\u00edgida<\/h2>\n\n\n\n<p class=\"has-text-align-center wp-block-paragraph\">Un bastidor soldado y unos componentes de movimiento lineal a juego garantizan un recorrido uniforme. La precisi\u00f3n final depende del montaje, la nivelaci\u00f3n, la calibraci\u00f3n, la \u00f3ptica, la planitud del material y las pruebas de aceptaci\u00f3n.<\/p>\n<\/div>\n<\/div>\n\n\n\n<div class=\"wp-block-columns is-layout-flex wp-container-core-columns-is-layout-8f761849 wp-block-columns-is-layout-flex\">\n<div class=\"wp-block-column is-layout-flow wp-block-column-is-layout-flow\">\n<h2 class=\"wp-block-heading has-text-align-center\">Sistema de refrigeraci\u00f3n por agua dimensionado<\/h2>\n\n\n\n<p class=\"has-text-align-center wp-block-paragraph\">Utiliza la capacidad del enfriador, el refrigerante, el rango de temperatura, la alarma de caudal y el programa de mantenimiento especificados por el fabricante del tubo. Interconecta el l\u00e1ser con un caudal de refrigeraci\u00f3n verificado.<\/p>\n<\/div>\n\n\n\n<div class=\"wp-block-column is-layout-flow wp-block-column-is-layout-flow\">\n<h2 class=\"wp-block-heading has-text-align-center\">Mesa de cuchillas<\/h2>\n\n\n\n<p class=\"has-text-align-center wp-block-paragraph\">La base de cuchillas sustituibles soporta las l\u00e1minas r\u00edgidas, al tiempo que reduce la reflexi\u00f3n trasera y deja espacio libre para la escoria y los residuos. La separaci\u00f3n entre las cuchillas debe adaptarse al tama\u00f1o de la pieza.<\/p>\n<\/div>\n\n\n\n<div class=\"wp-block-column is-layout-flow wp-block-column-is-layout-flow\">\n<h2 class=\"wp-block-heading has-text-align-center\">Rendimiento de corte validado<\/h2>\n\n\n\n<p class=\"has-text-align-center wp-block-paragraph\">El espesor del metal, el espesor del material no met\u00e1lico y la velocidad de producci\u00f3n dependen de la potencia del tubo, el tipo de material, el recubrimiento, el enfoque, el gas, la boquilla, la extracci\u00f3n y los criterios de bordes. Utilice los cortes de muestra de f\u00e1brica y los valores de aceptaci\u00f3n firmados en lugar de un valor m\u00e1ximo universal.<\/p>\n<\/div>\n<\/div>\n\n\n\n<h2 class=\"wp-block-heading\">Especificaciones h\u00edbridas 1390 \/ 1610 \/ 1325<\/h2>\n\n\n\n<figure class=\"wp-block-table\"><table class=\"has-fixed-layout\"><tbody><tr><td><strong>Familia de modelos<\/strong><\/td><td>Cortadora h\u00edbrida de CO\u2082 VankCut-1390 \/ VankCut-1610 \/ VankCut-1325<\/td><\/tr><tr><td><strong>Proceso primario<\/strong><\/td><td>Corte preciso de chapas finas met\u00e1licas y no met\u00e1licas con ajustes independientes del cabezal, el gas y los par\u00e1metros<\/td><\/tr><tr><td><strong>\u00c1reas de trabajo nominales<\/strong><\/td><td>1300 \u00d7 900 \/ 1600 \u00d7 1000 \/ 1300 \u00d7 2500 mm<\/td><\/tr><tr><td><strong>Fuente l\u00e1ser<\/strong><\/td><td>Tubo de vidrio de CO\u2082 sellado y refrigerado por agua o configuraci\u00f3n de haz combinado, tal y como se indica en el presupuesto<\/td><\/tr><tr><td><strong>Longitud de onda nominal<\/strong><\/td><td>10,6 \u03bcm<\/td><\/tr><tr><td><strong>Potencia nominal del tubo<\/strong><\/td><td>Opciones de potencia de 150 \/ 180 \/ 200 \/ 300 \/ 500 W; dise\u00f1o de la fuente de alimentaci\u00f3n y potencia \u00fatil seg\u00fan presupuesto<\/td><\/tr><tr><td><strong>Cabezal de corte de metal<\/strong><\/td><td>Boquilla espec\u00edfica, sistema de enfoque autom\u00e1tico o de seguimiento de altura, protecci\u00f3n contra colisiones y l\u00edmites, y alarma de baja presi\u00f3n, seg\u00fan la configuraci\u00f3n<\/td><\/tr><tr><td><strong>Assist Gas<\/strong><\/td><td>Aire para los no metales autorizados; ox\u00edgeno u otro gas especificado para el corte de metales conforme a los requisitos, con un suministro limpio y regulado<\/td><\/tr><tr><td><strong>Mesa de trabajo<\/strong><\/td><td>Base de cuchillas sustituible con espacio libre debajo de la mesa para residuos y extracci\u00f3n<\/td><\/tr><tr><td><strong>Velocidad de movimiento de referencia<\/strong><\/td><td>Hasta 600 mm\/s de grabado y 200 mm\/s de corte en la configuraci\u00f3n de serie; la velocidad de producci\u00f3n depende de la aplicaci\u00f3n<\/td><\/tr><tr><td><strong>Referencia de posicionamiento<\/strong><\/td><td>Se indica \u22640,01 mm; verificar mediante nivelaci\u00f3n, calibraci\u00f3n y muestra de aceptaci\u00f3n<\/td><\/tr><tr><td><strong>Sistema de movimiento<\/strong><\/td><td>Gu\u00edas lineales con transmisi\u00f3n por correa o cremallera y paquete de motores paso a paso o servomotores incluido en el presupuesto<\/td><\/tr><tr><td><strong>Controlador<\/strong><\/td><td>DSP h\u00edbrido RDC6332M con funciones de altura, gas, alarma de presi\u00f3n y detecci\u00f3n de corte de metal, tal y como est\u00e1 configurado<\/td><\/tr><tr><td><strong>Software y archivos<\/strong><\/td><td>MetalCut o el software de control suministrado; DST, PLT, BMP, DWG, DXF, AI y HPGL, seg\u00fan la versi\u00f3n<\/td><\/tr><tr><td><strong>Refrigeraci\u00f3n y extracci\u00f3n<\/strong><\/td><td>Enfriador industrial, sistema de extracci\u00f3n asistida por aire y sistema de extracci\u00f3n en el punto de origen, dimensionados en funci\u00f3n de la potencia de los tubos y de los materiales homologados<\/td><\/tr><tr><td><strong>Emplazamiento, seguridad y aceptaci\u00f3n<\/strong><\/td><td>Servicios el\u00e9ctricos y de gas seg\u00fan la oferta; se requieren controles de clase 4, protecci\u00f3n contra incendios, EPI, formaci\u00f3n y aceptaci\u00f3n de muestras de f\u00e1brica<\/td><\/tr><\/tbody><\/table><\/figure>\n\n\n\n<h2 class=\"wp-block-heading has-text-align-left\">Gu\u00eda de calificaci\u00f3n de materiales y espesores<\/h2>\n\n\n\n<figure class=\"wp-block-table is-style-regular\"><table class=\"has-fixed-layout\"><tbody><tr><td><strong>Material \/ Proceso<\/strong><\/td><td><strong>Factores de configuraci\u00f3n<\/strong><\/td><td><strong>Requisitos de admisi\u00f3n<\/strong><\/td><\/tr><tr><td>Acr\u00edlico<\/td><td>Potencia del tubo, tipo de fabricaci\u00f3n (fundido\/extruido), espesor, enfoque, asistencia neum\u00e1tica y acabado de los bordes<\/td><td>Comprueba el borde pulido a la llama, el estrechamiento, la decoloraci\u00f3n y el tiempo de ciclo con la ficha de producci\u00f3n.<\/td><\/tr><tr><td>Contrachapado \/ MDF \/ Madera<\/td><td>Especie, composici\u00f3n qu\u00edmica del pegamento o la resina, humedad, espesor, carbonizaci\u00f3n y carga de fuego<\/td><td>Revisar la ficha de datos de seguridad (FDS) y comprobar la calidad del corte, los humos y el comportamiento ante una llama sostenida<\/td><\/tr><tr><td>Acero al carbono de poco espesor<\/td><td>Calidad, recubrimiento, planitud, cabezal met\u00e1lico, boquilla, presi\u00f3n de ox\u00edgeno y enfoque<\/td><td>Muestra de f\u00e1brica y criterios relativos al espesor, la oxidaci\u00f3n de los bordes, las impurezas y la velocidad, debidamente firmados<\/td><\/tr><tr><td>Acero inoxidable fino<\/td><td>Aleaci\u00f3n, acabado, pel\u00edcula protectora, selecci\u00f3n de gas, boquilla, enfoque y tono t\u00e9rmico<\/td><td>Muestra de f\u00e1brica y criterios relativos a bordes, rebabas, decoloraci\u00f3n y dimensiones<\/td><\/tr><tr><td>Chapa galvanizada<\/td><td>Recubrimiento de zinc, generaci\u00f3n de humos, extracci\u00f3n, gas, holgura superior y objetivo de corrosi\u00f3n<\/td><td>Revisi\u00f3n de higiene laboral, adem\u00e1s de la aceptaci\u00f3n de muestras y la captura en la fuente local<\/td><\/tr><tr><td>Materiales prohibidos o desconocidos<\/td><td>PVC, vinilo, PTFE, otros materiales halogenados, laminados epoxi o fen\u00f3licos, pl\u00e1sticos desconocidos y materiales compuestos<\/td><td>No procesar; identificar la composici\u00f3n qu\u00edmica y seleccionar otro m\u00e9todo<\/td><\/tr><\/tbody><\/table><\/figure>\n\n\n\n<p class=\"has-text-align-right wp-block-paragraph\">Las prestaciones dependen de la configuraci\u00f3n completa y del material de fabricaci\u00f3n; apruebe las muestras de f\u00e1brica antes de realizar el pedido.<\/p>\n\n\n\n<h2 class=\"wp-block-heading\">Calificaci\u00f3n del proceso para metal y no metal<\/h2>\n\n\n\n<figure class=\"wp-block-table\"><table class=\"has-fixed-layout\"><tbody><tr><td><strong>Elemento de cualificaci\u00f3n<\/strong><\/td><td><strong>Verificar antes de la producci\u00f3n<\/strong><\/td><\/tr><tr><td>Identificaci\u00f3n del material<\/td><td>Calidad exacta, proveedor, recubrimiento, adhesivo, pel\u00edcula y ficha de datos de seguridad (FDS)<\/td><\/tr><tr><td>Espesor y planitud<\/td><td>Tolerancia real, deformaci\u00f3n, espaciado entre soportes y riesgo de holgura del cabezal<\/td><\/tr><tr><td>Fuente l\u00e1ser<\/td><td>Dise\u00f1o de los tubos, potencia nominal, potencia \u00fatil, trayectoria del haz y capacidad de refrigeraci\u00f3n<\/td><\/tr><tr><td>Metalero<\/td><td>Boquilla, enfoque, seguimiento de altura, protecci\u00f3n contra colisiones y comportamiento de l\u00edmites y alarmas<\/td><\/tr><tr><td>Gas auxiliar<\/td><td>Tipo de gas, pureza, presi\u00f3n regulada limpia, compatibilidad de las mangueras y procedimiento de cierre<\/td><\/tr><tr><td>Asistencia neum\u00e1tica no met\u00e1lica<\/td><td>Corriente de aire seco que controla la llama y los residuos sin mover la pieza de trabajo<\/td><\/tr><tr><td>Extracci\u00f3n<\/td><td>Velocidad de captaci\u00f3n, conductos, filtraci\u00f3n, aire de reposici\u00f3n y cumplimiento de la normativa sobre emisiones<\/td><\/tr><tr><td>Medidas de prevenci\u00f3n de incendios<\/td><td>Supervisi\u00f3n, detecci\u00f3n, plan de extinci\u00f3n, retirada de escombros calientes y parada de emergencia<\/td><\/tr><tr><td>Cup\u00f3n de prueba<\/td><td>Calidad de los bordes, conicidad, escoria, carbonizaci\u00f3n, dimensiones, velocidad y repetibilidad<\/td><\/tr><tr><td>Registro de aceptaci\u00f3n<\/td><td>Par\u00e1metros aprobados, fotograf\u00edas, identificaci\u00f3n de muestras y requisitos relativos al operador y al mantenimiento<\/td><\/tr><\/tbody><\/table><\/figure>\n\n\n<p><iframe loading=\"lazy\" title=\"Demostraci\u00f3n de corte h\u00edbrido con CO\u2082 de metales y no metales\" src=\"https:\/\/www.youtube.com\/embed\/EOPLpvCcEQo\" width=\"1920\" height=\"700\" frameborder=\"0\" allowfullscreen=\"allowfullscreen\"><\/iframe><\/p>\n\n\n<h2 class=\"wp-block-heading\"><strong>Materiales calificados<\/strong><\/h2>\n\n\n\n<p class=\"has-text-align-left wp-block-paragraph\">La configuraci\u00f3n h\u00edbrida est\u00e1 destinada a chapa fina calificada de acero al carbono o inoxidable y a acr\u00edlico, contrachapado, MDF, madera, cuero, papel o textiles documentados. Las pel\u00edculas protectoras, los recubrimientos, los adhesivos y las formulaciones sint\u00e9ticas requieren revisi\u00f3n de SDS y pruebas. No procese PVC, vinilo, PTFE, otros materiales halogenados, laminados epoxi o fen\u00f3licos, pl\u00e1sticos desconocidos ni compuestos no identificados.<\/p>\n\n\n\n<h2 class=\"wp-block-heading\"><strong>Sectores aptos<\/strong><\/h2>\n\n\n\n<p class=\"wp-block-paragraph\">Entre sus aplicaciones habituales se incluyen la fabricaci\u00f3n de material publicitario, expositores, maquetas, troqueles para embalaje, art\u00edculos de cuero y textiles homologados, productos acr\u00edlicos y, en ocasiones, piezas de chapa fina. La producci\u00f3n de grandes vol\u00famenes o de metales m\u00e1s gruesos suele adaptarse mejor a un l\u00e1ser de fibra, al plasma u otro proceso espec\u00edfico.<\/p>\n\n\n\n<p class=\"wp-block-paragraph\"><\/p>\n\n\n\n<div class=\"wp-block-columns is-layout-flex wp-container-core-columns-is-layout-8f761849 wp-block-columns-is-layout-flex\">\n<div class=\"wp-block-column is-layout-flow wp-block-column-is-layout-flow\">\n<div class=\"wp-block-columns is-layout-flex wp-container-core-columns-is-layout-8f761849 wp-block-columns-is-layout-flex\">\n<div class=\"wp-block-column is-layout-flow wp-block-column-is-layout-flow\">\n<figure class=\"wp-block-image size-full\"><img loading=\"lazy\" decoding=\"async\" width=\"400\" height=\"414\" src=\"https:\/\/vanklaser.com\/wp-content\/uploads\/2025\/12\/2-15.jpg\" alt=\"Letras acr\u00edlicas de canal retroiluminadas cortadas con l\u00e1ser de CO\u2082\" class=\"wp-image-2126\" srcset=\"https:\/\/vanklaser.com\/wp-content\/uploads\/2025\/12\/2-15.jpg 400w, https:\/\/vanklaser.com\/wp-content\/uploads\/2025\/12\/2-15-290x300.jpg 290w\" sizes=\"auto, (max-width: 400px) 100vw, 400px\" \/><\/figure>\n<\/div>\n\n\n\n<div class=\"wp-block-column is-layout-flow wp-block-column-is-layout-flow\">\n<figure class=\"wp-block-image size-full\"><img loading=\"lazy\" decoding=\"async\" width=\"400\" height=\"414\" src=\"https:\/\/vanklaser.com\/wp-content\/uploads\/2025\/12\/3-9.jpg\" alt=\"Placa con la direcci\u00f3n con acabado de lat\u00f3n cortada con un l\u00e1ser h\u00edbrido de CO\u2082\" class=\"wp-image-2127\" srcset=\"https:\/\/vanklaser.com\/wp-content\/uploads\/2025\/12\/3-9.jpg 400w, https:\/\/vanklaser.com\/wp-content\/uploads\/2025\/12\/3-9-290x300.jpg 290w\" sizes=\"auto, (max-width: 400px) 100vw, 400px\" \/><\/figure>\n<\/div>\n<\/div>\n<\/div>\n\n\n\n<div class=\"wp-block-column is-layout-flow wp-block-column-is-layout-flow\">\n<div class=\"wp-block-columns is-layout-flex wp-container-core-columns-is-layout-8f761849 wp-block-columns-is-layout-flex\">\n<div class=\"wp-block-column is-layout-flow wp-block-column-is-layout-flow\">\n<figure class=\"wp-block-image size-full\"><img loading=\"lazy\" decoding=\"async\" width=\"400\" height=\"414\" src=\"https:\/\/vanklaser.com\/wp-content\/uploads\/2025\/12\/1-23.jpg\" alt=\"Muestra de un premio de acr\u00edlico grabado\" class=\"wp-image-2125\" srcset=\"https:\/\/vanklaser.com\/wp-content\/uploads\/2025\/12\/1-23.jpg 400w, https:\/\/vanklaser.com\/wp-content\/uploads\/2025\/12\/1-23-290x300.jpg 290w\" sizes=\"auto, (max-width: 400px) 100vw, 400px\" \/><\/figure>\n<\/div>\n\n\n\n<div class=\"wp-block-column is-layout-flow wp-block-column-is-layout-flow\">\n<figure class=\"wp-block-image size-full\"><img loading=\"lazy\" decoding=\"async\" width=\"400\" height=\"414\" src=\"https:\/\/vanklaser.com\/wp-content\/uploads\/2025\/12\/4-8.jpg\" alt=\"Mapa de madera con un dise\u00f1o intrincado tallado con l\u00e1ser de CO\u2082\" class=\"wp-image-2128\" srcset=\"https:\/\/vanklaser.com\/wp-content\/uploads\/2025\/12\/4-8.jpg 400w, https:\/\/vanklaser.com\/wp-content\/uploads\/2025\/12\/4-8-290x300.jpg 290w\" sizes=\"auto, (max-width: 400px) 100vw, 400px\" \/><\/figure>\n<\/div>\n<\/div>\n<\/div>\n<\/div>\n\n\n\n<div class=\"wp-block-columns is-layout-flex wp-container-core-columns-is-layout-8f761849 wp-block-columns-is-layout-flex\">\n<div class=\"wp-block-column is-layout-flow wp-block-column-is-layout-flow\">\n<div class=\"wp-block-columns is-layout-flex wp-container-core-columns-is-layout-8f761849 wp-block-columns-is-layout-flex\">\n<div class=\"wp-block-column is-layout-flow wp-block-column-is-layout-flow\">\n<figure class=\"wp-block-image size-full\"><img loading=\"lazy\" decoding=\"async\" width=\"400\" height=\"414\" src=\"https:\/\/vanklaser.com\/wp-content\/uploads\/2025\/12\/1-24.jpg\" alt=\"Placa de reconocimiento de madera grabada\" class=\"wp-image-2129\" srcset=\"https:\/\/vanklaser.com\/wp-content\/uploads\/2025\/12\/1-24.jpg 400w, https:\/\/vanklaser.com\/wp-content\/uploads\/2025\/12\/1-24-290x300.jpg 290w\" sizes=\"auto, (max-width: 400px) 100vw, 400px\" \/><\/figure>\n<\/div>\n\n\n\n<div class=\"wp-block-column is-layout-flow wp-block-column-is-layout-flow\">\n<figure class=\"wp-block-image size-full\"><img loading=\"lazy\" decoding=\"async\" width=\"400\" height=\"414\" src=\"https:\/\/vanklaser.com\/wp-content\/uploads\/2025\/12\/2-16.jpg\" alt=\"Placa de reconocimiento a un proveedor de madera y acr\u00edlico\" class=\"wp-image-2130\" srcset=\"https:\/\/vanklaser.com\/wp-content\/uploads\/2025\/12\/2-16.jpg 400w, https:\/\/vanklaser.com\/wp-content\/uploads\/2025\/12\/2-16-290x300.jpg 290w\" sizes=\"auto, (max-width: 400px) 100vw, 400px\" \/><\/figure>\n<\/div>\n<\/div>\n<\/div>\n\n\n\n<div class=\"wp-block-column is-layout-flow wp-block-column-is-layout-flow\">\n<div class=\"wp-block-columns is-layout-flex wp-container-core-columns-is-layout-8f761849 wp-block-columns-is-layout-flex\">\n<div class=\"wp-block-column is-layout-flow wp-block-column-is-layout-flow\">\n<figure class=\"wp-block-image size-full\"><img loading=\"lazy\" decoding=\"async\" width=\"400\" height=\"414\" src=\"https:\/\/vanklaser.com\/wp-content\/uploads\/2025\/12\/3-10.jpg\" alt=\"Muestra de etiqueta met\u00e1lica recubierta para corte h\u00edbrido con CO\u2082\" class=\"wp-image-2131\" srcset=\"https:\/\/vanklaser.com\/wp-content\/uploads\/2025\/12\/3-10.jpg 400w, https:\/\/vanklaser.com\/wp-content\/uploads\/2025\/12\/3-10-290x300.jpg 290w\" sizes=\"auto, (max-width: 400px) 100vw, 400px\" \/><\/figure>\n<\/div>\n\n\n\n<div class=\"wp-block-column is-layout-flow wp-block-column-is-layout-flow\">\n<figure class=\"wp-block-image size-full\"><img loading=\"lazy\" decoding=\"async\" width=\"400\" height=\"414\" src=\"https:\/\/vanklaser.com\/wp-content\/uploads\/2025\/12\/4-9.jpg\" alt=\"Paneles decorativos de acr\u00edlico de colores cortados con l\u00e1ser de CO\u2082\" class=\"wp-image-2132\" srcset=\"https:\/\/vanklaser.com\/wp-content\/uploads\/2025\/12\/4-9.jpg 400w, https:\/\/vanklaser.com\/wp-content\/uploads\/2025\/12\/4-9-290x300.jpg 290w\" sizes=\"auto, (max-width: 400px) 100vw, 400px\" \/><\/figure>\n<\/div>\n<\/div>\n<\/div>\n<\/div>\n\n\n\n<h2 class=\"wp-block-heading has-text-align-center\">Sistema h\u00edbrido CO2 para metal y no metal<\/h2>\n\n\n\n<p class=\"wp-block-paragraph\"><\/p>\n\n\n\n<div class=\"wp-block-columns is-layout-flex wp-container-core-columns-is-layout-8f761849 wp-block-columns-is-layout-flex\">\n<div class=\"wp-block-column is-layout-flow wp-block-column-is-layout-flow\">\n<div class=\"wp-block-media-text is-stacked-on-mobile\"><figure class=\"wp-block-media-text__media\"><img loading=\"lazy\" decoding=\"async\" width=\"1000\" height=\"870\" src=\"https:\/\/vanklaser.com\/wp-content\/uploads\/2025\/12\/1-22.jpg\" alt=\"Cabezal de corte de metal con control de altura asistido por gas\" class=\"wp-image-2117 size-full\" srcset=\"https:\/\/vanklaser.com\/wp-content\/uploads\/2025\/12\/1-22.jpg 1000w, https:\/\/vanklaser.com\/wp-content\/uploads\/2025\/12\/1-22-300x261.jpg 300w, https:\/\/vanklaser.com\/wp-content\/uploads\/2025\/12\/1-22-768x668.jpg 768w\" sizes=\"auto, (max-width: 1000px) 100vw, 1000px\" \/><\/figure><div class=\"wp-block-media-text__content\">\n<h2 class=\"wp-block-heading\">Cabezal de corte para metal<\/h2>\n\n\n\n<p class=\"wp-block-paragraph\"><\/p>\n\n\n\n<p class=\"wp-block-paragraph\">El cabezal met\u00e1lico espec\u00edfico mantiene la distancia de la boquilla y dirige el gas auxiliar especificado para chapas finas de acero al carbono o acero inoxidable que cumplan los requisitos. Confirma el tipo de cabezal, el sensor, el rango de presi\u00f3n y los l\u00edmites del material en el presupuesto.<\/p>\n<\/div><\/div>\n<\/div>\n<\/div>\n\n\n\n<div class=\"wp-block-media-text has-media-on-the-right is-stacked-on-mobile\"><div class=\"wp-block-media-text__content\">\n<h2 class=\"wp-block-heading\">Configuraci\u00f3n de la fuente CO2<\/h2>\n\n\n\n<p class=\"wp-block-paragraph\"><\/p>\n\n\n\n<p class=\"wp-block-paragraph\">La fuente citada puede utilizar un tubo de vidrio sellado de alta potencia o una disposici\u00f3n de haces combinados. El dise\u00f1o del tubo, la potencia nominal, la alineaci\u00f3n del haz, el enfriador y la potencia \u00fatil para el proceso deben proporcionarse como una \u00fanica configuraci\u00f3n verificada.<\/p>\n<\/div><figure class=\"wp-block-media-text__media\"><img loading=\"lazy\" decoding=\"async\" width=\"1000\" height=\"870\" src=\"https:\/\/vanklaser.com\/wp-content\/uploads\/2025\/12\/2-14.jpg\" alt=\"Configuraci\u00f3n de una fuente de CO\u2082 sellada de alta potencia\" class=\"wp-image-2118 size-full\" srcset=\"https:\/\/vanklaser.com\/wp-content\/uploads\/2025\/12\/2-14.jpg 1000w, https:\/\/vanklaser.com\/wp-content\/uploads\/2025\/12\/2-14-300x261.jpg 300w, https:\/\/vanklaser.com\/wp-content\/uploads\/2025\/12\/2-14-768x668.jpg 768w\" sizes=\"auto, (max-width: 1000px) 100vw, 1000px\" \/><\/figure><\/div>\n\n\n\n<div class=\"wp-block-media-text is-stacked-on-mobile\"><figure class=\"wp-block-media-text__media\"><img loading=\"lazy\" decoding=\"async\" width=\"1000\" height=\"870\" src=\"https:\/\/vanklaser.com\/wp-content\/uploads\/2025\/12\/4-7.jpg\" alt=\"Panel de control de corte h\u00edbrido RDC6332M\" class=\"wp-image-2119 size-full\" srcset=\"https:\/\/vanklaser.com\/wp-content\/uploads\/2025\/12\/4-7.jpg 1000w, https:\/\/vanklaser.com\/wp-content\/uploads\/2025\/12\/4-7-300x261.jpg 300w, https:\/\/vanklaser.com\/wp-content\/uploads\/2025\/12\/4-7-768x668.jpg 768w\" sizes=\"auto, (max-width: 1000px) 100vw, 1000px\" \/><\/figure><div class=\"wp-block-media-text__content\">\n<h2 class=\"wp-block-heading\">Controlador h\u00edbrido RDC6332M<\/h2>\n\n\n\n<p class=\"wp-block-paragraph\"><\/p>\n\n\n\n<p class=\"wp-block-paragraph\">La familia RDC6332M est\u00e1 dise\u00f1ada para el corte h\u00edbrido con CO\u2082 y puede coordinar el movimiento, el seguimiento de altura, el gas auxiliar, las alarmas de baja presi\u00f3n y las funciones de corte de metal seg\u00fan el cableado, el firmware y la configuraci\u00f3n de MetalCut proporcionados.<\/p>\n<\/div><\/div>\n\n\n\n<div class=\"wp-block-media-text has-media-on-the-right is-stacked-on-mobile\"><div class=\"wp-block-media-text__content\">\n<h2 class=\"wp-block-heading\">Mesa de cuchillas para material r\u00edgido<\/h2>\n\n\n\n<p class=\"wp-block-paragraph\"><\/p>\n\n\n\n<p class=\"wp-block-paragraph\">Las cuchillas reemplazables soportan las chapas r\u00edgidas y dejan espacio libre para el haz concentrado, la escoria y los residuos. Selecciona la separaci\u00f3n adecuada para la pieza m\u00e1s peque\u00f1a y mant\u00e9n la superficie de trabajo y la zona de extracci\u00f3n.<\/p>\n<\/div><figure class=\"wp-block-media-text__media\"><img loading=\"lazy\" decoding=\"async\" width=\"1000\" height=\"870\" src=\"https:\/\/vanklaser.com\/wp-content\/uploads\/2025\/12\/3-8.jpg\" alt=\"Mesa de trabajo con cuchillas intercambiables para chapas r\u00edgidas\" class=\"wp-image-2120 size-full\" srcset=\"https:\/\/vanklaser.com\/wp-content\/uploads\/2025\/12\/3-8.jpg 1000w, https:\/\/vanklaser.com\/wp-content\/uploads\/2025\/12\/3-8-300x261.jpg 300w, https:\/\/vanklaser.com\/wp-content\/uploads\/2025\/12\/3-8-768x668.jpg 768w\" sizes=\"auto, (max-width: 1000px) 100vw, 1000px\" \/><\/figure><\/div>\n\n\n\n<p class=\"wp-block-paragraph\"><\/p>\n\n\n\n<p class=\"wp-block-paragraph\"><\/p>\n\n\n\n<h2 class=\"wp-block-heading\">Preguntas frecuentes sobre la cortadora l\u00e1ser CO2 para metal y no metal<\/h2>\n\n\n\n<p class=\"wp-block-paragraph\"><\/p>\n\n\n\n<h3 class=\"wp-block-heading\">\u00bfQu\u00e9 materiales puede procesar una m\u00e1quina de grabado\/corte por l\u00e1ser de CO2?<\/h3>\n\n\n\n<p class=\"wp-block-paragraph\">Entre los materiales m\u00e1s habituales se encuentran el acr\u00edlico certificado, la madera contrachapada, el MDF, la madera, el papel, el cuero y los tejidos, adem\u00e1s de l\u00e1minas finas de carbono o acero inoxidable en la configuraci\u00f3n espec\u00edfica para metal asistida por gas. La composici\u00f3n qu\u00edmica de los materiales, los recubrimientos, los adhesivos y el comportamiento frente al fuego y a los humos deben aprobarse previamente; est\u00e1n prohibidos el PVC, el PTFE, los materiales halogenados, los epoxi, los fen\u00f3licos y los compuestos desconocidos.<\/p>\n\n\n\n<p class=\"wp-block-paragraph\"><\/p>\n\n\n\n<h3 class=\"wp-block-heading\">\u00bfPuede un l\u00e1ser de CO2 cortar o grabar metal?<\/h3>\n\n\n\n<p class=\"wp-block-paragraph\">El modelo h\u00edbrido solo puede cortar chapas finas aptas cuando est\u00e1 equipado con el cabezal para metal, el control de altura, la boquilla y el sistema de gas auxiliar especificados. No es equivalente a un l\u00e1ser de fibra para una amplia gama de espesores de metal ni para la producci\u00f3n de metal a gran escala.<\/p>\n\n\n\n<p class=\"wp-block-paragraph\"><\/p>\n\n\n\n<h3 class=\"wp-block-heading\">\u00bfPor qu\u00e9 el tubo l\u00e1ser no emite luz o pierde potencia?<\/h3>\n\n\n\n<p class=\"wp-block-paragraph\">Detenga la m\u00e1quina y siga el procedimiento documentado de bloqueo y resoluci\u00f3n de aver\u00edas. Con el l\u00e1ser desactivado, compruebe la alarma del enfriador, verifique el caudal, la temperatura, los enclavamientos, los mensajes del controlador y el estado visible de los cables o conectores.<\/p>\n\n\n\n<p class=\"wp-block-paragraph\">No puentee la protecci\u00f3n de agua, no anule los enclavamientos, no abra la fuente de alta tensi\u00f3n ni utilice un bot\u00f3n de prueba manual salvo que el procedimiento del fabricante asigne ese paso a un t\u00e9cnico cualificado. Remita la p\u00e9rdida de emisi\u00f3n o potencia a personal de servicio formado.<\/p>\n\n\n\n<p class=\"wp-block-paragraph\"><\/p>\n\n\n\n<h3 class=\"wp-block-heading\">\u00bfQu\u00e9 mantenimiento requieren la enfriadora y el sistema de refrigeraci\u00f3n por agua?<\/h3>\n\n\n\n<p class=\"wp-block-paragraph\">Sigue las instrucciones del fabricante de los tubos y del enfriador en cuanto al refrigerante, la conductividad, la temperatura, el caudal y el calendario de sustituci\u00f3n. Revisa el estado de las mangueras, los racores, los filtros y el dep\u00f3sito; limpia el condensador o el filtro de polvo con la alimentaci\u00f3n el\u00e9ctrica desconectada y anota las alarmas y las operaciones de mantenimiento.<\/p>\n\n\n\n<p class=\"wp-block-paragraph\">Mantenga la temperatura ambiente especificada y un espacio libre para la ventilaci\u00f3n alrededor del enfriador. No reanude la producci\u00f3n tras una alarma de temperatura elevada o de caudal bajo hasta que se haya subsanado la causa y se hayan comprobado los enclavamientos de refrigeraci\u00f3n.<\/p>\n\n\n\n<p class=\"wp-block-paragraph\"><\/p>\n\n\n\n<h3 class=\"wp-block-heading\">\u00bfCu\u00e1l es la diferencia entre el l\u00e1ser de CO2 y el l\u00e1ser de fibra?<\/h3>\n\n\n\n<p class=\"wp-block-paragraph\">Los l\u00e1seres de CO\u2082 son muy adecuados para el acr\u00edlico, la madera y muchos materiales org\u00e1nicos homologados; una configuraci\u00f3n h\u00edbrida asistida por gas a\u00f1ade una capacidad limitada para cortar chapas finas de metal. Los l\u00e1seres de fibra suelen ser la opci\u00f3n preferida para el corte y el marcado de metal de forma eficiente y con mayor rendimiento. Elige en funci\u00f3n de la combinaci\u00f3n de materiales, el grosor, los requisitos de los bordes y el volumen de producci\u00f3n.<\/p>\n\n\n\n<p class=\"wp-block-paragraph\"><\/p>\n\n\n\n<h3 class=\"wp-block-heading\">\u00bfQu\u00e9 tama\u00f1os de \u00e1rea de trabajo son habituales?<\/h3>\n\n\n\n<p class=\"wp-block-paragraph\">La gama incluye \u00e1reas de trabajo nominales de 1300 \u00d7 900, 1600 \u00d7 1000 y 1300 \u00d7 2500 mm. Confirme el recorrido \u00fatil, el tipo de bancada, el espacio ocupado por la m\u00e1quina, la altura libre de carga y la conexi\u00f3n de extracci\u00f3n en el plano definitivo.<\/p>","protected":false},"excerpt":{"rendered":"<p>Metal and Nonmetal CO2 Cutting Applications The 1390\/1610\/1325 metal and nonmetal CO2 laser cutter combines a dedicated height-control metal head and assist-gas system with conventional nonmetal cutting. It is intended for thin, qualified carbon or stainless steel and approved acrylic, wood, plywood, MDF, leather or textiles; each material requires the correct head, gas, extraction and [&hellip;]<\/p>\n","protected":false},"author":1,"featured_media":0,"comment_status":"open","ping_status":"open","sticky":false,"template":"","format":"standard","meta":{"footnotes":""},"categories":[6],"tags":[],"class_list":["post-2108","post","type-post","status-publish","format-standard","hentry","category-advertising-industry"],"_links":{"self":[{"href":"https:\/\/vanklaser.com\/es\/wp-json\/wp\/v2\/posts\/2108","targetHints":{"allow":["GET"]}}],"collection":[{"href":"https:\/\/vanklaser.com\/es\/wp-json\/wp\/v2\/posts"}],"about":[{"href":"https:\/\/vanklaser.com\/es\/wp-json\/wp\/v2\/types\/post"}],"author":[{"embeddable":true,"href":"https:\/\/vanklaser.com\/es\/wp-json\/wp\/v2\/users\/1"}],"replies":[{"embeddable":true,"href":"https:\/\/vanklaser.com\/es\/wp-json\/wp\/v2\/comments?post=2108"}],"version-history":[{"count":17,"href":"https:\/\/vanklaser.com\/es\/wp-json\/wp\/v2\/posts\/2108\/revisions"}],"predecessor-version":[{"id":3507,"href":"https:\/\/vanklaser.com\/es\/wp-json\/wp\/v2\/posts\/2108\/revisions\/3507"}],"wp:attachment":[{"href":"https:\/\/vanklaser.com\/es\/wp-json\/wp\/v2\/media?parent=2108"}],"wp:term":[{"taxonomy":"category","embeddable":true,"href":"https:\/\/vanklaser.com\/es\/wp-json\/wp\/v2\/categories?post=2108"},{"taxonomy":"post_tag","embeddable":true,"href":"https:\/\/vanklaser.com\/es\/wp-json\/wp\/v2\/tags?post=2108"}],"curies":[{"name":"wp","href":"https:\/\/api.w.org\/{rel}","templated":true}]}}