{"id":2087,"date":"2025-12-16T02:21:16","date_gmt":"2025-12-16T02:21:16","guid":{"rendered":"https:\/\/isn514upfp.wpdns.site\/?p=2087"},"modified":"2026-07-29T19:13:07","modified_gmt":"2026-07-29T19:13:07","slug":"madera-co2-maquina-de-corte-por-laser-de-grabado","status":"publish","type":"post","link":"https:\/\/vanklaser.com\/es\/wood-co2-laser-engraving-cutting-machine\/","title":{"rendered":"M\u00e1quina l\u00e1ser CO\u2082 1390 para grabado y corte"},"content":{"rendered":"<h2 class=\"wp-block-heading\">L\u00e1ser de CO\u2082 1390 para madera, acr\u00edlico y r\u00f3tulos<\/h2>\n\n\n\n<p class=\"wp-block-paragraph\">La m\u00e1quina l\u00e1ser CO\u2082 1390 ofrece una mesa de 1300 \u00d7 900 mm para r\u00f3tulos, maquetas, embalajes, artesan\u00eda en madera y series cortas. Configure la fuente l\u00e1ser, mesa, refrigeraci\u00f3n, asistencia de aire y extracci\u00f3n seg\u00fan los materiales aprobados y las muestras de f\u00e1brica.<\/p>\n\n\n\n<p class=\"wp-block-paragraph\"><\/p>\n\n\n\n<ul class=\"wp-block-list\">\n<li>Clases de fuente est\u00e1ndar de 80\/100\/130\/150 W; para una potencia superior se requiere una configuraci\u00f3n a medida<\/li>\n\n\n\n<li>\u00c1rea de trabajo nominal de 1300 \u00d7 900 mm<\/li>\n\n\n\n<li>Opciones de mesa de trabajo con estructura alveolar y con superficie de corte tipo cuchilla<\/li>\n\n\n\n<li>Controlador DSP Ruida de la clase RD6445<\/li>\n\n\n\n<li>Vista previa de la posici\u00f3n de la luz roja y opciones de enfoque autom\u00e1tico<\/li>\n\n\n\n<li>Se han confirmado la parada de emergencia y los controles de seguridad en la configuraci\u00f3n final<\/li>\n\n\n\n<li>LightBurn Pro es compatible cuando el controlador y el firmware son exactamente los mismos<\/li>\n\n\n\n<li>Enfriador de agua, sistema de asistencia por aire y sistema de extracci\u00f3n por captura en origen adaptados a la aplicaci\u00f3n<\/li>\n<\/ul>\n\n\n\n<p class=\"wp-block-paragraph\"><\/p>\n\n\n\n<p><img decoding=\"async\" src=\"\/wp-content\/uploads\/replace\/889b28ba82575f07aba4c6595114142a.png\" alt=\"M\u00e1quina de grabado y corte por l\u00e1ser de CO\u2082 1390 con materiales de muestra\" usemap=\"#1765850853478\" border=\"0\"><map id=\"1765850853478\" name=\"1765850853478\"><\/map><\/p>\n\n\n\n<div class=\"wp-block-columns is-layout-flex wp-container-core-columns-is-layout-8f761849 wp-block-columns-is-layout-flex\">\n<div class=\"wp-block-column is-layout-flow wp-block-column-is-layout-flow\">\n<h2 class=\"wp-block-heading has-text-align-center\">Opciones de potencia para grabado y corte<\/h2>\n\n\n\n<p class=\"has-text-align-center wp-block-paragraph\">Elija una fuente est\u00e1ndar de 80, 100, 130 o 150 W en funci\u00f3n del material de destino, el espesor, la calidad de los bordes y el ritmo de producci\u00f3n. Las versiones de mayor potencia requieren que el chasis, la \u00f3ptica, el sistema de refrigeraci\u00f3n y la ingenier\u00eda el\u00e9ctrica se adapten a ellas en el presupuesto final.<\/p>\n<\/div>\n\n\n\n<div class=\"wp-block-column is-layout-flow wp-block-column-is-layout-flow\">\n<h2 class=\"wp-block-heading has-text-align-center\">\u00c1rea de trabajo real de 1300 \u00d7 900 mm<\/h2>\n\n\n\n<p class=\"has-text-align-center wp-block-paragraph\">La superficie de trabajo de 1300 \u00d7 900 mm permite alojar paneles de se\u00f1alizaci\u00f3n, hojas de modelos, piezas en bruto para embalaje y dise\u00f1os de lotes de mayor tama\u00f1o que la plataforma 9060, al tiempo que mantiene el acceso desde un espacio de taller convencional.<\/p>\n<\/div>\n\n\n\n<div class=\"wp-block-column is-layout-flow wp-block-column-is-layout-flow\">\n<h2 class=\"wp-block-heading has-text-align-center\">Transmisi\u00f3n por correa y movimiento lineal por rieles<\/h2>\n\n\n\n<p class=\"has-text-align-center wp-block-paragraph\">Los rieles de gu\u00eda lineales y un sistema de movimiento con transmisi\u00f3n por correa protegido permiten realizar grabados y cortes repetibles en toda la superficie de trabajo de 1300 \u00d7 900 mm. Los ajustes, el enfoque, la \u00f3ptica y la planitud del material determinan el resultado final.<\/p>\n<\/div>\n<\/div>\n\n\n\n<div class=\"wp-block-columns is-layout-flex wp-container-core-columns-is-layout-8f761849 wp-block-columns-is-layout-flex\">\n<div class=\"wp-block-column is-layout-flow wp-block-column-is-layout-flow\">\n<h2 class=\"wp-block-heading has-text-align-center\">Refrigeraci\u00f3n por agua adaptada<\/h2>\n\n\n\n<p class=\"has-text-align-center wp-block-paragraph\">Una enfriadora industrial adaptada a la fuente mantiene el tubo dentro del rango de temperatura especificado. Para garantizar un funcionamiento fiable, es necesario contar con protecci\u00f3n contra el caudal insuficiente, un refrigerante limpio y v\u00edas de ventilaci\u00f3n despejadas.<\/p>\n<\/div>\n\n\n\n<div class=\"wp-block-column is-layout-flow wp-block-column-is-layout-flow\">\n<h2 class=\"wp-block-heading has-text-align-center\">Detalle superficial reproducible<\/h2>\n\n\n\n<p class=\"has-text-align-center wp-block-paragraph\">Una trayectoria \u00f3ptica limpia, una configuraci\u00f3n focal correcta y una velocidad, potencia y asistencia de aire ajustadas ayudan a reproducir gr\u00e1ficos detallados y bordes de corte controlados. Una muestra de f\u00e1brica muestra el resultado que se puede conseguir.<\/p>\n<\/div>\n\n\n\n<div class=\"wp-block-column is-layout-flow wp-block-column-is-layout-flow\">\n<h2 class=\"wp-block-heading has-text-align-center\">Configuraci\u00f3n 1390 orientada a la producci\u00f3n<\/h2>\n\n\n\n<p class=\"has-text-align-center wp-block-paragraph\">Antes de la entrega, compruebe las dimensiones de la m\u00e1quina, el espacio libre de la puerta, la carga admisible del suelo, el recorrido de los conductos de escape, el espacio destinado al enfriador y el acceso para el mantenimiento. El traslado y la instalaci\u00f3n deben realizarse siguiendo el procedimiento homologado de elevaci\u00f3n y nivelaci\u00f3n.<\/p>\n<\/div>\n<\/div>\n\n\n\n<h2 class=\"wp-block-heading\">Especificaciones de la m\u00e1quina l\u00e1ser de CO\u2082 1390<\/h2>\n\n\n\n<figure class=\"wp-block-table\"><table class=\"has-fixed-layout\"><thead><tr><th class=\"has-text-align-left\" data-align=\"left\"><strong>Especificaciones<\/strong><\/th><th class=\"has-text-align-left\" data-align=\"left\"><strong>1390 Configuraci\u00f3n<\/strong><\/th><\/tr><\/thead><tbody><tr><td class=\"has-text-align-left\" data-align=\"left\"><strong>Modelo<\/strong><\/td><td class=\"has-text-align-left\" data-align=\"left\">VankCut-1390<\/td><\/tr><tr><td class=\"has-text-align-left\" data-align=\"left\"><strong>\u00c1rea de trabajo nominal<\/strong><\/td><td class=\"has-text-align-left\" data-align=\"left\">1300 \u00d7 900 mm<\/td><\/tr><tr><td class=\"has-text-align-left\" data-align=\"left\"><strong>Proceso primario<\/strong><\/td><td class=\"has-text-align-left\" data-align=\"left\">Grabado y corte de materiales no met\u00e1licos calificados<\/td><\/tr><tr><td class=\"has-text-align-left\" data-align=\"left\"><strong>Fuente l\u00e1ser<\/strong><\/td><td class=\"has-text-align-left\" data-align=\"left\">Tubo l\u00e1ser de CO\u2082 con cristal sellado<\/td><\/tr><tr><td class=\"has-text-align-left\" data-align=\"left\"><strong>Opciones de potencia est\u00e1ndar<\/strong><\/td><td class=\"has-text-align-left\" data-align=\"left\">Clase de 80\/100\/130\/150 W; fuente definitiva mediante presupuesto y prueba de muestra<\/td><\/tr><tr><td class=\"has-text-align-left\" data-align=\"left\"><strong>Opci\u00f3n de mayor potencia<\/strong><\/td><td class=\"has-text-align-left\" data-align=\"left\">Disponible solo con chasis, \u00f3ptica, refrigeraci\u00f3n, extracci\u00f3n y dise\u00f1o el\u00e9ctrico confirmados<\/td><\/tr><tr><td class=\"has-text-align-left\" data-align=\"left\"><strong>Longitud de onda nominal<\/strong><\/td><td class=\"has-text-align-left\" data-align=\"left\">10,6 \u00b5m<\/td><\/tr><tr><td class=\"has-text-align-left\" data-align=\"left\"><strong>Sistema de movimiento<\/strong><\/td><td class=\"has-text-align-left\" data-align=\"left\">Transmisi\u00f3n por correa XY con gu\u00edas lineales<\/td><\/tr><tr><td class=\"has-text-align-left\" data-align=\"left\"><strong>Controlador<\/strong><\/td><td class=\"has-text-align-left\" data-align=\"left\">DSP Ruida clase RD6445; placa y firmware exactos confirmados en cada pedido<\/td><\/tr><tr><td class=\"has-text-align-left\" data-align=\"left\"><strong>Flujo de trabajo del software<\/strong><\/td><td class=\"has-text-align-left\" data-align=\"left\">RDWorks o un flujo de trabajo compatible; LightBurn Pro solo con un controlador y un firmware compatibles<\/td><\/tr><tr><td class=\"has-text-align-left\" data-align=\"left\"><strong>Flujo de trabajo t\u00edpico de los archivos<\/strong><\/td><td class=\"has-text-align-left\" data-align=\"left\">Archivos vectoriales y r\u00e1ster habituales, como AI, DXF, PLT, BMP y JPG, siempre que el software permita su importaci\u00f3n<\/td><\/tr><tr><td class=\"has-text-align-left\" data-align=\"left\"><strong>Mesa de trabajo<\/strong><\/td><td class=\"has-text-align-left\" data-align=\"left\">Panal o cuchillas; opci\u00f3n Z motorizada seg\u00fan la configuraci\u00f3n<\/td><\/tr><tr><td class=\"has-text-align-left\" data-align=\"left\"><strong>Posicionamiento y enfoque<\/strong><\/td><td class=\"has-text-align-left\" data-align=\"left\">Opciones de previsualizaci\u00f3n con luz roja y enfoque autom\u00e1tico; disponibilidad definitiva previa presupuesto<\/td><\/tr><tr><td class=\"has-text-align-left\" data-align=\"left\"><strong>Refrigeraci\u00f3n<\/strong><\/td><td class=\"has-text-align-left\" data-align=\"left\">Chiller industrial adaptado a la potencia del l\u00e1ser, con protecci\u00f3n de caudal y temperatura<\/td><\/tr><tr><td class=\"has-text-align-left\" data-align=\"left\"><strong>Asistencia de aire y extracci\u00f3n<\/strong><\/td><td class=\"has-text-align-left\" data-align=\"left\">Obligatorio; el caudal de aire y la filtraci\u00f3n se seleccionan seg\u00fan el material y el proceso<\/td><\/tr><tr><td class=\"has-text-align-left\" data-align=\"left\"><strong>Suministro el\u00e9ctrico<\/strong><\/td><td class=\"has-text-align-left\" data-align=\"left\">Configurado para la tensi\u00f3n y la frecuencia de destino; se requiere un circuito dedicado con toma de tierra<\/td><\/tr><tr><td class=\"has-text-align-left\" data-align=\"left\"><strong>Seguridad con el l\u00e1ser<\/strong><\/td><td class=\"has-text-align-left\" data-align=\"left\">Fuente l\u00e1ser de clase 4; la clasificaci\u00f3n del sistema completo, el cerramiento y los enclavamientos se confirman para el pa\u00eds de destino<\/td><\/tr><tr><td class=\"has-text-align-left\" data-align=\"left\"><strong>Condiciones de aceptaci\u00f3n<\/strong><\/td><td class=\"has-text-align-left\" data-align=\"left\">Archivo del cliente aprobado, muestra de material, calidad del borde o marcado, tiempo de ciclo y configuraci\u00f3n final<\/td><\/tr><\/tbody><\/table><\/figure>\n\n\n\n<h2 class=\"wp-block-heading has-text-align-left\">Gu\u00eda de cualificaci\u00f3n de materiales y procesos<\/h2>\n\n\n\n<figure class=\"wp-block-table is-style-regular\"><table class=\"has-fixed-layout\"><thead><tr><th><strong>Material o proceso<\/strong><\/th><th><strong>Gu\u00eda de proceso l\u00e1ser CO\u2082 1390<\/strong><\/th><\/tr><\/thead><tbody><tr><td><strong>Acr\u00edlico moldeado o extruido<\/strong><\/td><td>El grabado y el corte dependen de la aplicaci\u00f3n; comprueba el grosor, la calidad de los bordes, el control de la llama y la extracci\u00f3n con la chapa concreta.<\/td><\/tr><tr><td><strong>Madera, contrachapado y MDF<\/strong><\/td><td>Tenga en cuenta que la especie, la densidad, el adhesivo y el recubrimiento pueden variar; el humo, el carbonizado y el espesor que se puede alcanzar var\u00edan seg\u00fan el lote.<\/td><\/tr><tr><td><strong>Papel y cart\u00f3n<\/strong><\/td><td>Apto tras realizar las pruebas; utilice una baja aportaci\u00f3n de calor, supervise continuamente el proceso y aplique estrictas medidas de control de incendios.<\/td><\/tr><tr><td><strong>Cuero natural<\/strong><\/td><td>Procesar \u00fanicamente las formulaciones identificadas tras la revisi\u00f3n de la ficha de datos de seguridad (FDS) y de los gases de combusti\u00f3n; el cuero que contenga cromo o de composici\u00f3n desconocida requiere una autorizaci\u00f3n por escrito relativa a los riesgos.<\/td><\/tr><tr><td><strong>Textiles<\/strong><\/td><td>Comprueba el tipo exacto de fibra, tinte, recubrimiento y soporte; no proceses mezclas halogenadas o no identificadas.<\/td><\/tr><tr><td><strong>Goma para sellos apta para l\u00e1ser<\/strong><\/td><td>Utilice \u00fanicamente materiales suministrados y homologados para el procesamiento por l\u00e1ser con un sistema eficaz de extracci\u00f3n por captura en origen.<\/td><\/tr><tr><td><strong>Metal anodizado o recubierto<\/strong><\/td><td>Puede ser posible el marcado superficial de un recubrimiento aprobado; esta configuraci\u00f3n 1390 est\u00e1ndar no corta metal desnudo.<\/td><\/tr><tr><td><strong>Vidrio, piedra y cer\u00e1mica<\/strong><\/td><td>Limitado al marcado superficial tras una prueba; compruebe desconchados, grietas, polvo y variaciones del acabado.<\/td><\/tr><tr><td><strong>Corte de metal desnudo<\/strong><\/td><td>No compatible con la plataforma no met\u00e1lica 1390 est\u00e1ndar; elija un l\u00e1ser de fibra o un sistema h\u00edbrido espec\u00edfico.<\/td><\/tr><tr><td><strong>Materiales prohibidos o no identificados<\/strong><\/td><td>No procese PVC, vinilo, PTFE, otros materiales halogenados, laminados epoxi o fen\u00f3licos, cuero sint\u00e9tico de origen desconocido, caucho, resinas, pl\u00e1sticos ni materiales compuestos.<\/td><\/tr><\/tbody><\/table><\/figure>\n\n\n\n<p class=\"has-text-align-right wp-block-paragraph\">Los ajustes finales y las prestaciones se determinan a partir del archivo real del cliente y de una muestra del material.<\/p>\n\n\n\n<p class=\"wp-block-paragraph\"><\/p>\n\n\n<p><iframe loading=\"lazy\" title=\"1390 Demostraci\u00f3n de una m\u00e1quina de grabado y corte por l\u00e1ser de CO\u2082\" src=\"https:\/\/www.youtube.com\/embed\/dSXNveu1DUg\" width=\"1920\" height=\"700\" frameborder=\"0\" allowfullscreen=\"allowfullscreen\"><\/iframe><\/p>\n\n\n<h2 class=\"wp-block-heading\"><strong>Materiales calificados<\/strong><\/h2>\n\n\n\n<p class=\"has-text-align-left wp-block-paragraph\">Entre los materiales habituales se incluyen el acr\u00edlico homologado, la madera, la madera contrachapada, el MDF, el papel, el cart\u00f3n, el cuero natural, el caucho para sellos apto para l\u00e1ser y determinados tejidos. El metal recubierto, el vidrio, la piedra y la cer\u00e1mica solo se pueden utilizar para el marcado de superficies seg\u00fan las especificaciones. Consulte la ficha de datos de seguridad (FDS) y realice una prueba de extracci\u00f3n y de riesgo de incendio antes de iniciar la producci\u00f3n.<\/p>\n\n\n\n<h2 class=\"wp-block-heading\"><strong>Aplicaciones y sectores<\/strong><\/h2>\n\n\n\n<p class=\"wp-block-paragraph\">Entre sus usos habituales se incluyen los letreros acr\u00edlicos, las maquetas arquitect\u00f3nicas, los prototipos de embalaje, los regalos grabados, la artesan\u00eda en madera, los sellos, las etiquetas, los componentes textiles homologados y las piezas de exposici\u00f3n de tiradas cortas. Los productos regulados, que soportan cargas o que son cr\u00edticos para la seguridad requieren la validaci\u00f3n por parte del propio cliente.<\/p>\n\n\n\n<p class=\"wp-block-paragraph\"><\/p>\n\n\n\n<div class=\"wp-block-columns is-layout-flex wp-container-core-columns-is-layout-8f761849 wp-block-columns-is-layout-flex\">\n<div class=\"wp-block-column is-layout-flow wp-block-column-is-layout-flow\">\n<figure class=\"wp-block-image size-full\"><img loading=\"lazy\" decoding=\"async\" width=\"600\" height=\"500\" src=\"https:\/\/vanklaser.com\/wp-content\/uploads\/2025\/12\/123.jpg\" alt=\"Muestra de letras \u00abOmega\u00bb en acr\u00edlico cortadas con l\u00e1ser\" class=\"wp-image-1689\" srcset=\"https:\/\/vanklaser.com\/wp-content\/uploads\/2025\/12\/123.jpg 600w, https:\/\/vanklaser.com\/wp-content\/uploads\/2025\/12\/123-300x250.jpg 300w\" sizes=\"auto, (max-width: 600px) 100vw, 600px\" \/><\/figure>\n\n\n\n<p class=\"has-text-align-center wp-block-paragraph\">Letras de acr\u00edlico cortadas con l\u00e1ser<\/p>\n<\/div>\n\n\n\n<div class=\"wp-block-column is-layout-flow wp-block-column-is-layout-flow\">\n<figure class=\"wp-block-image size-full\"><img loading=\"lazy\" decoding=\"async\" width=\"600\" height=\"500\" src=\"https:\/\/vanklaser.com\/wp-content\/uploads\/2025\/12\/127-1.jpg\" alt=\"Muestra de patr\u00f3n de papel cortado con l\u00e1ser\" class=\"wp-image-1719\" srcset=\"https:\/\/vanklaser.com\/wp-content\/uploads\/2025\/12\/127-1.jpg 600w, https:\/\/vanklaser.com\/wp-content\/uploads\/2025\/12\/127-1-300x250.jpg 300w\" sizes=\"auto, (max-width: 600px) 100vw, 600px\" \/><\/figure>\n\n\n\n<p class=\"has-text-align-center wp-block-paragraph\">Patr\u00f3n de papel cortado con l\u00e1ser<\/p>\n<\/div>\n\n\n\n<div class=\"wp-block-column is-layout-flow wp-block-column-is-layout-flow\">\n<figure class=\"wp-block-image size-full\"><img loading=\"lazy\" decoding=\"async\" width=\"600\" height=\"500\" src=\"https:\/\/vanklaser.com\/wp-content\/uploads\/2025\/12\/125.jpg\" alt=\"Muestra de caja de contrachapado cortada con l\u00e1ser\" class=\"wp-image-1691\" srcset=\"https:\/\/vanklaser.com\/wp-content\/uploads\/2025\/12\/125.jpg 600w, https:\/\/vanklaser.com\/wp-content\/uploads\/2025\/12\/125-300x250.jpg 300w\" sizes=\"auto, (max-width: 600px) 100vw, 600px\" \/><\/figure>\n\n\n\n<p class=\"has-text-align-center wp-block-paragraph\">Caja de contrachapado cortada con l\u00e1ser<\/p>\n<\/div>\n<\/div>\n\n\n\n<div class=\"wp-block-columns is-layout-flex wp-container-core-columns-is-layout-8f761849 wp-block-columns-is-layout-flex\">\n<div class=\"wp-block-column is-layout-flow wp-block-column-is-layout-flow\">\n<figure class=\"wp-block-image size-full\"><img loading=\"lazy\" decoding=\"async\" width=\"600\" height=\"500\" src=\"https:\/\/vanklaser.com\/wp-content\/uploads\/2025\/12\/124-1.jpg\" alt=\"Muestra de letrero de acr\u00edlico cortado con l\u00e1ser\" class=\"wp-image-1718\" srcset=\"https:\/\/vanklaser.com\/wp-content\/uploads\/2025\/12\/124-1.jpg 600w, https:\/\/vanklaser.com\/wp-content\/uploads\/2025\/12\/124-1-300x250.jpg 300w\" sizes=\"auto, (max-width: 600px) 100vw, 600px\" \/><\/figure>\n\n\n\n<p class=\"has-text-align-center wp-block-paragraph\">Corte de letreros acr\u00edlicos<\/p>\n<\/div>\n\n\n\n<div class=\"wp-block-column is-layout-flow wp-block-column-is-layout-flow\">\n<figure class=\"wp-block-image size-full\"><img loading=\"lazy\" decoding=\"async\" width=\"600\" height=\"500\" src=\"https:\/\/vanklaser.com\/wp-content\/uploads\/2025\/12\/128.jpg\" alt=\"Muestra de material para sellos grabados con l\u00e1ser\" class=\"wp-image-1721\" srcset=\"https:\/\/vanklaser.com\/wp-content\/uploads\/2025\/12\/128.jpg 600w, https:\/\/vanklaser.com\/wp-content\/uploads\/2025\/12\/128-300x250.jpg 300w\" sizes=\"auto, (max-width: 600px) 100vw, 600px\" \/><\/figure>\n\n\n\n<p class=\"has-text-align-center wp-block-paragraph\">Grabado del material del sello<\/p>\n<\/div>\n\n\n\n<div class=\"wp-block-column is-layout-flow wp-block-column-is-layout-flow\">\n<figure class=\"wp-block-image size-full\"><img loading=\"lazy\" decoding=\"async\" width=\"600\" height=\"500\" src=\"https:\/\/vanklaser.com\/wp-content\/uploads\/2025\/12\/126-1.jpg\" alt=\"Muestra de l\u00e1mina de madera cortada con l\u00e1ser\" class=\"wp-image-1720\" srcset=\"https:\/\/vanklaser.com\/wp-content\/uploads\/2025\/12\/126-1.jpg 600w, https:\/\/vanklaser.com\/wp-content\/uploads\/2025\/12\/126-1-300x250.jpg 300w\" sizes=\"auto, (max-width: 600px) 100vw, 600px\" \/><\/figure>\n\n\n\n<p class=\"has-text-align-center wp-block-paragraph\">Corte de l\u00e1minas de madera<\/p>\n<\/div>\n<\/div>\n\n\n\n<div class=\"wp-block-columns is-layout-flex wp-container-core-columns-is-layout-8f761849 wp-block-columns-is-layout-flex\">\n<div class=\"wp-block-column is-layout-flow wp-block-column-is-layout-flow\">\n<div class=\"wp-block-cover\"><img loading=\"lazy\" decoding=\"async\" width=\"1024\" height=\"477\" class=\"wp-block-cover__image-background wp-image-1776\" alt=\"1390 Mesas de trabajo para l\u00e1ser de CO\u2082 con estructura alveolar y cuchilla\" src=\"https:\/\/vanklaser.com\/wp-content\/uploads\/2025\/12\/138-1024x477.jpg\" data-object-fit=\"cover\" srcset=\"https:\/\/vanklaser.com\/wp-content\/uploads\/2025\/12\/138-1024x477.jpg 1024w, https:\/\/vanklaser.com\/wp-content\/uploads\/2025\/12\/138-300x140.jpg 300w, https:\/\/vanklaser.com\/wp-content\/uploads\/2025\/12\/138-768x358.jpg 768w, https:\/\/vanklaser.com\/wp-content\/uploads\/2025\/12\/138-1536x715.jpg 1536w, https:\/\/vanklaser.com\/wp-content\/uploads\/2025\/12\/138.jpg 1980w\" sizes=\"auto, (max-width: 1024px) 100vw, 1024px\" \/><span aria-hidden=\"true\" class=\"wp-block-cover__background has-background-dim\"><\/span><div class=\"wp-block-cover__inner-container is-layout-flow wp-block-cover-is-layout-flow\">\n<h2 class=\"wp-block-heading has-text-align-center has-large-font-size\">Mesas de panal y de cuchillas<\/h2>\n\n\n\n<p class=\"has-text-align-center wp-block-paragraph\">Elige una base alveolar para una sujeci\u00f3n flexible de la l\u00e1mina o unas cuchillas para reducir el reflejo trasero y facilitar la eliminaci\u00f3n de residuos.<\/p>\n<\/div><\/div>\n<\/div>\n<\/div>\n\n\n\n<div class=\"wp-block-columns is-layout-flex wp-container-core-columns-is-layout-8f761849 wp-block-columns-is-layout-flex\">\n<div class=\"wp-block-column is-layout-flow wp-block-column-is-layout-flow\">\n<figure class=\"wp-block-image size-full\"><img loading=\"lazy\" decoding=\"async\" width=\"800\" height=\"447\" src=\"https:\/\/vanklaser.com\/wp-content\/uploads\/2025\/12\/\u56fe\u5c42-83.jpg\" alt=\"Interfaz de software de control al estilo RDWorks para el l\u00e1ser de CO\u2082 1390\" class=\"wp-image-1737\" srcset=\"https:\/\/vanklaser.com\/wp-content\/uploads\/2025\/12\/\u56fe\u5c42-83.jpg 800w, https:\/\/vanklaser.com\/wp-content\/uploads\/2025\/12\/\u56fe\u5c42-83-300x168.jpg 300w, https:\/\/vanklaser.com\/wp-content\/uploads\/2025\/12\/\u56fe\u5c42-83-768x429.jpg 768w\" sizes=\"auto, (max-width: 800px) 100vw, 800px\" \/><\/figure>\n\n\n\n<h2 class=\"wp-block-heading has-text-align-left\">Flujo de trabajo de control compatible con Ruida<\/h2>\n\n\n\n<p class=\"has-text-align-left wp-block-paragraph\">Prepara los trabajos vectoriales y r\u00e1ster en el software compatible con el controlador suministrado. Se pueden importar archivos comunes en formato AI, DXF, PLT, BMP y JPG, siempre que el software los admita. Comprueba el flujo de trabajo antes de realizar el pedido y haz una copia de seguridad de la configuraci\u00f3n del fabricante antes de cambiar de controlador.<\/p>\n<\/div>\n\n\n\n<div class=\"wp-block-column is-layout-flow wp-block-column-is-layout-flow\">\n<figure class=\"wp-block-image size-full\"><img loading=\"lazy\" decoding=\"async\" width=\"800\" height=\"447\" src=\"https:\/\/vanklaser.com\/wp-content\/uploads\/2025\/12\/134.jpg\" alt=\"Panel de control de la clase Ruida RD6445\" class=\"wp-image-1736\" srcset=\"https:\/\/vanklaser.com\/wp-content\/uploads\/2025\/12\/134.jpg 800w, https:\/\/vanklaser.com\/wp-content\/uploads\/2025\/12\/134-300x168.jpg 300w, https:\/\/vanklaser.com\/wp-content\/uploads\/2025\/12\/134-768x429.jpg 768w\" sizes=\"auto, (max-width: 800px) 100vw, 800px\" \/><\/figure>\n\n\n\n<h2 class=\"wp-block-heading\">Controlador Ruida de la serie RD6445<\/h2>\n\n\n\n<p class=\"wp-block-paragraph\">El panel DSP de la clase RD6445 permite la selecci\u00f3n local de trabajos, el control de par\u00e1metros, el encuadre y la visualizaci\u00f3n del estado. LightBurn Pro es compatible con los controladores DSP de Ruida, aunque la compatibilidad depende de la tarjeta concreta y del firmware suministrados con la m\u00e1quina.<\/p>\n<\/div>\n<\/div>\n\n\n\n<div class=\"wp-block-columns is-layout-flex wp-container-core-columns-is-layout-8f761849 wp-block-columns-is-layout-flex\">\n<div class=\"wp-block-column is-layout-flow wp-block-column-is-layout-flow\">\n<figure class=\"wp-block-image size-full\"><img loading=\"lazy\" decoding=\"async\" width=\"800\" height=\"447\" src=\"https:\/\/vanklaser.com\/wp-content\/uploads\/2025\/12\/139.jpg\" alt=\"Cabezal de grabado y corte por l\u00e1ser de CO\u2082\" class=\"wp-image-1781\" srcset=\"https:\/\/vanklaser.com\/wp-content\/uploads\/2025\/12\/139.jpg 800w, https:\/\/vanklaser.com\/wp-content\/uploads\/2025\/12\/139-300x168.jpg 300w, https:\/\/vanklaser.com\/wp-content\/uploads\/2025\/12\/139-768x429.jpg 768w\" sizes=\"auto, (max-width: 800px) 100vw, 800px\" \/><\/figure>\n\n\n\n<h2 class=\"wp-block-heading\">Cabezal de grabado y corte por CO\u2082<\/h2>\n\n\n\n<p class=\"wp-block-paragraph\">El cabezal de enfoque, la trayectoria del espejo, la boquilla y el sistema de asistencia por aire est\u00e1n configurados para el grabado y el corte de materiales no met\u00e1licos seg\u00fan los requisitos establecidos. Mant\u00e9n limpia la \u00f3ptica y comprueba el enfoque tras cada cambio de material o de lente.<\/p>\n<\/div>\n\n\n\n<div class=\"wp-block-column is-layout-flow wp-block-column-is-layout-flow\">\n<figure class=\"wp-block-image size-full\"><img loading=\"lazy\" decoding=\"async\" width=\"800\" height=\"447\" src=\"https:\/\/vanklaser.com\/wp-content\/uploads\/2025\/12\/140.jpg\" alt=\"Tubo l\u00e1ser de CO\u2082 con cristal sellado\" class=\"wp-image-1783\" srcset=\"https:\/\/vanklaser.com\/wp-content\/uploads\/2025\/12\/140.jpg 800w, https:\/\/vanklaser.com\/wp-content\/uploads\/2025\/12\/140-300x168.jpg 300w, https:\/\/vanklaser.com\/wp-content\/uploads\/2025\/12\/140-768x429.jpg 768w\" sizes=\"auto, (max-width: 800px) 100vw, 800px\" \/><\/figure>\n\n\n\n<h2 class=\"wp-block-heading\">Tubo l\u00e1ser CO\u2082 de vidrio sellado<\/h2>\n\n\n\n<p class=\"wp-block-paragraph\">Seleccione la clase de tubo en funci\u00f3n de los detalles de grabado, el material, el grosor y el ritmo de producci\u00f3n requeridos. La marca del tubo, la potencia nominal, la garant\u00eda, el enfriador y los componentes \u00f3pticos se confirmar\u00e1n en el presupuesto definitivo.<\/p>\n<\/div>\n<\/div>\n\n\n\n<p class=\"wp-block-paragraph\"><\/p>\n\n\n\n<h2 class=\"wp-block-heading\"><strong>Equipamiento opcional para la plataforma 1390<\/strong><\/h2>\n\n\n\n<p class=\"wp-block-paragraph\">Los accesorios opcionales deben ser compatibles con la altura, el peso y la geometr\u00eda de la pieza, as\u00ed como con el controlador suministrado. Antes de realizar el pedido, comprueba el recorrido \u00fatil en el eje Z, el rango de enfoque, el espacio libre de la bancada y la compatibilidad con el eje giratorio.<\/p>\n\n\n\n<ol class=\"wp-block-list\">\n<li>Mesa Z motorizada: ofrece espacio libre para piezas de mayor altura y accesorios giratorios homologados dentro del rango de enfoque especificado.<\/li>\n\n\n\n<li>Previsualizaci\u00f3n con luz roja y enfoque autom\u00e1tico: ayuda para el posicionamiento y la configuraci\u00f3n del enfoque; comprueba siempre los l\u00edmites del trabajo y la distancia focal antes de procesar.<\/li>\n\n\n\n<li>Rotativa de rodillos: admite piezas cil\u00edndricas seleccionadas que cumplan los l\u00edmites establecidos de di\u00e1metro, longitud, masa, conicidad y superficie.<\/li>\n\n\n\n<li>Mordaza giratoria: sujeta piezas redondas homologadas una vez que se han comprobado el alcance de las mordazas, la carga, el equilibrio, el apoyo trasero y la compatibilidad con los ejes del controlador.<\/li>\n<\/ol>","protected":false},"excerpt":{"rendered":"<p>1390 CO2 Laser for Wood, Acrylic and Signs The 1390 CO2 laser engraving and cutting machine provides a 1300 \u00d7 900 mm bed for signs, models, packaging, wood crafts and short-run production. Configure the laser source, worktable, cooling, air assist and extraction around qualified materials and factory sample results. Power Options for Engraving and Cutting [&hellip;]<\/p>\n","protected":false},"author":1,"featured_media":0,"comment_status":"open","ping_status":"open","sticky":false,"template":"","format":"standard","meta":{"footnotes":""},"categories":[6],"tags":[],"class_list":["post-2087","post","type-post","status-publish","format-standard","hentry","category-advertising-industry"],"_links":{"self":[{"href":"https:\/\/vanklaser.com\/es\/wp-json\/wp\/v2\/posts\/2087","targetHints":{"allow":["GET"]}}],"collection":[{"href":"https:\/\/vanklaser.com\/es\/wp-json\/wp\/v2\/posts"}],"about":[{"href":"https:\/\/vanklaser.com\/es\/wp-json\/wp\/v2\/types\/post"}],"author":[{"embeddable":true,"href":"https:\/\/vanklaser.com\/es\/wp-json\/wp\/v2\/users\/1"}],"replies":[{"embeddable":true,"href":"https:\/\/vanklaser.com\/es\/wp-json\/wp\/v2\/comments?post=2087"}],"version-history":[{"count":9,"href":"https:\/\/vanklaser.com\/es\/wp-json\/wp\/v2\/posts\/2087\/revisions"}],"predecessor-version":[{"id":3510,"href":"https:\/\/vanklaser.com\/es\/wp-json\/wp\/v2\/posts\/2087\/revisions\/3510"}],"wp:attachment":[{"href":"https:\/\/vanklaser.com\/es\/wp-json\/wp\/v2\/media?parent=2087"}],"wp:term":[{"taxonomy":"category","embeddable":true,"href":"https:\/\/vanklaser.com\/es\/wp-json\/wp\/v2\/categories?post=2087"},{"taxonomy":"post_tag","embeddable":true,"href":"https:\/\/vanklaser.com\/es\/wp-json\/wp\/v2\/tags?post=2087"}],"curies":[{"name":"wp","href":"https:\/\/api.w.org\/{rel}","templated":true}]}}