{"id":1958,"date":"2025-12-15T01:00:26","date_gmt":"2025-12-15T01:00:26","guid":{"rendered":"https:\/\/isn514upfp.wpdns.site\/?p=1958"},"modified":"2026-07-29T16:38:36","modified_gmt":"2026-07-29T16:38:36","slug":"6060-maquina-de-corte-por-laser-de-fibra-metalica-de-alta-precision","status":"publish","type":"post","link":"https:\/\/vanklaser.com\/es\/6060-high-precision-metal-fiber-laser-cutting-machine\/","title":{"rendered":"Cortadora l\u00e1ser de fibra compacta VankCut-6060FL"},"content":{"rendered":"<h2 class=\"wp-block-heading\">Cortadora l\u00e1ser de fibra compacta VankCut-6060FL<\/h2>\n\n\n\n<p class=\"wp-block-paragraph\">La VankCut-6060FL es una m\u00e1quina de corte por l\u00e1ser de fibra CNC, compacta y con carcasa cerrada, que cuenta con un \u00e1rea de trabajo de 600 \u00d7 600 mm para piezas met\u00e1licas de peque\u00f1o formato y la fabricaci\u00f3n de chapas finas. Disponible en configuraciones de 1,5 a 3 kW, est\u00e1 dise\u00f1ada para la producci\u00f3n en serie de acero, acero inoxidable, aluminio, lat\u00f3n y otros metales compatibles, tras el corte de muestras y la validaci\u00f3n del proceso.<\/p>\n\n\n\n<ul class=\"wp-block-list\">\n<li><strong>\u00c1rea de trabajo compacta:<\/strong> \u00c1rea de corte de 600 \u00d7 600 mm para chapas peque\u00f1as, piezas de precisi\u00f3n y c\u00e9lulas de producci\u00f3n con limitaciones de espacio.<\/li>\n\n\n\n<li><strong>Opciones de alimentaci\u00f3n:<\/strong> Las fuentes de 1,5 kW, 2 kW y 3 kW pueden evaluarse en funci\u00f3n del material, el espesor, el gas auxiliar y el tiempo de ciclo requerido.<\/li>\n\n\n\n<li><strong>Precisi\u00f3n controlada:<\/strong> El accionamiento por husillo de bolas, las gu\u00edas lineales y el servomecanismo permiten un corte de precisi\u00f3n; la tolerancia final y la calidad de los bordes dependen del material, la disposici\u00f3n de las piezas y los par\u00e1metros de proceso validados.<\/li>\n\n\n\n<li><strong>Software de producci\u00f3n:<\/strong> Los flujos de trabajo de CypCut\/FSCUT permiten importar planos, realizar el anidamiento y controlar el corte; no obstante, sigue siendo necesario formar a los operarios y realizar la configuraci\u00f3n espec\u00edfica de cada m\u00e1quina.<\/li>\n\n\n\n<li><strong>Dise\u00f1o cerrado:<\/strong> La carcasa protectora y la ventana de visualizaci\u00f3n reducen la radiaci\u00f3n accesible cuando se especifican y se interconectan correctamente. Confirme la clasificaci\u00f3n definitiva del l\u00e1ser, los documentos de conformidad y los requisitos de EPI de la instalaci\u00f3n para la m\u00e1quina suministrada.<\/li>\n\n\n\n<li><strong>Trayectoria \u00f3ptica \u00fatil:<\/strong> El suministro de fibra \u00f3ptica evita la necesidad de alinear los espejos externos, aunque siguen siendo necesarios las lentes protectoras, las boquillas, la calibraci\u00f3n del enfoque, el suministro de gas, la extracci\u00f3n y el mantenimiento del enfriador.<\/li>\n\n\n\n<li><\/li>\n<\/ul>\n\n\n<div class=\"wp-block-image\">\n<figure class=\"aligncenter size-full\"><img decoding=\"async\" src=\"\/wp-content\/uploads\/replace\/dfe717aa6f24e4ec962fbefbb1821037.png\" alt=\"Descripci\u00f3n general de la cortadora l\u00e1ser de fibra compacta y cerrada VankCut-6060FL\"\/><\/figure>\n<\/div>\n\n\n<h2 class=\"wp-block-heading\">Especificaciones t\u00e9cnicas<\/h2>\n\n\n\n<figure class=\"wp-block-table\"><table class=\"has-fixed-layout\"><tbody><tr><td>Modelo<\/td><td>Vankcut-6060FL<\/td><\/tr><tr><td>Potencia l\u00e1ser<\/td><td>1,5 kW \/ 2 kW \/ 3 kW; modelo de referencia seg\u00fan presupuesto<\/td><\/tr><tr><td>Tipo de refrigeraci\u00f3n<\/td><td>Refrigeraci\u00f3n por agua<\/td><\/tr><tr><td>Recorrido del eje Z<\/td><td>Nominal: 100 mm; confirmar la configuraci\u00f3n definitiva del cabezal de corte<\/td><\/tr><tr><td>Velocidad m\u00e1xima de desplazamiento en vac\u00edo (X\/Y)<\/td><td>Hasta 80 000 mm\/min; depende del movimiento y del proceso<\/td><\/tr><tr><td>Cabezal l\u00e1ser<\/td><td>RayTools o un cabezal de enfoque autom\u00e1tico equivalente, seg\u00fan la configuraci\u00f3n<\/td><\/tr><tr><td>Precisi\u00f3n de posicionamiento (X\/Y)<\/td><td>Nominal \u00b10,01 mm; a confirmar mediante ensayo de aceptaci\u00f3n en f\u00e1brica<\/td><\/tr><tr><td>Precisi\u00f3n de reposicionamiento (X\/Y)<\/td><td>Nominal \u00b10,005 mm; a confirmar mediante ensayo de aceptaci\u00f3n en f\u00e1brica<\/td><\/tr><tr><td>Carril gu\u00eda<\/td><td>Gu\u00eda lineal HIWIN o equivalente, seg\u00fan la lista de materiales (BOM) confirmada<\/td><\/tr><tr><td>Fuente l\u00e1ser de fibra<\/td><td>MAX \/ Raycus \/ IPG u otra fuente autorizada previa cotizaci\u00f3n<\/td><\/tr><tr><td>Sistema de control<\/td><td>CypCut \/ FSCUT; versi\u00f3n y controlador seg\u00fan la configuraci\u00f3n<\/td><\/tr><tr><td>Sistema de refrigeraci\u00f3n<\/td><td>Enfriador de agua industrial<\/td><\/tr><tr><td>Tensi\u00f3n y frecuencia<\/td><td>CA 380 V, 50\/60 Hz, trif\u00e1sica; opciones regionales previa cotizaci\u00f3n<\/td><\/tr><tr><td>Materiales compatibles<\/td><td>Acero al carbono, acero inoxidable, aluminio, lat\u00f3n, cobre y otros metales compatibles, previa evaluaci\u00f3n de la aplicaci\u00f3n.<\/td><\/tr><tr><td>Formatos admitidos<\/td><td>DXF y otros formatos vectoriales compatibles con el controlador; comprueba el proceso de importaci\u00f3n del software<\/td><\/tr><tr><td>Paquete<\/td><td>Especificaciones de embalaje para la exportaci\u00f3n confirmadas junto con el pedido<\/td><\/tr><\/tbody><\/table><\/figure>\n\n\n\n<h2 class=\"wp-block-heading\">Referencia de espesores de corte l\u00e1ser (estable \/ l\u00edmite)<\/h2>\n\n\n\n<figure class=\"wp-block-table\"><table class=\"has-fixed-layout\"><tbody><tr><td class=\"has-text-align-center\" data-align=\"center\"><strong>Material<\/strong><\/td><td class=\"has-text-align-center\" data-align=\"center\"><strong>1,5 kW<\/strong><\/td><td class=\"has-text-align-center\" data-align=\"center\"><strong>2kW<\/strong><\/td><td class=\"has-text-align-center\" data-align=\"center\"><strong>3kW<\/strong><\/td><\/tr><tr><td class=\"has-text-align-center\" data-align=\"center\"><strong>Acero al carbono<\/strong><\/td><td class=\"has-text-align-center\" data-align=\"center\">6 \/ 8<\/td><td class=\"has-text-align-center\" data-align=\"center\">8 \/ 12<\/td><td class=\"has-text-align-center\" data-align=\"center\">12 \/ 16<\/td><\/tr><tr><td class=\"has-text-align-center\" data-align=\"center\"><strong>Acero inoxidable<\/strong><\/td><td class=\"has-text-align-center\" data-align=\"center\">3 \/ 4<\/td><td class=\"has-text-align-center\" data-align=\"center\">4 \/ 6<\/td><td class=\"has-text-align-center\" data-align=\"center\">6 \/ 8<\/td><\/tr><tr><td class=\"has-text-align-center\" data-align=\"center\"><strong>Aluminio<\/strong><\/td><td class=\"has-text-align-center\" data-align=\"center\">2 \/ 3<\/td><td class=\"has-text-align-center\" data-align=\"center\">3 \/ 5<\/td><td class=\"has-text-align-center\" data-align=\"center\">5 \/ 7<\/td><\/tr><tr><td class=\"has-text-align-center\" data-align=\"center\"><strong>Lat\u00f3n<\/strong><\/td><td class=\"has-text-align-center\" data-align=\"center\">1 \/ 2<\/td><td class=\"has-text-align-center\" data-align=\"center\">2 \/ 3<\/td><td class=\"has-text-align-center\" data-align=\"center\">3 \/ 4<\/td><\/tr><\/tbody><\/table><\/figure>\n\n\n\n<h2 class=\"wp-block-heading\">C\u00f3mo interpretar la referencia de corte<\/h2>\n\n\n\n<p class=\"wp-block-paragraph\"><strong>Formato estable \/ l\u00edmite:<\/strong> El primer valor es una referencia orientada a producci\u00f3n y el segundo corresponde a un corte l\u00edmite m\u00e1s lento. Ninguno garantiza un espesor de aceptaci\u00f3n sin una prueba con muestras.<\/p>\n\n\n\n<p class=\"wp-block-paragraph\"><strong>Corte de l\u00edmite:<\/strong> Los valores l\u00edmite pueden implicar una velocidad reducida, un aumento de las escorias o una menor calidad de los bordes, y no pretenden reflejar la capacidad habitual de producci\u00f3n en serie.<\/p>\n\n\n\n<p class=\"wp-block-paragraph\"><strong>Metales reflectantes:<\/strong> El aluminio, el lat\u00f3n y el cobre requieren una fuente, un cabezal y un proceso aprobados para el riesgo de retrorreflexi\u00f3n.<\/p>\n\n\n\n<p class=\"wp-block-paragraph\"><strong>Variables de proceso:<\/strong> La capacidad real depende del modelo de la fuente, la calidad del haz, el gas auxiliar, la presi\u00f3n, la boquilla, el foco, la aleaci\u00f3n, el estado de la superficie y los criterios de aceptaci\u00f3n.<\/p>\n\n\n\n<p class=\"wp-block-paragraph\"><\/p>\n\n\n\n<iframe loading=\"lazy\" title=\"M\u00e1quina de corte l\u00e1ser de fibra para metal\" src=\"https:\/\/www.youtube.com\/embed\/gt9_H5K9e5A\" width=\"1920\" height=\"700\" frameborder=\"0\" allowfullscreen=\"allowfullscreen\"><\/iframe>\n\n\n\n<h3 class=\"wp-block-heading\">Materiales compatibles<\/h3>\n\n\n\n<p class=\"wp-block-paragraph\">Entre las aplicaciones habituales se incluyen el acero al carbono, el acero inoxidable, las aleaciones de aluminio, la chapa galvanizada, el lat\u00f3n, el cobre, el titanio y determinadas chapas de metales preciosos. Los materiales reflectantes y de gran valor requieren una revisi\u00f3n de la configuraci\u00f3n y la aprobaci\u00f3n de una muestra representativa.<\/p>\n\n\n\n<h3 class=\"wp-block-heading\">Sectores habituales<\/h3>\n\n\n\n<p class=\"wp-block-paragraph\">Entre sus aplicaciones se incluyen piezas de joyer\u00eda y de metales preciosos, instrumentos de precisi\u00f3n, componentes el\u00e9ctricos, placas identificativas, art\u00edculos de regalo, letreros, piezas peque\u00f1as para automoci\u00f3n y otros procesos de trabajo con chapa de peque\u00f1o formato.<\/p>\n\n\n\n<p class=\"wp-block-paragraph\"><\/p>\n\n\n\n<div class=\"wp-block-columns is-layout-flex wp-container-core-columns-is-layout-8f761849 wp-block-columns-is-layout-flex\">\n<div class=\"wp-block-column is-layout-flow wp-block-column-is-layout-flow\">\n<div class=\"wp-block-columns is-layout-flex wp-container-core-columns-is-layout-8f761849 wp-block-columns-is-layout-flex\">\n<div class=\"wp-block-column is-layout-flow wp-block-column-is-layout-flow\">\n<figure class=\"wp-block-image size-full\"><img loading=\"lazy\" decoding=\"async\" width=\"300\" height=\"300\" src=\"https:\/\/vanklaser.com\/wp-content\/uploads\/2025\/12\/22-1.jpg\" alt=\"Muestra de corte de chapa met\u00e1lica para joyer\u00eda de precisi\u00f3n\" class=\"wp-image-1999\" srcset=\"https:\/\/vanklaser.com\/wp-content\/uploads\/2025\/12\/22-1.jpg 300w, https:\/\/vanklaser.com\/wp-content\/uploads\/2025\/12\/22-1-150x150.jpg 150w\" sizes=\"auto, (max-width: 300px) 100vw, 300px\" \/><\/figure>\n<\/div>\n\n\n\n<div class=\"wp-block-column is-layout-flow wp-block-column-is-layout-flow\">\n<figure class=\"wp-block-image size-full\"><img loading=\"lazy\" decoding=\"async\" width=\"300\" height=\"300\" src=\"https:\/\/vanklaser.com\/wp-content\/uploads\/2025\/12\/33.jpg\" alt=\"Muestra de corte de chapa met\u00e1lica de peque\u00f1o formato\" class=\"wp-image-2000\" srcset=\"https:\/\/vanklaser.com\/wp-content\/uploads\/2025\/12\/33.jpg 300w, https:\/\/vanklaser.com\/wp-content\/uploads\/2025\/12\/33-150x150.jpg 150w\" sizes=\"auto, (max-width: 300px) 100vw, 300px\" \/><\/figure>\n<\/div>\n<\/div>\n<\/div>\n\n\n\n<div class=\"wp-block-column is-layout-flow wp-block-column-is-layout-flow\">\n<div class=\"wp-block-columns is-layout-flex wp-container-core-columns-is-layout-8f761849 wp-block-columns-is-layout-flex\">\n<div class=\"wp-block-column is-layout-flow wp-block-column-is-layout-flow\">\n<figure class=\"wp-block-image size-full\"><img loading=\"lazy\" decoding=\"async\" width=\"300\" height=\"300\" src=\"https:\/\/vanklaser.com\/wp-content\/uploads\/2025\/12\/44-1.jpg\" alt=\"Ejemplo de corte con l\u00e1ser de fibra de gran precisi\u00f3n\" class=\"wp-image-2001\" srcset=\"https:\/\/vanklaser.com\/wp-content\/uploads\/2025\/12\/44-1.jpg 300w, https:\/\/vanklaser.com\/wp-content\/uploads\/2025\/12\/44-1-150x150.jpg 150w\" sizes=\"auto, (max-width: 300px) 100vw, 300px\" \/><\/figure>\n<\/div>\n\n\n\n<div class=\"wp-block-column is-layout-flow wp-block-column-is-layout-flow\">\n<figure class=\"wp-block-image size-full\"><img loading=\"lazy\" decoding=\"async\" width=\"300\" height=\"300\" src=\"https:\/\/vanklaser.com\/wp-content\/uploads\/2025\/12\/55-2.jpg\" alt=\"Pieza de precisi\u00f3n de acero inoxidable cortada en la m\u00e1quina 6060FL\" class=\"wp-image-2002\" srcset=\"https:\/\/vanklaser.com\/wp-content\/uploads\/2025\/12\/55-2.jpg 300w, https:\/\/vanklaser.com\/wp-content\/uploads\/2025\/12\/55-2-150x150.jpg 150w\" sizes=\"auto, (max-width: 300px) 100vw, 300px\" \/><\/figure>\n<\/div>\n<\/div>\n<\/div>\n<\/div>\n\n\n\n<div class=\"wp-block-columns is-layout-flex wp-container-core-columns-is-layout-8f761849 wp-block-columns-is-layout-flex\">\n<div class=\"wp-block-column is-layout-flow wp-block-column-is-layout-flow\">\n<div class=\"wp-block-columns is-layout-flex wp-container-core-columns-is-layout-8f761849 wp-block-columns-is-layout-flex\">\n<div class=\"wp-block-column is-layout-flow wp-block-column-is-layout-flow\">\n<figure class=\"wp-block-image size-full\"><img loading=\"lazy\" decoding=\"async\" width=\"300\" height=\"300\" src=\"https:\/\/vanklaser.com\/wp-content\/uploads\/2025\/12\/66-1.jpg\" alt=\"Muestra de corte de joyer\u00eda de metales preciosos\" class=\"wp-image-2006\" srcset=\"https:\/\/vanklaser.com\/wp-content\/uploads\/2025\/12\/66-1.jpg 300w, https:\/\/vanklaser.com\/wp-content\/uploads\/2025\/12\/66-1-150x150.jpg 150w\" sizes=\"auto, (max-width: 300px) 100vw, 300px\" \/><\/figure>\n<\/div>\n\n\n\n<div class=\"wp-block-column is-layout-flow wp-block-column-is-layout-flow\">\n<figure class=\"wp-block-image size-full\"><img loading=\"lazy\" decoding=\"async\" width=\"300\" height=\"300\" src=\"https:\/\/vanklaser.com\/wp-content\/uploads\/2025\/12\/77-2.jpg\" alt=\"Muestra compleja de corte de metal en formato peque\u00f1o\" class=\"wp-image-2005\" srcset=\"https:\/\/vanklaser.com\/wp-content\/uploads\/2025\/12\/77-2.jpg 300w, https:\/\/vanklaser.com\/wp-content\/uploads\/2025\/12\/77-2-150x150.jpg 150w\" sizes=\"auto, (max-width: 300px) 100vw, 300px\" \/><\/figure>\n<\/div>\n<\/div>\n<\/div>\n\n\n\n<div class=\"wp-block-column is-layout-flow wp-block-column-is-layout-flow\">\n<div class=\"wp-block-columns is-layout-flex wp-container-core-columns-is-layout-8f761849 wp-block-columns-is-layout-flex\">\n<div class=\"wp-block-column is-layout-flow wp-block-column-is-layout-flow\">\n<figure class=\"wp-block-image size-full\"><img loading=\"lazy\" decoding=\"async\" width=\"300\" height=\"300\" src=\"https:\/\/vanklaser.com\/wp-content\/uploads\/2025\/12\/11-3.jpg\" alt=\"Ejemplo de corte de componentes met\u00e1licos de alta precisi\u00f3n\" class=\"wp-image-2007\" srcset=\"https:\/\/vanklaser.com\/wp-content\/uploads\/2025\/12\/11-3.jpg 300w, https:\/\/vanklaser.com\/wp-content\/uploads\/2025\/12\/11-3-150x150.jpg 150w\" sizes=\"auto, (max-width: 300px) 100vw, 300px\" \/><\/figure>\n<\/div>\n\n\n\n<div class=\"wp-block-column is-layout-flow wp-block-column-is-layout-flow\">\n<figure class=\"wp-block-image size-full\"><img loading=\"lazy\" decoding=\"async\" width=\"300\" height=\"300\" src=\"https:\/\/vanklaser.com\/wp-content\/uploads\/2025\/12\/88-1.jpg\" alt=\"Ejemplo de corte de chapa de lat\u00f3n\" class=\"wp-image-2008\" srcset=\"https:\/\/vanklaser.com\/wp-content\/uploads\/2025\/12\/88-1.jpg 300w, https:\/\/vanklaser.com\/wp-content\/uploads\/2025\/12\/88-1-150x150.jpg 150w\" sizes=\"auto, (max-width: 300px) 100vw, 300px\" \/><\/figure>\n<\/div>\n<\/div>\n<\/div>\n<\/div>\n\n\n\n<div class=\"wp-block-columns is-layout-flex wp-container-core-columns-is-layout-8f761849 wp-block-columns-is-layout-flex\">\n<div class=\"wp-block-column is-layout-flow wp-block-column-is-layout-flow\">\n<div class=\"wp-block-cover\"><img loading=\"lazy\" decoding=\"async\" width=\"1024\" height=\"282\" class=\"wp-block-cover__image-background wp-image-1950\" alt=\"\" src=\"https:\/\/vanklaser.com\/wp-content\/uploads\/2025\/12\/179-1-1024x282.jpg\" data-object-fit=\"cover\" srcset=\"https:\/\/vanklaser.com\/wp-content\/uploads\/2025\/12\/179-1-1024x282.jpg 1024w, https:\/\/vanklaser.com\/wp-content\/uploads\/2025\/12\/179-1-300x83.jpg 300w, https:\/\/vanklaser.com\/wp-content\/uploads\/2025\/12\/179-1-768x211.jpg 768w, https:\/\/vanklaser.com\/wp-content\/uploads\/2025\/12\/179-1-1536x422.jpg 1536w, https:\/\/vanklaser.com\/wp-content\/uploads\/2025\/12\/179-1.jpg 1920w\" sizes=\"auto, (max-width: 1024px) 100vw, 1024px\" \/><span aria-hidden=\"true\" class=\"wp-block-cover__background has-background-dim\"><\/span><div class=\"wp-block-cover__inner-container is-layout-flow wp-block-cover-is-layout-flow\">\n<h2 class=\"wp-block-heading has-text-align-center\">Cortadora l\u00e1ser de fibra de peque\u00f1o formato VankCut-6060FL<\/h2>\n\n\n\n<p class=\"has-text-align-center wp-block-paragraph\">La 6060FL combina un \u00e1rea de trabajo compacta de 600 \u00d7 600 mm con un sistema de corte por l\u00e1ser de fibra en cabina cerrada para piezas met\u00e1licas peque\u00f1as certificadas. Selecciona la potencia de la fuente, el cabezal de corte, el sistema de gas y los criterios de aceptaci\u00f3n a partir de materiales reales y planos.<\/p>\n<\/div><\/div>\n<\/div>\n<\/div>\n\n\n\n<div class=\"wp-block-media-text is-stacked-on-mobile\"><figure class=\"wp-block-media-text__media\"><img loading=\"lazy\" decoding=\"async\" width=\"1000\" height=\"870\" src=\"https:\/\/vanklaser.com\/wp-content\/uploads\/2025\/12\/11-1.jpg\" alt=\"Fuente de l\u00e1ser de fibra seleccionable para el VankCut-6060FL\" class=\"wp-image-1984 size-full\" srcset=\"https:\/\/vanklaser.com\/wp-content\/uploads\/2025\/12\/11-1.jpg 1000w, https:\/\/vanklaser.com\/wp-content\/uploads\/2025\/12\/11-1-300x261.jpg 300w, https:\/\/vanklaser.com\/wp-content\/uploads\/2025\/12\/11-1-768x668.jpg 768w\" sizes=\"auto, (max-width: 1000px) 100vw, 1000px\" \/><\/figure><div class=\"wp-block-media-text__content\">\n<h2 class=\"wp-block-heading\">Fuente l\u00e1ser de fibra seleccionable<\/h2>\n\n\n\n<ul class=\"wp-block-list\">\n<li>La eficiencia de la fuente, la calidad del haz y los requisitos el\u00e9ctricos dependen del modelo concreto<\/li>\n\n\n\n<li>Los l\u00edmites de altitud y ambientales se ajustan a los indicados en la ficha t\u00e9cnica de la fuente seleccionada.<\/li>\n\n\n\n<li>El rendimiento de corte debe validarse con la aleaci\u00f3n y el espesor previstos.<\/li>\n\n\n\n<li>La longitud de la fibra de salida y la interfaz vienen determinadas por la lista de materiales (BOM) confirmada de la m\u00e1quina.<\/li>\n\n\n\n<li>El mantenimiento rutinario de la fuente de alimentaci\u00f3n es limitado, pero es necesario revisar la refrigeraci\u00f3n, la calidad de la alimentaci\u00f3n el\u00e9ctrica y los conectores<\/li>\n\n\n\n<li>Los l\u00edmites de pulso y modulaci\u00f3n dependen de la fuente y el controlador seleccionados<\/li>\n<\/ul>\n<\/div><\/div>\n\n\n\n<div class=\"wp-block-media-text has-media-on-the-right is-stacked-on-mobile\"><div class=\"wp-block-media-text__content\">\n<h2 class=\"wp-block-heading\">Cabezal de corte por l\u00e1ser de fibra con enfoque autom\u00e1tico<\/h2>\n\n\n\n<p class=\"wp-block-paragraph\">El cabezal de corte con enfoque autom\u00e1tico admite el ajuste programado del enfoque y el control capacitivo de la altura. La marca, la clasificaci\u00f3n \u00f3ptica, las especificaciones de la lente protectora y la idoneidad para metales reflectantes deben coincidir con la fuente l\u00e1ser seleccionada.<\/p>\n<\/div><figure class=\"wp-block-media-text__media\"><img loading=\"lazy\" decoding=\"async\" width=\"1000\" height=\"870\" src=\"https:\/\/vanklaser.com\/wp-content\/uploads\/2025\/12\/176.jpg\" alt=\"Cabezal de corte por l\u00e1ser de fibra con enfoque autom\u00e1tico\" class=\"wp-image-1919 size-full\" srcset=\"https:\/\/vanklaser.com\/wp-content\/uploads\/2025\/12\/176.jpg 1000w, https:\/\/vanklaser.com\/wp-content\/uploads\/2025\/12\/176-300x261.jpg 300w, https:\/\/vanklaser.com\/wp-content\/uploads\/2025\/12\/176-768x668.jpg 768w\" sizes=\"auto, (max-width: 1000px) 100vw, 1000px\" \/><\/figure><\/div>\n\n\n\n<div class=\"wp-block-media-text is-stacked-on-mobile\"><figure class=\"wp-block-media-text__media\"><img loading=\"lazy\" decoding=\"async\" width=\"1000\" height=\"870\" src=\"https:\/\/vanklaser.com\/wp-content\/uploads\/2025\/12\/180.jpg\" alt=\"Flujo de trabajo de CypCut y FSCUT\" class=\"wp-image-1924 size-full\" srcset=\"https:\/\/vanklaser.com\/wp-content\/uploads\/2025\/12\/180.jpg 1000w, https:\/\/vanklaser.com\/wp-content\/uploads\/2025\/12\/180-300x261.jpg 300w, https:\/\/vanklaser.com\/wp-content\/uploads\/2025\/12\/180-768x668.jpg 768w\" sizes=\"auto, (max-width: 1000px) 100vw, 1000px\" \/><\/figure><div class=\"wp-block-media-text__content\">\n<h2 class=\"wp-block-heading\">Flujo de control CypCut \/ FSCUT<\/h2>\n\n\n\n<p class=\"wp-block-paragraph\">El controlador admite la importaci\u00f3n de dibujos, el anidamiento, las entradas, la detecci\u00f3n de aristas y la gesti\u00f3n de trayectorias de corte. Las funciones disponibles dependen del controlador FSCUT instalado y de la versi\u00f3n del software; es necesario recibir formaci\u00f3n y configurar los par\u00e1metros espec\u00edficos de la m\u00e1quina.<\/p>\n<\/div><\/div>\n\n\n\n<div class=\"wp-block-media-text has-media-on-the-right is-stacked-on-mobile\"><div class=\"wp-block-media-text__content\">\n<h2 class=\"wp-block-heading\">Gu\u00edas lineales de precisi\u00f3n<\/h2>\n\n\n\n<p class=\"wp-block-paragraph\">Las gu\u00edas lineales y el movimiento mediante husillo de bolas garantizan un desplazamiento suave y repetible. La marca de las gu\u00edas, la precarga, la lubricaci\u00f3n y la alineaci\u00f3n se verifican mediante la lista de materiales definitiva y los controles de aceptaci\u00f3n en f\u00e1brica.<\/p>\n<\/div><figure class=\"wp-block-media-text__media\"><img loading=\"lazy\" decoding=\"async\" width=\"1000\" height=\"870\" src=\"https:\/\/vanklaser.com\/wp-content\/uploads\/2025\/12\/181.jpg\" alt=\"Gu\u00eda lineal de precisi\u00f3n y movimiento por husillo de bolas\" class=\"wp-image-1932 size-full\" srcset=\"https:\/\/vanklaser.com\/wp-content\/uploads\/2025\/12\/181.jpg 1000w, https:\/\/vanklaser.com\/wp-content\/uploads\/2025\/12\/181-300x261.jpg 300w, https:\/\/vanklaser.com\/wp-content\/uploads\/2025\/12\/181-768x668.jpg 768w\" sizes=\"auto, (max-width: 1000px) 100vw, 1000px\" \/><\/figure><\/div>\n\n\n\n<div class=\"wp-block-media-text is-stacked-on-mobile\"><figure class=\"wp-block-media-text__media\"><img loading=\"lazy\" decoding=\"async\" width=\"1000\" height=\"870\" src=\"https:\/\/vanklaser.com\/wp-content\/uploads\/2025\/12\/11-2.jpg\" alt=\"Enfriador de agua industrial para el sistema l\u00e1ser de fibra\" class=\"wp-image-1986 size-full\" srcset=\"https:\/\/vanklaser.com\/wp-content\/uploads\/2025\/12\/11-2.jpg 1000w, https:\/\/vanklaser.com\/wp-content\/uploads\/2025\/12\/11-2-300x261.jpg 300w, https:\/\/vanklaser.com\/wp-content\/uploads\/2025\/12\/11-2-768x668.jpg 768w\" sizes=\"auto, (max-width: 1000px) 100vw, 1000px\" \/><\/figure><div class=\"wp-block-media-text__content\">\n<h2 class=\"wp-block-heading\">Enfriador de agua industrial<\/h2>\n\n\n\n<p class=\"wp-block-paragraph\">Un enfriador industrial adaptado regula los circuitos de refrigeraci\u00f3n de la fuente l\u00e1ser y del cabezal de corte. La estabilidad de la temperatura, la capacidad de refrigeraci\u00f3n y las especificaciones el\u00e9ctricas dependen de la configuraci\u00f3n seleccionada, de entre 1,5 y 3 kW; siga el programa de mantenimiento suministrado.<\/p>\n<\/div><\/div>\n\n\n\n<p class=\"wp-block-paragraph\"><\/p>\n\n\n\n<h2 class=\"wp-block-heading\">Preguntas frecuentes sobre la cortadora l\u00e1ser de fibra VankCut-6060FL<\/h2>\n\n\n\n<h3 class=\"wp-block-heading\"><strong>\u00bfCu\u00e1l es la precisi\u00f3n de corte de la m\u00e1quina de corte por l\u00e1ser de fibra 6060?<\/strong><\/h3>\n\n\n\n<p class=\"wp-block-paragraph\">La tolerancia de corte no es un valor \u00fanico y fijo. Depende del material, el espesor, el ancho de corte, el aporte de calor, el enfoque, el gas, la calibraci\u00f3n del movimiento y el m\u00e9todo de inspecci\u00f3n. Las especificaciones de movimiento son nominales; se deben aprobar las tolerancias de la pieza acabada mediante planos y un corte de muestra representativo.<\/p>\n\n\n\n<p class=\"wp-block-paragraph\"><\/p>\n\n\n\n<h3 class=\"wp-block-heading\"><strong>\u00bfC\u00f3mo var\u00eda la precisi\u00f3n al cortar distintos materiales?<\/strong><\/h3>\n\n\n\n<ul class=\"wp-block-list\">\n<li><strong>L\u00e1ser y potencia:<\/strong> La estabilidad de la fuente, la calidad del haz y el cabezal de corte seleccionado influyen en el ancho de la ranura y la aportaci\u00f3n de calor.<\/li>\n\n\n\n<li><strong>Movimiento y calibraci\u00f3n:<\/strong> La alineaci\u00f3n del husillo de bolas, el ajuste del servo, el estado de las gu\u00edas y el control de la altura influyen en la repetibilidad.<\/li>\n\n\n\n<li><strong>Configuraci\u00f3n del proceso:<\/strong> La concentraci\u00f3n, la velocidad, el tipo de gas, la presi\u00f3n, la boquilla y la estrategia de entrada influyen en los resultados en cuanto a escorias y dimensiones.<\/li>\n\n\n\n<li><strong>Material:<\/strong> En los ensayos de aceptaci\u00f3n deben tenerse en cuenta la aleaci\u00f3n, la planitud, el recubrimiento, el estado de la superficie y las variaciones de espesor.<\/li>\n<\/ul>\n\n\n\n<p class=\"wp-block-paragraph\">Defina con antelaci\u00f3n las dimensiones cr\u00edticas y los m\u00e9todos de inspecci\u00f3n; Vank Laser puede utilizar el plano y el material del cliente para elaborar una muestra de aceptaci\u00f3n realista.<\/p>\n\n\n\n<p class=\"wp-block-paragraph\"><\/p>\n\n\n\n<h3 class=\"wp-block-heading\"><strong>\u00bfQu\u00e9 marcas de fuentes l\u00e1ser admite el 6060?<\/strong><\/h3>\n\n\n\n<p class=\"wp-block-paragraph\">El modelo 6060FL puede presupuestarse con una fuente de fibra MAX, Raycus, IPG u otra fuente homologada. La disponibilidad, la garant\u00eda, la capacidad de reflexi\u00f3n trasera y los requisitos de interfaz dependen del modelo exacto de la fuente que figure en el presupuesto.<\/p>\n\n\n\n<p class=\"wp-block-paragraph\"><\/p>\n\n\n\n<h3 class=\"wp-block-heading\"><strong>\u00bfCu\u00e1les son los costes de mantenimiento de la m\u00e1quina de corte por l\u00e1ser de fibra 6060?<\/strong><\/h3>\n\n\n\n<p class=\"wp-block-paragraph\">Los costes de mantenimiento habitual incluyen lentes protectoras, boquillas, anillos cer\u00e1micos, gas auxiliar, filtros, lubricaci\u00f3n, mantenimiento del enfriador y mantenimiento del sistema de extracci\u00f3n. Los costes var\u00edan en funci\u00f3n del material, el ciclo de trabajo, el tipo de gas elegido y la vida \u00fatil de los consumibles; solicite una lista de repuestos recomendados para la configuraci\u00f3n final.<\/p>\n\n\n\n<p class=\"wp-block-paragraph\"><\/p>\n\n\n\n<h3 class=\"wp-block-heading\"><strong>\u00bfQu\u00e9 servicio posventa se ofrece?<\/strong><\/h3>\n\n\n\n<p class=\"wp-block-paragraph\">Se prestan servicios de asistencia remota, orientaci\u00f3n para la instalaci\u00f3n, formaci\u00f3n, garant\u00eda y servicio t\u00e9cnico in situ de acuerdo con el presupuesto firmado. Antes de realizar el pedido, comprueba los componentes cubiertos, las exclusiones, el m\u00e9todo de respuesta, los gastos de desplazamiento y las condiciones relativas a las piezas de recambio.<\/p>\n\n\n\n<p class=\"wp-block-paragraph\"><\/p>\n\n\n\n<h3 class=\"wp-block-heading\">\u00bfQu\u00e9 materiales puede cortar la VankCut-6060FL?<\/h3>\n\n\n\n<p class=\"wp-block-paragraph\">La m\u00e1quina est\u00e1 dise\u00f1ada para chapas met\u00e1licas compatibles, como el acero al carbono, el acero inoxidable, el aluminio, el lat\u00f3n, el cobre, la chapa galvanizada, el titanio y determinados metales preciosos. Los resultados dependen de la potencia de la fuente, el cabezal de corte, el gas auxiliar y la aleaci\u00f3n; es necesario que se apruebe una muestra.<\/p>\n\n\n\n<h3 class=\"wp-block-heading\">\u00bfQu\u00e9 grosor pueden cortar las configuraciones de 1,5-3 kW?<\/h3>\n\n\n\n<p class=\"wp-block-paragraph\">Utilice la tabla de referencia de estabilidad y l\u00edmites \u00fanicamente como punto de partida. El espesor final y la calidad de los bordes deben confirmarse teniendo en cuenta la fuente concreta, el cabezal de corte, el gas y el material del cliente.<\/p>\n\n\n\n<h3 class=\"wp-block-heading\">\u00bfQu\u00e9 opciones de potencia l\u00e1ser hay disponibles para el modelo 6060FL?<\/h3>\n\n\n\n<p class=\"wp-block-paragraph\">Las potencias est\u00e1ndar indicadas en esta p\u00e1gina son 1,5 kW, 2 kW y 3 kW. Las dem\u00e1s potencias corresponden a configuraciones distintas y no deben darse por supuestas a partir de esta p\u00e1gina del modelo.<\/p>\n\n\n\n<h3 class=\"wp-block-heading\">\u00bfCu\u00e1l es el \u00e1rea de trabajo del modelo 6060FL?<\/h3>\n\n\n\n<p class=\"wp-block-paragraph\">El \u00e1rea de corte nominal es de 600 \u00d7 600 mm. Comprueba el recorrido \u00fatil, los m\u00e1rgenes laterales, el espacio para las fijaciones y los requisitos de carga de las chapas con el plano definitivo.<\/p>\n\n\n\n<h3 class=\"wp-block-heading\">\u00bfOfrec\u00e9is servicios de instalaci\u00f3n, formaci\u00f3n y asistencia t\u00e9cnica?<\/h3>\n\n\n\n<p class=\"wp-block-paragraph\">S\u00ed, seg\u00fan el presupuesto firmado. Confirma el m\u00e9todo de instalaci\u00f3n, el alcance de la formaci\u00f3n, la cobertura de la garant\u00eda, el idioma, los gastos de desplazamiento y las condiciones de asistencia continua.<\/p>\n\n\n\n<h3 class=\"wp-block-heading\">\u00bfQu\u00e9 certificados y documentaci\u00f3n del software se incluyen?<\/h3>\n\n\n\n<p class=\"wp-block-paragraph\">Los documentos de conformidad, la clasificaci\u00f3n l\u00e1ser, la versi\u00f3n del controlador, los archivos compatibles y los requisitos de exportaci\u00f3n dependen de la configuraci\u00f3n entregada y del destino. Solicite la lista de documentos aplicable antes de comprar; no se base en una afirmaci\u00f3n gen\u00e9rica de certificaci\u00f3n.<\/p>\n\n\n\n<h3 class=\"wp-block-heading\"><strong>F: \u00bfPuedo visitar su f\u00e1brica o probar la m\u00e1quina con mis muestras?<\/strong><\/h3>\n\n\n\n<p class=\"wp-block-paragraph\">S\u00ed. Se pueden organizar visitas a la f\u00e1brica y el corte de muestras representativas, siempre que lo permita la programaci\u00f3n, tras la revisi\u00f3n de la seguridad de los materiales y de acuerdo con los criterios de aceptaci\u00f3n acordados.<\/p>\n\n\n\n<h3 class=\"wp-block-heading\">F: \u00bfCu\u00e1les son las ventajas del l\u00e1ser de fibra frente al l\u00e1ser de CO2?<\/h3>\n\n\n\n<p class=\"wp-block-paragraph\">Los l\u00e1seres de fibra con una longitud de onda cercana a 1 \u03bcm son eficaces para cortar metales y suelen combinarse con sistemas de corte de chapa a alta velocidad. Los l\u00e1seres de CO\u2082 con una longitud de onda cercana a 10,6 \u03bcm suelen ser m\u00e1s adecuados para muchos materiales org\u00e1nicos y no met\u00e1licos. La elecci\u00f3n correcta depende de la absorci\u00f3n del material, el espesor, los requisitos de los bordes y el volumen de producci\u00f3n.<\/p>\n\n\n\n<h3 class=\"wp-block-heading\"><strong>F: \u00bfSe puede personalizar la m\u00e1quina seg\u00fan mis necesidades espec\u00edficas?<\/strong><\/h3>\n\n\n\n<p class=\"wp-block-paragraph\">S\u00ed. Se pueden evaluar la fuente de alimentaci\u00f3n, el cabezal de corte, el sistema de gas, el controlador, la tensi\u00f3n y las opciones de extracci\u00f3n y manipulaci\u00f3n. Todos los requisitos personalizados deben quedar reflejados en el acuerdo t\u00e9cnico definitivo y en el presupuesto.<\/p>","protected":false},"excerpt":{"rendered":"<p>VankCut-6060FL Compact Fiber Laser Cutting Machine The VankCut-6060FL is a compact, enclosed CNC fiber laser cutting machine with a 600 \u00d7 600 mm work area for small-format metal parts and thin-sheet fabrication. Available in 1.5-3 kW configurations, it is intended for qualified production of steel, stainless steel, aluminum, brass and other supported metals after sample [&hellip;]<\/p>\n","protected":false},"author":1,"featured_media":0,"comment_status":"open","ping_status":"open","sticky":false,"template":"","format":"standard","meta":{"footnotes":""},"categories":[14],"tags":[],"class_list":["post-1958","post","type-post","status-publish","format-standard","hentry","category-sheet-metal-industry"],"_links":{"self":[{"href":"https:\/\/vanklaser.com\/es\/wp-json\/wp\/v2\/posts\/1958","targetHints":{"allow":["GET"]}}],"collection":[{"href":"https:\/\/vanklaser.com\/es\/wp-json\/wp\/v2\/posts"}],"about":[{"href":"https:\/\/vanklaser.com\/es\/wp-json\/wp\/v2\/types\/post"}],"author":[{"embeddable":true,"href":"https:\/\/vanklaser.com\/es\/wp-json\/wp\/v2\/users\/1"}],"replies":[{"embeddable":true,"href":"https:\/\/vanklaser.com\/es\/wp-json\/wp\/v2\/comments?post=1958"}],"version-history":[{"count":31,"href":"https:\/\/vanklaser.com\/es\/wp-json\/wp\/v2\/posts\/1958\/revisions"}],"predecessor-version":[{"id":3487,"href":"https:\/\/vanklaser.com\/es\/wp-json\/wp\/v2\/posts\/1958\/revisions\/3487"}],"wp:attachment":[{"href":"https:\/\/vanklaser.com\/es\/wp-json\/wp\/v2\/media?parent=1958"}],"wp:term":[{"taxonomy":"category","embeddable":true,"href":"https:\/\/vanklaser.com\/es\/wp-json\/wp\/v2\/categories?post=1958"},{"taxonomy":"post_tag","embeddable":true,"href":"https:\/\/vanklaser.com\/es\/wp-json\/wp\/v2\/tags?post=1958"}],"curies":[{"name":"wp","href":"https:\/\/api.w.org\/{rel}","templated":true}]}}