{"id":1790,"date":"2025-12-12T02:28:54","date_gmt":"2025-12-12T02:28:54","guid":{"rendered":"https:\/\/isn514upfp.wpdns.site\/?p=1790"},"modified":"2026-07-29T16:54:07","modified_gmt":"2026-07-29T16:54:07","slug":"1325-gran-plataforma-co2-maquina-de-grabado-laser-de-corte","status":"publish","type":"post","link":"https:\/\/vanklaser.com\/es\/1325-big-platform-co2-laser-engraving-cutting-machine\/","title":{"rendered":"M\u00e1quina de corte por l\u00e1ser de CO\u2082 de gran formato H-1325"},"content":{"rendered":"<h2 class=\"wp-block-heading\">Aplicaciones del l\u00e1ser de CO\u2082 de gran formato<\/h2>\n\n\n\n<p class=\"wp-block-paragraph\">La m\u00e1quina de corte por l\u00e1ser de CO\u2082 de gran formato H-1325 est\u00e1 dise\u00f1ada para el procesamiento de materiales no met\u00e1licos en l\u00e1minas. Corta y graba acr\u00edlico, madera, MDF, papel, cart\u00f3n, caucho homologado, cuero natural y numerosos tejidos; adem\u00e1s, puede realizar grabados superficiales en vidrio, cer\u00e1mica y piedra compatibles. Dado que los pl\u00e1sticos y el cuero sint\u00e9tico var\u00edan seg\u00fan su composici\u00f3n, compruebe el material exacto y realice una prueba con una muestra antes de iniciar la producci\u00f3n. Nunca utilice el l\u00e1ser para procesar PVC, vinilo ni materiales desconocidos que contengan hal\u00f3genos.<\/p>\n\n\n\n<p class=\"wp-block-paragraph\"><\/p>\n\n\n\n<ul class=\"wp-block-list\">\n<li>\u00c1reas de trabajo: 1300 x 2500, 1500 x 3000 o 2000 x 3000 mm<\/li>\n\n\n\n<li>Mesa de trabajo con cuchillas o estructura alveolar, adecuada para l\u00e1minas r\u00edgidas y soportes flexibles<\/li>\n\n\n\n<li>Enfoque autom\u00e1tico opcional y ayuda de posicionamiento con punto rojo<\/li>\n\n\n\n<li>Enfriador de agua industrial a juego; el modelo depende de la potencia del tubo l\u00e1ser<\/li>\n\n\n\n<li>Controlador DSP Ruida con opciones de flujo de trabajo LightBurn o RDWorks<\/li>\n\n\n\n<li>LightBurn est\u00e1 disponible para Windows, macOS y Linux; compruebe la versi\u00f3n y la compatibilidad con el controlador antes de realizar el pedido.<\/li>\n\n\n\n<li>Sistema de movimiento paso a paso dise\u00f1ado para realizar grabados y cortes estables en gran formato<\/li>\n\n\n\n<li>El controlador Ruida admite trabajos por capas, procesamiento fuera de l\u00ednea y control de trabajos desde la propia m\u00e1quina.<\/li>\n<\/ul>\n\n\n\n<p class=\"wp-block-paragraph\"><\/p>\n\n\n\n<p><img decoding=\"async\" src=\"\/wp-content\/uploads\/replace\/9641db61b9f8f6d946f6b82f66b39d5f.png\" usemap=\"#1765440105007\" border=\"0\" alt=\"\"><map id=\"1765440105007\" name=\"1765440105007\"><\/map><\/p>\n\n\n\n<div class=\"wp-block-columns is-layout-flex wp-container-core-columns-is-layout-8f761849 wp-block-columns-is-layout-flex\">\n<div class=\"wp-block-column is-layout-flow wp-block-column-is-layout-flow\">\n<h2 class=\"wp-block-heading has-text-align-center\">Opciones de potencia de CO\u2082 de 150-300 W<\/h2>\n\n\n\n<p class=\"has-text-align-center wp-block-paragraph\">Elija entre 150, 180, 200 o 300 W en funci\u00f3n del material, el grosor, la calidad de corte deseada y la velocidad de producci\u00f3n. El rendimiento final depende del tubo l\u00e1ser, la \u00f3ptica, el enfoque, la asistencia de aire y la composici\u00f3n del material, por lo que se deben probar muestras de producci\u00f3n antes de confirmar la configuraci\u00f3n.<\/p>\n<\/div>\n\n\n\n<div class=\"wp-block-column is-layout-flow wp-block-column-is-layout-flow\">\n<h2 class=\"wp-block-heading has-text-align-center\">\u00c1reas de trabajo para chapas de gran tama\u00f1o<\/h2>\n\n\n\n<p class=\"has-text-align-center wp-block-paragraph\">La H-1325 ofrece un \u00e1rea de trabajo de 1300 x 2500 mm para l\u00e1minas de tama\u00f1o completo. Tambi\u00e9n hay disponibles configuraciones m\u00e1s grandes, de 1500 x 3000 y 2000 x 3000 mm, para flujos de trabajo de se\u00f1alizaci\u00f3n, mobiliario, embalaje y textiles.<\/p>\n<\/div>\n\n\n\n<div class=\"wp-block-column is-layout-flow wp-block-column-is-layout-flow\">\n<h2 class=\"wp-block-heading has-text-align-center\">Mesa elevadora motorizada opcional<\/h2>\n\n\n\n<p class=\"has-text-align-center wp-block-paragraph\">Una mesa motorizada del eje Z proporciona espacio libre para piezas m\u00e1s altas y dispositivos giratorios compatibles. Para botellas, vasos y otras piezas cil\u00edndricas, elija un dispositivo giratorio de rodillos o de mandril seg\u00fan el di\u00e1metro, el peso y la superficie de la pieza.<\/p>\n<\/div>\n<\/div>\n\n\n\n<div class=\"wp-block-columns is-layout-flex wp-container-core-columns-is-layout-8f761849 wp-block-columns-is-layout-flex\">\n<div class=\"wp-block-column is-layout-flow wp-block-column-is-layout-flow\">\n<h2 class=\"wp-block-heading has-text-align-center\">Sistema de refrigeraci\u00f3n por agua dimensionado<\/h2>\n\n\n\n<p class=\"has-text-align-center wp-block-paragraph\">Un enfriador de agua con las dimensiones adecuadas controla la temperatura del tubo l\u00e1ser durante su funcionamiento. La capacidad del enfriador, las caracter\u00edsticas del refrigerante y la periodicidad de mantenimiento deben ajustarse al tubo seleccionado y al entorno de funcionamiento.<\/p>\n<\/div>\n\n\n\n<div class=\"wp-block-column is-layout-flow wp-block-column-is-layout-flow\">\n<h2 class=\"wp-block-heading has-text-align-center\">Usos del corte y el grabado<\/h2>\n\n\n\n<p class=\"has-text-align-center wp-block-paragraph\">Utilice la m\u00e1quina para letreros de acr\u00edlico de gran formato, componentes de madera y MDF, prototipos de embalajes, patrones textiles, art\u00edculos de cuero y otras piezas no met\u00e1licas homologadas. El ancho de corte, el acabado de los bordes y el grosor alcanzable var\u00edan seg\u00fan el material, la potencia y los par\u00e1metros del proceso.<\/p>\n<\/div>\n\n\n\n<div class=\"wp-block-column is-layout-flow wp-block-column-is-layout-flow\">\n<h2 class=\"wp-block-heading has-text-align-center\">Mesa de trabajo con hoja de cuchillo o en forma de panal<\/h2>\n\n\n\n<p class=\"has-text-align-center wp-block-paragraph\">La base tipo \u00abhoja de cuchillo\u00bb soporta l\u00e1minas r\u00edgidas y minimiza al mismo tiempo los reflejos traseros y las marcas de contacto. La base tipo \u00abpanal\u00bb es m\u00e1s adecuada para papel, tejidos y piezas peque\u00f1as y flexibles. La mesa recomendada depende de la composici\u00f3n principal del material.<\/p>\n<\/div>\n<\/div>\n\n\n\n<h2 class=\"wp-block-heading\">Especificaciones de la m\u00e1quina<\/h2>\n\n\n\n<figure class=\"wp-block-table\"><table class=\"has-fixed-layout\"><thead><tr><th class=\"has-text-align-left\" data-align=\"left\"><strong>Modelo<\/strong><\/th><th class=\"has-text-align-left\" data-align=\"left\"><strong>VankCut-1325<\/strong>\/<strong>VankCut-1530<\/strong>\/<strong>VankCut-2030<\/strong><\/th><\/tr><\/thead><tbody><tr><td class=\"has-text-align-left\" data-align=\"left\"><strong>Potencia l\u00e1ser<\/strong><\/td><td class=\"has-text-align-left\" data-align=\"left\">150 \/ 180 \/ 200 \/ 300 W<\/td><\/tr><tr><td class=\"has-text-align-left\" data-align=\"left\"><strong>\u00c1rea de trabajo<\/strong><\/td><td class=\"has-text-align-left\" data-align=\"left\">1300 x 2500 \/ 1500 x 3000 \/ 2000 x 3000 mm<\/td><\/tr><tr><td class=\"has-text-align-left\" data-align=\"left\"><strong>Tipo de refrigeraci\u00f3n<\/strong><\/td><td class=\"has-text-align-left\" data-align=\"left\">Refrigeraci\u00f3n por agua; enfriador adaptado a la potencia del tubo<\/td><\/tr><tr><td class=\"has-text-align-left\" data-align=\"left\"><strong>Velocidad m\u00e1xima de grabado<\/strong><\/td><td class=\"has-text-align-left\" data-align=\"left\">Hasta 600 mm\/s<\/td><\/tr><tr><td class=\"has-text-align-left\" data-align=\"left\"><strong>Velocidad m\u00e1xima de corte<\/strong><\/td><td class=\"has-text-align-left\" data-align=\"left\">Hasta 300 mm\/s; depende del material<\/td><\/tr><tr><td class=\"has-text-align-left\" data-align=\"left\"><strong>Tama\u00f1o m\u00ednimo de caracteres<\/strong><\/td><td class=\"has-text-align-left\" data-align=\"left\">Caracteres chinos: 2 x 2 mm; letras latinas: 1 x 1 mm<\/td><\/tr><tr><td class=\"has-text-align-left\" data-align=\"left\"><strong>Resoluci\u00f3n m\u00e1xima de la imagen r\u00e1ster<\/strong><\/td><td class=\"has-text-align-left\" data-align=\"left\">Hasta 4000 ppp<\/td><\/tr><tr><td class=\"has-text-align-left\" data-align=\"left\"><strong>Precisi\u00f3n de Posicionamiento<\/strong><\/td><td class=\"has-text-align-left\" data-align=\"left\">\u22640,01 mm<\/td><\/tr><tr><td class=\"has-text-align-left\" data-align=\"left\"><strong>Controlador y software<\/strong><\/td><td class=\"has-text-align-left\" data-align=\"left\">Ruida DSP; flujo de trabajo con LightBurn o RDWorks<\/td><\/tr><tr><td class=\"has-text-align-left\" data-align=\"left\"><strong>Formatos de archivo habituales<\/strong><\/td><td class=\"has-text-align-left\" data-align=\"left\">AI, PDF, SVG, DXF, PLT, PNG, JPG y BMP; depende del software<\/td><\/tr><tr><td class=\"has-text-align-left\" data-align=\"left\"><strong>Procesamiento por capas<\/strong><\/td><td class=\"has-text-align-left\" data-align=\"left\">S\u00ed<\/td><\/tr><tr><td class=\"has-text-align-left\" data-align=\"left\"><strong>Entorno de trabajo<\/strong><\/td><td class=\"has-text-align-left\" data-align=\"left\">0-45 \u00b0C; 5-95% de humedad relativa, sin condensaci\u00f3n<\/td><\/tr><\/tbody><\/table><\/figure>\n\n\n\n<h2 class=\"wp-block-heading has-text-align-left\">Espesor de corte de referencia en funci\u00f3n de la potencia del l\u00e1ser<\/h2>\n\n\n\n<figure class=\"wp-block-table is-style-regular\"><table class=\"has-fixed-layout\"><tbody><tr><td class=\"has-text-align-center\" data-align=\"center\"><strong>Material<\/strong><\/td><td class=\"has-text-align-center\" data-align=\"center\"><strong>150 W<\/strong><\/td><td class=\"has-text-align-center\" data-align=\"center\"><strong>180 W<\/strong><\/td><td class=\"has-text-align-center\" data-align=\"center\"><strong>200 W<\/strong><\/td><td class=\"has-text-align-center\" data-align=\"center\"><strong>300 W<\/strong><\/td><\/tr><tr><td class=\"has-text-align-center\" data-align=\"center\"><strong>Acr\u00edlico<\/strong><\/td><td class=\"has-text-align-center\" data-align=\"center\">20 mm<\/td><td class=\"has-text-align-center\" data-align=\"center\">22 mm<\/td><td class=\"has-text-align-center\" data-align=\"center\">24 mm<\/td><td class=\"has-text-align-center\" data-align=\"center\">30 mm<\/td><\/tr><tr><td class=\"has-text-align-center\" data-align=\"center\"><strong>Madera de balsa<\/strong><\/td><td class=\"has-text-align-center\" data-align=\"center\">15 mm<\/td><td class=\"has-text-align-center\" data-align=\"center\">17 mm<\/td><td class=\"has-text-align-center\" data-align=\"center\">18 mm<\/td><td class=\"has-text-align-center\" data-align=\"center\">22 mm<\/td><\/tr><tr><td class=\"has-text-align-center\" data-align=\"center\"><strong>Madera dura<\/strong><\/td><td class=\"has-text-align-center\" data-align=\"center\">8-10 mm<\/td><td class=\"has-text-align-center\" data-align=\"center\">9-10 mm<\/td><td class=\"has-text-align-center\" data-align=\"center\">10-13 mm<\/td><td class=\"has-text-align-center\" data-align=\"center\">10-15 mm<\/td><\/tr><tr><td class=\"has-text-align-center\" data-align=\"center\"><strong>Cart\u00f3n ondulado<\/strong><\/td><td class=\"has-text-align-center\" data-align=\"center\">16 mm<\/td><td class=\"has-text-align-center\" data-align=\"center\">17 mm<\/td><td class=\"has-text-align-center\" data-align=\"center\">18 mm<\/td><td class=\"has-text-align-center\" data-align=\"center\">20 mm<\/td><\/tr><tr><td class=\"has-text-align-center\" data-align=\"center\"><strong>Cart\u00f3n compacto<\/strong><\/td><td class=\"has-text-align-center\" data-align=\"center\">3 mm<\/td><td class=\"has-text-align-center\" data-align=\"center\">3 mm<\/td><td class=\"has-text-align-center\" data-align=\"center\">3,5 mm<\/td><td class=\"has-text-align-center\" data-align=\"center\">4 mm<\/td><\/tr><tr><td class=\"has-text-align-center\" data-align=\"center\"><strong>Cuero aut\u00e9ntico<\/strong><\/td><td class=\"has-text-align-center\" data-align=\"center\">5 mm<\/td><td class=\"has-text-align-center\" data-align=\"center\">5 mm<\/td><td class=\"has-text-align-center\" data-align=\"center\">5,5 mm<\/td><td class=\"has-text-align-center\" data-align=\"center\">6 mm<\/td><\/tr><tr><td class=\"has-text-align-center\" data-align=\"center\"><strong>Cuero sint\u00e9tico (solo sin PVC)<\/strong><\/td><td class=\"has-text-align-center\" data-align=\"center\">5-7 mm<\/td><td class=\"has-text-align-center\" data-align=\"center\">7-8 mm<\/td><td class=\"has-text-align-center\" data-align=\"center\">8 mm<\/td><td class=\"has-text-align-center\" data-align=\"center\">10 mm<\/td><\/tr><tr><td class=\"has-text-align-center\" data-align=\"center\"><strong>Capas de tejido<\/strong><\/td><td class=\"has-text-align-center\" data-align=\"center\">5 mm<\/td><td class=\"has-text-align-center\" data-align=\"center\">5 mm<\/td><td class=\"has-text-align-center\" data-align=\"center\">5 mm<\/td><td class=\"has-text-align-center\" data-align=\"center\">5 mm<\/td><\/tr><tr><td class=\"has-text-align-center\" data-align=\"center\"><strong>L\u00e1mina de caucho resistente al l\u00e1ser<\/strong><\/td><td class=\"has-text-align-center\" data-align=\"center\">4-5 mm<\/td><td class=\"has-text-align-center\" data-align=\"center\">4-5 mm<\/td><td class=\"has-text-align-center\" data-align=\"center\">5-6 mm<\/td><td class=\"has-text-align-center\" data-align=\"center\">6-7 mm<\/td><\/tr><tr><td class=\"has-text-align-center\" data-align=\"center\"><strong>L\u00e1mina de resina apta para l\u00e1ser<\/strong><\/td><td class=\"has-text-align-center\" data-align=\"center\">2,5 mm<\/td><td class=\"has-text-align-center\" data-align=\"center\">2,5 mm<\/td><td class=\"has-text-align-center\" data-align=\"center\">3 mm<\/td><td class=\"has-text-align-center\" data-align=\"center\">3,5 mm<\/td><\/tr><tr><td class=\"has-text-align-center\" data-align=\"center\"><strong>MDF<\/strong><\/td><td class=\"has-text-align-center\" data-align=\"center\">8-10 mm<\/td><td class=\"has-text-align-center\" data-align=\"center\">9-10 mm<\/td><td class=\"has-text-align-center\" data-align=\"center\">10-11,5 mm<\/td><td class=\"has-text-align-center\" data-align=\"center\">12-13 mm<\/td><\/tr><\/tbody><\/table><\/figure>\n\n\n\n<p class=\"has-text-align-right wp-block-paragraph\">*Valores orientativos de pruebas de taller; no constituyen l\u00edmites garantizados. Los resultados var\u00edan seg\u00fan la densidad y la composici\u00f3n del material, el estado del tubo, la \u00f3ptica, el enfoque, la velocidad, la asistencia de aire y el n\u00famero de pasadas. Solicite una prueba con su muestra real. Procese \u00fanicamente materiales identificados y aptos para l\u00e1ser; nunca corte PVC, vinilo ni pl\u00e1sticos desconocidos que contengan hal\u00f3genos y nunca deje un trabajo de corte sin supervisi\u00f3n.<\/p>\n\n\n\n<p class=\"wp-block-paragraph\"><\/p>\n\n\n<p><iframe loading=\"lazy\" title=\"M\u00e1quina de grabado y corte l\u00e1ser CO2\" src=\"https:\/\/www.youtube.com\/embed\/dSXNveu1DUg\" width=\"1920\" height=\"700\" frameborder=\"0\" allowfullscreen=\"allowfullscreen\"><\/iframe><\/p>\n\n\n<h2 class=\"wp-block-heading\"><strong>Materiales compatibles<\/strong><\/h2>\n\n\n\n<p class=\"has-text-align-left wp-block-paragraph\">Las aplicaciones habituales incluyen acr\u00edlico, madera, MDF, bamb\u00fa, papel, cart\u00f3n, tejidos, cuero natural, caucho apto para l\u00e1ser y determinados pl\u00e1sticos. Las superficies compatibles de vidrio, cer\u00e1mica, piedra y metal recubierto pueden grabarse en lugar de cortarse. Verifique siempre la composici\u00f3n y los requisitos de extracci\u00f3n antes del procesamiento.<\/p>\n\n\n\n<h2 class=\"wp-block-heading\"><strong>Sectores y usos en la producci\u00f3n<\/strong><\/h2>\n\n\n\n<p class=\"wp-block-paragraph\">Se\u00f1alizaci\u00f3n y expositores, mobiliario y decoraci\u00f3n de interiores, fabricaci\u00f3n de maquetas, prototipos de embalaje, artesan\u00eda y art\u00edculos de regalo, corte de prendas, tapicer\u00eda, art\u00edculos de cuero, apliques bordados y transformaci\u00f3n del papel.<\/p>\n\n\n\n<p class=\"wp-block-paragraph\"><\/p>\n\n\n\n<p class=\"wp-block-paragraph\">La H-1325 combina un \u00e1rea de procesamiento de 1300 x 2500 mm con una potencia de CO\u2082 seleccionable de entre 150 y 300 W para l\u00e1minas no met\u00e1licas de gran tama\u00f1o. Ind\u00edquenos el material, el espesor, el tama\u00f1o de la l\u00e1mina y el rendimiento deseado para que Vank Laser pueda recomendarle la configuraci\u00f3n adecuada de tubo, mesa de trabajo, lentes, asistencia de aire, enfriador y sistema de extracci\u00f3n.<\/p>\n\n\n\n<p class=\"wp-block-paragraph\"><\/p>\n\n\n\n<div class=\"wp-block-columns is-layout-flex wp-container-core-columns-is-layout-8f761849 wp-block-columns-is-layout-flex\">\n<div class=\"wp-block-column is-layout-flow wp-block-column-is-layout-flow\">\n<figure class=\"wp-block-image size-full\"><img loading=\"lazy\" decoding=\"async\" width=\"600\" height=\"500\" src=\"https:\/\/vanklaser.com\/wp-content\/uploads\/2025\/12\/123.jpg\" alt=\"Muestra de grabado en acr\u00edlico realizada con el l\u00e1ser de CO\u2082 H-1325\" class=\"wp-image-1689\" srcset=\"https:\/\/vanklaser.com\/wp-content\/uploads\/2025\/12\/123.jpg 600w, https:\/\/vanklaser.com\/wp-content\/uploads\/2025\/12\/123-300x250.jpg 300w\" sizes=\"auto, (max-width: 600px) 100vw, 600px\" \/><\/figure>\n\n\n\n<p class=\"has-text-align-center wp-block-paragraph\">Grabado acr\u00edlico<\/p>\n<\/div>\n\n\n\n<div class=\"wp-block-column is-layout-flow wp-block-column-is-layout-flow\">\n<figure class=\"wp-block-image size-full\"><img loading=\"lazy\" decoding=\"async\" width=\"600\" height=\"500\" src=\"https:\/\/vanklaser.com\/wp-content\/uploads\/2025\/12\/127-1.jpg\" alt=\"Muestra de recorte de papel con detalles finos en el dise\u00f1o\" class=\"wp-image-1719\" srcset=\"https:\/\/vanklaser.com\/wp-content\/uploads\/2025\/12\/127-1.jpg 600w, https:\/\/vanklaser.com\/wp-content\/uploads\/2025\/12\/127-1-300x250.jpg 300w\" sizes=\"auto, (max-width: 600px) 100vw, 600px\" \/><\/figure>\n\n\n\n<p class=\"has-text-align-center wp-block-paragraph\">Recorte de papel<\/p>\n<\/div>\n\n\n\n<div class=\"wp-block-column is-layout-flow wp-block-column-is-layout-flow\">\n<figure class=\"wp-block-image size-full\"><img loading=\"lazy\" decoding=\"async\" width=\"600\" height=\"500\" src=\"https:\/\/vanklaser.com\/wp-content\/uploads\/2025\/12\/125.jpg\" alt=\"Muestra de grabado en madera realizada con un l\u00e1ser de CO\u2082\" class=\"wp-image-1691\" srcset=\"https:\/\/vanklaser.com\/wp-content\/uploads\/2025\/12\/125.jpg 600w, https:\/\/vanklaser.com\/wp-content\/uploads\/2025\/12\/125-300x250.jpg 300w\" sizes=\"auto, (max-width: 600px) 100vw, 600px\" \/><\/figure>\n\n\n\n<p class=\"has-text-align-center wp-block-paragraph\">Grabado en madera<\/p>\n<\/div>\n<\/div>\n\n\n\n<div class=\"wp-block-columns is-layout-flex wp-container-core-columns-is-layout-8f761849 wp-block-columns-is-layout-flex\">\n<div class=\"wp-block-column is-layout-flow wp-block-column-is-layout-flow\">\n<figure class=\"wp-block-image size-full\"><img loading=\"lazy\" decoding=\"async\" width=\"600\" height=\"500\" src=\"https:\/\/vanklaser.com\/wp-content\/uploads\/2025\/12\/159.jpg\" alt=\"Muestra de corte de acr\u00edlico con bordes pulidos\" class=\"wp-image-1864\" srcset=\"https:\/\/vanklaser.com\/wp-content\/uploads\/2025\/12\/159.jpg 600w, https:\/\/vanklaser.com\/wp-content\/uploads\/2025\/12\/159-300x250.jpg 300w\" sizes=\"auto, (max-width: 600px) 100vw, 600px\" \/><\/figure>\n\n\n\n<p class=\"has-text-align-center wp-block-paragraph\">Corte de acr\u00edlico<\/p>\n<\/div>\n\n\n\n<div class=\"wp-block-column is-layout-flow wp-block-column-is-layout-flow\">\n<figure class=\"wp-block-image size-full\"><img loading=\"lazy\" decoding=\"async\" width=\"600\" height=\"500\" src=\"https:\/\/vanklaser.com\/wp-content\/uploads\/2025\/12\/171.jpg\" alt=\"Muestra de corte de cuero natural para la fabricaci\u00f3n de productos\" class=\"wp-image-1865\" srcset=\"https:\/\/vanklaser.com\/wp-content\/uploads\/2025\/12\/171.jpg 600w, https:\/\/vanklaser.com\/wp-content\/uploads\/2025\/12\/171-300x250.jpg 300w\" sizes=\"auto, (max-width: 600px) 100vw, 600px\" \/><\/figure>\n\n\n\n<p class=\"has-text-align-center wp-block-paragraph\">Corte de cuero<\/p>\n<\/div>\n\n\n\n<div class=\"wp-block-column is-layout-flow wp-block-column-is-layout-flow\">\n<figure class=\"wp-block-image size-full\"><img loading=\"lazy\" decoding=\"async\" width=\"600\" height=\"500\" src=\"https:\/\/vanklaser.com\/wp-content\/uploads\/2025\/12\/160.jpg\" alt=\"Muestra de corte de madera realizada con la H-1325\" class=\"wp-image-1862\" srcset=\"https:\/\/vanklaser.com\/wp-content\/uploads\/2025\/12\/160.jpg 600w, https:\/\/vanklaser.com\/wp-content\/uploads\/2025\/12\/160-300x250.jpg 300w\" sizes=\"auto, (max-width: 600px) 100vw, 600px\" \/><\/figure>\n\n\n\n<p class=\"has-text-align-center wp-block-paragraph\">Corte de madera<\/p>\n<\/div>\n<\/div>\n\n\n\n<p class=\"wp-block-paragraph\"><\/p>\n\n\n\n<h2 class=\"wp-block-heading has-text-align-center\">M\u00e1quina de corte por l\u00e1ser de CO\u2082 de gran formato H-1325<\/h2>\n\n\n\n<p class=\"has-text-align-center wp-block-paragraph\">Dise\u00f1ado para la producci\u00f3n de piezas no met\u00e1licas en l\u00e1minas de gran formato, el H-1325 integra el l\u00e1ser, el sistema de movimiento, el control Ruida y las conexiones de refrigeraci\u00f3n y extracci\u00f3n en una \u00fanica plataforma configurable. La potencia, el tipo de mesa y los accesorios se seleccionan en funci\u00f3n de la aplicaci\u00f3n, en lugar de considerarse como una configuraci\u00f3n universal.<\/p>\n\n\n\n<p class=\"wp-block-paragraph\"><\/p>\n\n\n\n<div class=\"wp-block-media-text is-stacked-on-mobile\"><figure class=\"wp-block-media-text__media\"><img loading=\"lazy\" decoding=\"async\" width=\"1000\" height=\"870\" src=\"https:\/\/vanklaser.com\/wp-content\/uploads\/2025\/12\/143-3.jpg\" alt=\"M\u00e1quina de corte por l\u00e1ser de CO\u2082 de gran formato H-1325 y \u00e1rea de trabajo\" class=\"wp-image-1869 size-full\" srcset=\"https:\/\/vanklaser.com\/wp-content\/uploads\/2025\/12\/143-3.jpg 1000w, https:\/\/vanklaser.com\/wp-content\/uploads\/2025\/12\/143-3-300x261.jpg 300w, https:\/\/vanklaser.com\/wp-content\/uploads\/2025\/12\/143-3-768x668.jpg 768w\" sizes=\"auto, (max-width: 1000px) 100vw, 1000px\" \/><\/figure><div class=\"wp-block-media-text__content\">\n<h2 class=\"wp-block-heading\">Capacidad para chapas de 1300 x 2500 mm<\/h2>\n\n\n\n<p class=\"wp-block-paragraph\"><\/p>\n\n\n\n<p class=\"wp-block-paragraph\">El \u00e1rea de trabajo de 1300 x 2500 mm permite alojar los formatos habituales de l\u00e1minas de 4 x 8 pies, con un espacio libre de carga muy pr\u00e1ctico. La plataforma de dise\u00f1o abierto permite el acceso frontal y lateral para colocar l\u00e1minas grandes de acr\u00edlico, madera y MDF; no obstante, los operarios deben seguir el m\u00e9todo de carga especificado y los procedimientos de seguridad de la m\u00e1quina.<\/p>\n<\/div><\/div>\n\n\n\n<div class=\"wp-block-media-text has-media-on-the-right is-stacked-on-mobile\"><div class=\"wp-block-media-text__content\">\n<h2 class=\"wp-block-heading\">Mesas de trabajo para materiales r\u00edgidos y flexibles<\/h2>\n\n\n\n<p class=\"wp-block-paragraph\"><\/p>\n\n\n\n<p class=\"wp-block-paragraph\">Elija una mesa de cuchillas para l\u00e1minas r\u00edgidas, como el acr\u00edlico y la madera, o una mesa de panal para papel, tela y piezas peque\u00f1as flexibles. La composici\u00f3n del material es importante: solicite la ficha de datos de seguridad cuando sea necesario y excluya el PVC, el vinilo y otros materiales que liberen humos peligrosos o corrosivos.<\/p>\n<\/div><figure class=\"wp-block-media-text__media\"><img loading=\"lazy\" decoding=\"async\" width=\"1000\" height=\"870\" src=\"https:\/\/vanklaser.com\/wp-content\/uploads\/2025\/12\/145.jpg\" alt=\"Mesa de trabajo con cuchilla para materiales laminados r\u00edgidos\" class=\"wp-image-1818 size-full\" srcset=\"https:\/\/vanklaser.com\/wp-content\/uploads\/2025\/12\/145.jpg 1000w, https:\/\/vanklaser.com\/wp-content\/uploads\/2025\/12\/145-300x261.jpg 300w, https:\/\/vanklaser.com\/wp-content\/uploads\/2025\/12\/145-768x668.jpg 768w\" sizes=\"auto, (max-width: 1000px) 100vw, 1000px\" \/><\/figure><\/div>\n\n\n\n<div class=\"wp-block-media-text is-stacked-on-mobile\"><figure class=\"wp-block-media-text__media\"><img loading=\"lazy\" decoding=\"async\" width=\"1000\" height=\"870\" src=\"https:\/\/vanklaser.com\/wp-content\/uploads\/2025\/12\/153.jpg\" alt=\"Conjunto de soporte ajustable para el espejo de un l\u00e1ser de CO\u2082\" class=\"wp-image-1827 size-full\" srcset=\"https:\/\/vanklaser.com\/wp-content\/uploads\/2025\/12\/153.jpg 1000w, https:\/\/vanklaser.com\/wp-content\/uploads\/2025\/12\/153-300x261.jpg 300w, https:\/\/vanklaser.com\/wp-content\/uploads\/2025\/12\/153-768x668.jpg 768w\" sizes=\"auto, (max-width: 1000px) 100vw, 1000px\" \/><\/figure><div class=\"wp-block-media-text__content\">\n<h2 class=\"wp-block-heading\">Alineaci\u00f3n ajustable de los espejos<\/h2>\n\n\n\n<p class=\"wp-block-paragraph\"><\/p>\n\n\n\n<p class=\"wp-block-paragraph\">La trayectoria del haz utiliza espejos ajustables para conducir el l\u00e1ser de CO\u2082 desde el tubo hasta el cabezal de corte. Los soportes estables garantizan una alineaci\u00f3n repetible, mientras que el ajuste en tres puntos permite a los t\u00e9cnicos cualificados corregir la trayectoria \u00f3ptica durante la instalaci\u00f3n o el mantenimiento programado.<\/p>\n<\/div><\/div>\n\n\n\n<div class=\"wp-block-media-text has-media-on-the-right is-stacked-on-mobile\"><div class=\"wp-block-media-text__content\">\n<h2 class=\"wp-block-heading\">\u00d3ptica adaptada para l\u00e1ser de CO\u2082<\/h2>\n\n\n\n<p class=\"wp-block-paragraph\"><\/p>\n\n\n\n<p class=\"wp-block-paragraph\">Un conjunto de espejos coordinados y una lente de enfoque ayudan a mantener la emisi\u00f3n del haz en toda la amplia zona de trabajo. El tipo de \u00f3ptica y la distancia focal se seleccionan en funci\u00f3n de la combinaci\u00f3n prevista de detalle de grabado, grosor del material y calidad de los bordes; mantenga limpias las \u00f3pticas y rev\u00edselas seg\u00fan el programa de mantenimiento.<\/p>\n<\/div><figure class=\"wp-block-media-text__media\"><img loading=\"lazy\" decoding=\"async\" width=\"1000\" height=\"870\" src=\"https:\/\/vanklaser.com\/wp-content\/uploads\/2025\/12\/146.jpg\" alt=\"Espejo para l\u00e1ser de CO\u2082 y \u00f3ptica de enfoque\" class=\"wp-image-1820 size-full\" srcset=\"https:\/\/vanklaser.com\/wp-content\/uploads\/2025\/12\/146.jpg 1000w, https:\/\/vanklaser.com\/wp-content\/uploads\/2025\/12\/146-300x261.jpg 300w, https:\/\/vanklaser.com\/wp-content\/uploads\/2025\/12\/146-768x668.jpg 768w\" sizes=\"auto, (max-width: 1000px) 100vw, 1000px\" \/><\/figure><\/div>\n\n\n\n<p class=\"wp-block-paragraph\"><\/p>\n\n\n\n<p class=\"wp-block-paragraph\"><\/p>\n\n\n\n<p class=\"wp-block-paragraph\"><\/p>\n\n\n\n<div class=\"wp-block-columns is-layout-flex wp-container-core-columns-is-layout-8f761849 wp-block-columns-is-layout-flex\">\n<div class=\"wp-block-column is-layout-flow wp-block-column-is-layout-flow\">\n<figure class=\"wp-block-image size-full\"><img loading=\"lazy\" decoding=\"async\" width=\"800\" height=\"447\" src=\"https:\/\/vanklaser.com\/wp-content\/uploads\/2025\/12\/147.jpg\" alt=\"Boquilla ajustable con asistencia de aire en el cabezal l\u00e1ser\" class=\"wp-image-1822\" srcset=\"https:\/\/vanklaser.com\/wp-content\/uploads\/2025\/12\/147.jpg 800w, https:\/\/vanklaser.com\/wp-content\/uploads\/2025\/12\/147-300x168.jpg 300w, https:\/\/vanklaser.com\/wp-content\/uploads\/2025\/12\/147-768x429.jpg 768w\" sizes=\"auto, (max-width: 800px) 100vw, 800px\" \/><\/figure>\n\n\n\n<h2 class=\"wp-block-heading\">Asistencia de aire regulable<\/h2>\n\n\n\n<p class=\"wp-block-paragraph\">La asistencia neum\u00e1tica dirige aire comprimido limpio hacia la zona de corte, lo que ayuda a proteger la lente y a reducir los dep\u00f3sitos de humo, las llamaradas y el carbonizado en materiales como el acr\u00edlico y la madera. No sustituye a un sistema de extracci\u00f3n eficaz, a la homologaci\u00f3n del material ni a la supervisi\u00f3n continua por parte del operario.<\/p>\n<\/div>\n\n\n\n<div class=\"wp-block-column is-layout-flow wp-block-column-is-layout-flow\">\n<figure class=\"wp-block-image size-full\"><img loading=\"lazy\" decoding=\"async\" width=\"800\" height=\"447\" src=\"https:\/\/vanklaser.com\/wp-content\/uploads\/2025\/12\/140.jpg\" alt=\"Tubo l\u00e1ser de CO\u2082 de RECI o Yongli Glass\" class=\"wp-image-1783\" srcset=\"https:\/\/vanklaser.com\/wp-content\/uploads\/2025\/12\/140.jpg 800w, https:\/\/vanklaser.com\/wp-content\/uploads\/2025\/12\/140-300x168.jpg 300w, https:\/\/vanklaser.com\/wp-content\/uploads\/2025\/12\/140-768x429.jpg 768w\" sizes=\"auto, (max-width: 800px) 100vw, 800px\" \/><\/figure>\n\n\n\n<h2 class=\"wp-block-heading\">Tubo l\u00e1ser de CO\u2082 RECI o Yongli<\/h2>\n\n\n\n<p class=\"wp-block-paragraph\">Los tubos l\u00e1ser de CO\u2082 de cristal de las marcas RECI o Yongli disponibles cubren el rango de potencia indicado, de 150 a 300 W. La marca del tubo, la potencia nominal, el enfriador y la fuente de alimentaci\u00f3n se combinan para formar un sistema; la vida \u00fatil prevista depende de la refrigeraci\u00f3n, la corriente de funcionamiento, el entorno y el mantenimiento.<\/p>\n<\/div>\n<\/div>\n\n\n\n<div class=\"wp-block-columns is-layout-flex wp-container-core-columns-is-layout-8f761849 wp-block-columns-is-layout-flex\">\n<div class=\"wp-block-column is-layout-flow wp-block-column-is-layout-flow\">\n<figure class=\"wp-block-image size-full\"><img loading=\"lazy\" decoding=\"async\" width=\"800\" height=\"447\" src=\"https:\/\/vanklaser.com\/wp-content\/uploads\/2025\/12\/\u56fe\u5c42-83.jpg\" alt=\"Interfaz del software de control y procesamiento l\u00e1ser de Ruida\" class=\"wp-image-1737\" srcset=\"https:\/\/vanklaser.com\/wp-content\/uploads\/2025\/12\/\u56fe\u5c42-83.jpg 800w, https:\/\/vanklaser.com\/wp-content\/uploads\/2025\/12\/\u56fe\u5c42-83-300x168.jpg 300w, https:\/\/vanklaser.com\/wp-content\/uploads\/2025\/12\/\u56fe\u5c42-83-768x429.jpg 768w\" sizes=\"auto, (max-width: 800px) 100vw, 800px\" \/><\/figure>\n\n\n\n<h2 class=\"wp-block-heading has-text-align-left\">Control Ruida y flujo de archivos<\/h2>\n\n\n\n<p class=\"has-text-align-left wp-block-paragraph\">El flujo de trabajo de Ruida DSP admite el corte y el grabado por capas, el control de trabajos desde la propia m\u00e1quina y el procesamiento fuera de l\u00ednea. LightBurn y RDWorks pueden importar formatos vectoriales y de mapa de bits habituales; la compatibilidad exacta con los formatos depende de la versi\u00f3n del software y del flujo de trabajo.<\/p>\n<\/div>\n\n\n\n<div class=\"wp-block-column is-layout-flow wp-block-column-is-layout-flow\">\n<figure class=\"wp-block-image size-full\"><img loading=\"lazy\" decoding=\"async\" width=\"800\" height=\"447\" src=\"https:\/\/vanklaser.com\/wp-content\/uploads\/2025\/12\/152.jpg\" alt=\"Controlador de panel Ruida para el funcionamiento de trabajos fuera de l\u00ednea\" class=\"wp-image-1825\" srcset=\"https:\/\/vanklaser.com\/wp-content\/uploads\/2025\/12\/152.jpg 800w, https:\/\/vanklaser.com\/wp-content\/uploads\/2025\/12\/152-300x168.jpg 300w, https:\/\/vanklaser.com\/wp-content\/uploads\/2025\/12\/152-768x429.jpg 768w\" sizes=\"auto, (max-width: 800px) 100vw, 800px\" \/><\/figure>\n\n\n\n<h2 class=\"wp-block-heading\">Controlador de panel Ruida<\/h2>\n\n\n\n<p class=\"wp-block-paragraph\">El panel Ruida configurado permite seleccionar trabajos, ajustar par\u00e1metros de capa, posicionar y consultar informaci\u00f3n de estado en la m\u00e1quina. LightBurn es compatible con las familias habituales de controladores RDC6442 y RDC6445; compruebe el modelo exacto del controlador y la versi\u00f3n del software indicados en el presupuesto.<\/p>\n<\/div>\n<\/div>\n\n\n\n<div class=\"wp-block-columns is-layout-flex wp-container-core-columns-is-layout-8f761849 wp-block-columns-is-layout-flex\">\n<div class=\"wp-block-column is-layout-flow wp-block-column-is-layout-flow\">\n<figure class=\"wp-block-image size-full\"><img loading=\"lazy\" decoding=\"async\" width=\"1000\" height=\"870\" src=\"https:\/\/vanklaser.com\/wp-content\/uploads\/2025\/12\/155-2.jpg\" alt=\"Paquete de accesorios para el escape del enfriador de agua y el sistema de asistencia neum\u00e1tica\" class=\"wp-image-1855\" srcset=\"https:\/\/vanklaser.com\/wp-content\/uploads\/2025\/12\/155-2.jpg 1000w, https:\/\/vanklaser.com\/wp-content\/uploads\/2025\/12\/155-2-300x261.jpg 300w, https:\/\/vanklaser.com\/wp-content\/uploads\/2025\/12\/155-2-768x668.jpg 768w\" sizes=\"auto, (max-width: 1000px) 100vw, 1000px\" \/><\/figure>\n\n\n\n<h2 class=\"wp-block-heading\">Paquete de refrigeraci\u00f3n y escape<\/h2>\n\n\n\n<p class=\"wp-block-paragraph\">El paquete suministrado puede configurarse con el enfriador, el ventilador de extracci\u00f3n, los componentes de asistencia neum\u00e1tica y los conductos necesarios para la m\u00e1quina seleccionada y el lugar de destino.<\/p>\n\n\n\n<p class=\"wp-block-paragraph\">Un enfriador de agua industrial hace circular un l\u00edquido refrigerante a temperatura controlada a trav\u00e9s del tubo l\u00e1ser. El modelo del enfriador y el sistema de alarma se seleccionan en funci\u00f3n de la potencia del tubo y de las condiciones ambientales locales.<\/p>\n\n\n\n<p class=\"wp-block-paragraph\">El ventilador de extracci\u00f3n elimina el humo y los gases de proceso de la zona de corte. Los sistemas de flujo de aire, filtraci\u00f3n y descarga deben dise\u00f1arse en funci\u00f3n del material y cumplir con la normativa local en materia de seguridad laboral y medio ambiente.<\/p>\n\n\n\n<p class=\"wp-block-paragraph\">En la configuraci\u00f3n final se confirman el alcance de los conductos y las dimensiones de las conexiones, de modo que el cliente pueda planificar una descarga o filtraci\u00f3n seguras antes de la instalaci\u00f3n.<\/p>\n<\/div>\n\n\n\n<div class=\"wp-block-column is-layout-flow wp-block-column-is-layout-flow\">\n<figure class=\"wp-block-image size-full\"><img loading=\"lazy\" decoding=\"async\" width=\"1000\" height=\"870\" src=\"https:\/\/vanklaser.com\/wp-content\/uploads\/2025\/12\/156-2.jpg\" alt=\"Opciones de lentes de enfoque para grabado y corte de materiales gruesos\" class=\"wp-image-1857\" srcset=\"https:\/\/vanklaser.com\/wp-content\/uploads\/2025\/12\/156-2.jpg 1000w, https:\/\/vanklaser.com\/wp-content\/uploads\/2025\/12\/156-2-300x261.jpg 300w, https:\/\/vanklaser.com\/wp-content\/uploads\/2025\/12\/156-2-768x668.jpg 768w\" sizes=\"auto, (max-width: 1000px) 100vw, 1000px\" \/><\/figure>\n\n\n\n<h2 class=\"wp-block-heading\">Opciones de lentes para grabado y corte de gran espesor<\/h2>\n\n\n\n<p class=\"wp-block-paragraph\">Una lente con una distancia focal de 2,5 pulgadas (63,5 mm) es adecuada para el grabado y el corte generales, mientras que una opci\u00f3n de 4 pulgadas (101,6 mm) proporciona mayor profundidad de foco para materiales m\u00e1s gruesos. La lente m\u00e1s adecuada depende del material, el grosor, el nivel de detalle y los requisitos de acabado de los bordes; confirme el rendimiento mediante una prueba con una muestra.<\/p>\n<\/div>\n\n\n\n<div class=\"wp-block-column is-layout-flow wp-block-column-is-layout-flow\">\n<figure class=\"wp-block-image size-full\"><img loading=\"lazy\" decoding=\"async\" width=\"1000\" height=\"870\" src=\"https:\/\/vanklaser.com\/wp-content\/uploads\/2025\/12\/157.jpg\" alt=\"Almacenamiento y recuperaci\u00f3n de trabajos fuera de l\u00ednea del controlador Ruida\" class=\"wp-image-1858\" srcset=\"https:\/\/vanklaser.com\/wp-content\/uploads\/2025\/12\/157.jpg 1000w, https:\/\/vanklaser.com\/wp-content\/uploads\/2025\/12\/157-300x261.jpg 300w, https:\/\/vanklaser.com\/wp-content\/uploads\/2025\/12\/157-768x668.jpg 768w\" sizes=\"auto, (max-width: 1000px) 100vw, 1000px\" \/><\/figure>\n\n\n\n<h2 class=\"wp-block-heading\">Almacenamiento y recuperaci\u00f3n de trabajos sin conexi\u00f3n<\/h2>\n\n\n\n<p class=\"wp-block-paragraph\">Los controladores Ruida pueden almacenar trabajos y ofrecen funciones de recuperaci\u00f3n tras una interrupci\u00f3n. El comportamiento al reanudar el trabajo depende del controlador, del archivo y del estado de la m\u00e1quina, por lo que el operador debe comprobar el estado de la m\u00e1quina, el material y el origen antes de reiniciar un trabajo.<\/p>\n\n\n\n<p class=\"wp-block-paragraph\">Los trabajos se pueden transferir mediante un dispositivo de almacenamiento USB, un cable USB o una conexi\u00f3n Ethernet por cable, dependiendo de la configuraci\u00f3n del controlador, y luego ejecutarse desde el panel sin necesidad de mantener conectado el ordenador de dise\u00f1o.<\/p>\n<\/div>\n<\/div>\n\n\n\n<p class=\"wp-block-paragraph\"><\/p>\n\n\n\n<h3 class=\"wp-block-heading\"><strong>\u00bfQu\u00e9 accesorios opcionales se adaptan a mi aplicaci\u00f3n?<\/strong><\/h3>\n\n\n\n<p class=\"wp-block-paragraph\">Los accesorios se seleccionan en funci\u00f3n de la altura, la forma, el material y los requisitos de colocaci\u00f3n de la pieza:<\/p>\n\n\n\n<ol class=\"wp-block-list\">\n<li>Mesa elevadora motorizada para piezas m\u00e1s altas y para dejar espacio libre por debajo de un dispositivo giratorio compatible.<\/li>\n\n\n\n<li>Opciones de posicionamiento con punto rojo y enfoque autom\u00e1tico para facilitar la configuraci\u00f3n; el enfoque final debe verificarse en el material real.<\/li>\n\n\n\n<li>Rotativa de rodillos para botellas, vasos y otras piezas cil\u00edndricas adecuadas, siempre que se respeten los l\u00edmites de di\u00e1metro y peso.<\/li>\n\n\n\n<li>Mordaza giratoria para piezas que requieren una sujeci\u00f3n firme; el tipo de mordaza y el espacio libre se adaptan a la pieza de trabajo.<\/li>\n<\/ol>\n\n\n\n<p class=\"wp-block-paragraph\"><\/p>\n\n\n\n<h2 class=\"wp-block-heading\">Preguntas frecuentes sobre el l\u00e1ser de CO\u2082 H-1325<\/h2>\n\n\n\n<p class=\"wp-block-paragraph\"><\/p>\n\n\n\n<h3 class=\"wp-block-heading\">\u00bfQu\u00e9 materiales puede procesar el l\u00e1ser de CO\u2082 H-1325?<\/h3>\n\n\n\n<p class=\"wp-block-paragraph\">Puede cortar y grabar acr\u00edlico, madera, MDF, papel, cart\u00f3n, numerosos textiles, cuero natural, caucho apto para l\u00e1ser y determinados pl\u00e1sticos. Puede grabar vidrio, cer\u00e1mica, piedra y superficies revestidas compatibles. Identifique siempre primero el material; nunca procese PVC, vinilo ni productos desconocidos que contengan hal\u00f3genos.<\/p>\n\n\n\n<h3 class=\"wp-block-heading\">\u00bfPuede la H-1325 cortar o grabar metal?<\/h3>\n\n\n\n<p class=\"wp-block-paragraph\">Esta configuraci\u00f3n est\u00e1ndar de CO\u2082 est\u00e1 pensada para materiales no met\u00e1licos y no debe presentarse como una m\u00e1quina de corte de metales. Puede marcar determinadas superficies met\u00e1licas recubiertas o anodizadas si se utiliza el proceso adecuado, mientras que el corte de metal sin recubrimiento suele realizarse con un l\u00e1ser de fibra seleccionado en funci\u00f3n de la aleaci\u00f3n y el espesor.<\/p>\n\n\n\n<p class=\"wp-block-paragraph\"><\/p>\n\n\n\n<h3 class=\"wp-block-heading\">\u00bfQu\u00e9 debo comprobar si la potencia del l\u00e1ser es baja o no hay emisi\u00f3n?<\/h3>\n\n\n\n<p class=\"wp-block-paragraph\">Detenga la m\u00e1quina y compruebe las alarmas del controlador, el caudal y la temperatura del agua, el estado de los tubos, la limpieza de los espejos y las lentes, la alineaci\u00f3n y los ajustes de potencia seleccionados. No anule la tapa, el control de caudal de agua ni otros dispositivos de seguridad.<\/p>\n\n\n\n<p class=\"wp-block-paragraph\">Si la causa no es evidente, a\u00edsle la m\u00e1quina y p\u00f3ngase en contacto con personal de mantenimiento cualificado. Las fuentes de alimentaci\u00f3n de l\u00e1ser de alta tensi\u00f3n y los tubos de CO\u2082 no deben ser sometidos a pruebas ni abiertos por operadores sin la formaci\u00f3n adecuada.<\/p>\n\n\n\n<p class=\"wp-block-paragraph\"><\/p>\n\n\n\n<h3 class=\"wp-block-heading\">\u00bfC\u00f3mo se debe realizar el mantenimiento del enfriador de agua?<\/h3>\n\n\n\n<p class=\"wp-block-paragraph\">Utilice el tipo de refrigerante, el rango de temperatura y el intervalo de sustituci\u00f3n especificados para el tubo y el enfriador seleccionados. Mantenga limpio el circuito de agua, inspeccione las mangueras y las alarmas de caudal, y limpie los filtros de aire y las superficies del condensador seg\u00fan el programa de mantenimiento.<\/p>\n\n\n\n<p class=\"wp-block-paragraph\">Instale el enfriador en un lugar con ventilaci\u00f3n adecuada y dentro del rango de temperatura ambiente especificado. Vac\u00ede o proteja el circuito antes de que se produzcan condiciones de congelaci\u00f3n, y compruebe las alarmas de temperatura o de caudal antes de volver a poner en marcha el l\u00e1ser.<\/p>\n\n\n\n<p class=\"wp-block-paragraph\"><\/p>\n\n\n\n<h3 class=\"wp-block-heading\">\u00bfCu\u00e1l es la diferencia entre el corte por l\u00e1ser de CO\u2082 y el corte por l\u00e1ser de fibra?<\/h3>\n\n\n\n<p class=\"wp-block-paragraph\">Los l\u00e1seres de CO\u2082 se utilizan ampliamente para acr\u00edlico, madera, papel, textiles, cuero y otros materiales no met\u00e1licos compatibles. Los l\u00e1seres de fibra suelen elegirse para el corte o el marcado eficiente de metales. La fuente adecuada depende del material, el grosor, el proceso y el acabado deseado.<\/p>\n\n\n\n<p class=\"wp-block-paragraph\"><\/p>\n\n\n\n<h3 class=\"wp-block-heading\">\u00bfQu\u00e9 \u00e1reas de trabajo hay disponibles?<\/h3>\n\n\n\n<p class=\"wp-block-paragraph\">Esta serie ofrece \u00e1reas de trabajo de 1300 \u00d7 2500, 1500 \u00d7 3000 y 2000 \u00d7 3000 mm. Compruebe el recorrido \u00fatil, la altura libre de carga, el espacio ocupado por la m\u00e1quina y las dimensiones de env\u00edo del modelo exacto indicado en el presupuesto.<\/p>","protected":false},"excerpt":{"rendered":"<p>Large-Format CO2 Laser Applications The H-1325 large-format CO2 laser cutting machine is built for sheet-based non-metal processing. It cuts and engraves acrylic, wood, MDF, paper, cardboard, approved rubber, natural leather and many textiles; it can also surface-engrave compatible glass, ceramic and stone. Because plastics and synthetic leather vary by formulation, confirm the exact material and [&hellip;]<\/p>\n","protected":false},"author":1,"featured_media":0,"comment_status":"open","ping_status":"open","sticky":false,"template":"","format":"standard","meta":{"footnotes":""},"categories":[6],"tags":[],"class_list":["post-1790","post","type-post","status-publish","format-standard","hentry","category-advertising-industry"],"_links":{"self":[{"href":"https:\/\/vanklaser.com\/es\/wp-json\/wp\/v2\/posts\/1790","targetHints":{"allow":["GET"]}}],"collection":[{"href":"https:\/\/vanklaser.com\/es\/wp-json\/wp\/v2\/posts"}],"about":[{"href":"https:\/\/vanklaser.com\/es\/wp-json\/wp\/v2\/types\/post"}],"author":[{"embeddable":true,"href":"https:\/\/vanklaser.com\/es\/wp-json\/wp\/v2\/users\/1"}],"replies":[{"embeddable":true,"href":"https:\/\/vanklaser.com\/es\/wp-json\/wp\/v2\/comments?post=1790"}],"version-history":[{"count":42,"href":"https:\/\/vanklaser.com\/es\/wp-json\/wp\/v2\/posts\/1790\/revisions"}],"predecessor-version":[{"id":3489,"href":"https:\/\/vanklaser.com\/es\/wp-json\/wp\/v2\/posts\/1790\/revisions\/3489"}],"wp:attachment":[{"href":"https:\/\/vanklaser.com\/es\/wp-json\/wp\/v2\/media?parent=1790"}],"wp:term":[{"taxonomy":"category","embeddable":true,"href":"https:\/\/vanklaser.com\/es\/wp-json\/wp\/v2\/categories?post=1790"},{"taxonomy":"post_tag","embeddable":true,"href":"https:\/\/vanklaser.com\/es\/wp-json\/wp\/v2\/tags?post=1790"}],"curies":[{"name":"wp","href":"https:\/\/api.w.org\/{rel}","templated":true}]}}