{"id":1535,"date":"2025-12-08T07:07:46","date_gmt":"2025-12-08T07:07:46","guid":{"rendered":"https:\/\/isn514upfp.wpdns.site\/?p=1535"},"modified":"2026-07-29T19:58:53","modified_gmt":"2026-07-29T19:58:53","slug":"1612-maquina-de-corte-por-laser-de-2-cabezales","status":"publish","type":"post","link":"https:\/\/vanklaser.com\/es\/1612-2-heads-fabric-laser-cutting-machine\/","title":{"rendered":"Cortadora l\u00e1ser textil de doble cabezal VankCut-1612"},"content":{"rendered":"<h2 class=\"wp-block-heading\">Corte por l\u00e1ser de tejido enrollado con doble cabezal<\/h2>\n\n\n\n<p class=\"wp-block-paragraph\">La VankCut-1612 combina una mesa transportadora con unas dimensiones nominales de 1600 \u00d7 1200 mm, un alimentador autom\u00e1tico de rollos y dos cabezales de corte por CO\u2082 para la producci\u00f3n de tejidos lisos de calidad. El corte de contornos en tejidos estampados por sublimaci\u00f3n, bordados, encajes o apliques requiere el paquete opcional de visi\u00f3n superior, dise\u00f1os calibrados y la aceptaci\u00f3n de muestras.<\/p>\n\n\n\n<p class=\"wp-block-paragraph\"><\/p>\n\n\n\n<ul class=\"wp-block-list\">\n<li><strong>Tejidos para prendas de vestir:<\/strong> Poli\u00e9ster, nailon, algod\u00f3n, mezclas, encaje y tejidos no tejidos certificados para el corte de prendas y accesorios de calidad.<\/li>\n\n\n\n<li><strong>Textiles para el hogar:<\/strong> Tejidos homologados para cortinas, cojines, tapicer\u00edas y decoraci\u00f3n tras la evaluaci\u00f3n de su composici\u00f3n, recubrimiento y propiedades ign\u00edfugas.<\/li>\n\n\n\n<li><strong>Textiles industriales:<\/strong> Tejidos para filtraci\u00f3n y distribuci\u00f3n de aire \u00fanicamente tras haber superado las pruebas de calificaci\u00f3n de fibras, recubrimiento, humos y uso final.<\/li>\n\n\n\n<li><strong>Interiores de veh\u00edculos:<\/strong> alfombras, molduras y materiales de las fundas de los asientos, seg\u00fan la documentaci\u00f3n del proveedor; no se da a entender ninguna aprobaci\u00f3n autom\u00e1tica para los airbags, los cinturones de seguridad o las piezas cr\u00edticas para el vuelo.<\/li>\n\n\n\n<li><strong>Textiles para actividades al aire libre y deportivas:<\/strong> carteles, fundas y prendas de vestir; los productos de seguridad para la vida humana requieren una homologaci\u00f3n independiente en materia de ingenier\u00eda, normativa y ensayos destructivos.<\/li>\n\n\n\n<li><strong>Tejidos de protecci\u00f3n y de \u00faltima generaci\u00f3n:<\/strong> El procesamiento solo se realizar\u00e1 con la autorizaci\u00f3n del fabricante del material y tras una evaluaci\u00f3n de riesgos documentada; el corte no garantiza el rendimiento bal\u00edstico, t\u00e9rmico ni de protecci\u00f3n.<\/li>\n<\/ul>\n\n\n\n<p class=\"wp-block-paragraph\"><\/p>\n\n\n\n<p><img decoding=\"async\" src=\"\/wp-content\/uploads\/replace\/6720ea426a878ead42ccde0d4f56e1bb.png\" alt=\"Cortadora l\u00e1ser de tejido de doble cabezal VankCut-1612 con mesa transportadora\" usemap=\"#1765177580463\" border=\"0\"><map id=\"1765177580463\" name=\"1765177580463\"><\/map><\/p>\n\n\n\n<h2 class=\"wp-block-heading\">Descripci\u00f3n general de la configuraci\u00f3n<\/h2>\n\n\n\n<h2 class=\"wp-block-heading\">Especificaciones del VankCut-1612<\/h2>\n\n\n\n<p class=\"wp-block-paragraph\">Esta p\u00e1gina describe la plataforma 1612, con una zona de corte nominal de 1600 \u00d7 1200 mm. La arquitectura de doble cabezal, el n\u00famero de fuentes y su potencia, la capacidad del alimentador, el soporte de la cinta transportadora, el controlador, la refrigeraci\u00f3n y la extracci\u00f3n se confirman en cada pedido. El reconocimiento por visi\u00f3n artificial es opcional y requiere la calibraci\u00f3n de la c\u00e1mara, adem\u00e1s de muestras aprobadas de tejido estampado.<\/p>\n\n\n\n<h2 class=\"wp-block-heading has-text-align-left\">Ventajas de producci\u00f3n<\/h2>\n\n\n\n<ul class=\"wp-block-list\">\n<li><strong>Procesamiento sin contacto:<\/strong> No hay carga mec\u00e1nica de la cuchilla; la tensi\u00f3n de alimentaci\u00f3n, el soporte por vac\u00edo y la respuesta t\u00e9rmica siguen requiriendo un ajuste espec\u00edfico para cada material.<\/li>\n\n\n\n<li><strong>Acabado de los cortes y los bordes:<\/strong> Muchos tejidos termopl\u00e1sticos pueden fundirse por los bordes, mientras que las fibras naturales pueden carbonizarse o deshilacharse y requieren un acabado diferente.<\/li>\n\n\n\n<li><strong>Gama de materiales homologados:<\/strong> Procesar \u00fanicamente poli\u00e9ster, nailon, algod\u00f3n, mezclas, encaje, tejidos no tejidos y cuero de poliuretano homologado, previa revisi\u00f3n de la ficha de datos de seguridad (FDS) y de las muestras.<\/li>\n\n\n\n<li><strong>Rendimiento de doble cabezal:<\/strong> Dos cabezales pueden aumentar el rendimiento en configuraciones repetidas adecuadas; la ganancia real, el tiempo de funcionamiento sin supervisi\u00f3n y la dotaci\u00f3n de personal dependen del anidamiento, la separaci\u00f3n entre cabezales, el comportamiento de los alimentadores y las pruebas de aceptaci\u00f3n.<\/li>\n\n\n\n<li><strong>Flujo de trabajo de visi\u00f3n opcional:<\/strong> Una c\u00e1mara a\u00e9rea homologada puede permitir la extracci\u00f3n de contornos o el registro, siempre que el contraste de la impresi\u00f3n, la distorsi\u00f3n, la calibraci\u00f3n y el software suministrado lo permitan.<\/li>\n<\/ul>\n\n\n\n<p class=\"wp-block-paragraph\"><\/p>\n\n\n\n<figure class=\"wp-block-table\"><table class=\"has-fixed-layout\"><tbody><tr><td><strong>Especificaciones<\/strong><\/td><td><strong>Referencia VankCut-1612<\/strong><\/td><\/tr><tr><td><strong>Modelo<\/strong><\/td><td>M\u00e1quina de corte por l\u00e1ser de tejido de doble cabezal VankCut-1612<\/td><\/tr><tr><td><strong>Superficie nominal de corte<\/strong><\/td><td>1600 \u00d7 1200 mm<\/td><\/tr><tr><td><strong>Flujo de trabajo principal<\/strong><\/td><td>Corte rollo a rollo o en hojas de materiales flexibles homologados<\/td><\/tr><tr><td><strong>Arquitectura del cabezal de corte<\/strong><\/td><td>Dos cabezales de CO\u2082 controlados; comportamiento s\u00edncrono\/as\u00edncrono y l\u00edmites de separaci\u00f3n confirmados seg\u00fan el pedido<\/td><\/tr><tr><td><strong>Arquitectura de la fuente l\u00e1ser<\/strong><\/td><td>En el presupuesto se confirma la configuraci\u00f3n de la fuente de CO\u2082 con vidrio sellado, ya sea compartida o independiente.<\/td><\/tr><tr><td><strong>Opciones de potencia<\/strong><\/td><td>Clases habituales de 100 \/ 130 \/ 150 \/ 180 \/ 200 W; el contrato debe indicar la potencia por cabezal y la potencia total instalada<\/td><\/tr><tr><td><strong>Mesa de trabajo<\/strong><\/td><td>Transportador autom\u00e1tico con soporte de malla met\u00e1lica o de panal, tal y como se indica en el presupuesto<\/td><\/tr><tr><td><strong>Alimentador autom\u00e1tico<\/strong><\/td><td>Se han confirmado el ancho del rollo, el di\u00e1metro, el peso, la tensi\u00f3n, la correcci\u00f3n de bordes, la longitud de indexaci\u00f3n y los sensores para este material<\/td><\/tr><tr><td><strong>Posicionamiento por visi\u00f3n<\/strong><\/td><td>C\u00e1mara a\u00e9rea opcional y software de contorno; se han confirmado el modelo de la c\u00e1mara, el campo, la calibraci\u00f3n y las muestras de aceptaci\u00f3n<\/td><\/tr><tr><td><strong>Controlador<\/strong><\/td><td>Controlador Ruida RDC6445S o compatible con el sistema de visi\u00f3n, tal y como se indica en el presupuesto<\/td><\/tr><tr><td><strong>Sistema de movimiento<\/strong><\/td><td>P\u00f3rtico con transmisi\u00f3n por correa y gu\u00edas lineales; configuraci\u00f3n paso a paso o servo confirmada en el pedido<\/td><\/tr><tr><td><strong>Velocidad del proceso<\/strong><\/td><td>Se valida seg\u00fan el tejido, el dise\u00f1o, la separaci\u00f3n entre cabezales, la potencia de la fuente, la aceleraci\u00f3n, la extracci\u00f3n y el requisito de borde<\/td><\/tr><tr><td><strong>Posicionamiento y repetibilidad<\/strong><\/td><td>Las especificaciones relativas a los ejes y al \u00edndice de avance requieren un m\u00e9todo de ensayo homologado; no una tolerancia de la pieza acabada.<\/td><\/tr><tr><td><strong>Flujo de trabajo de archivos<\/strong><\/td><td>Importaci\u00f3n est\u00e1ndar de vectores y mapas de bits a trav\u00e9s del controlador incluido o del software de visi\u00f3n opcional; formatos exactos por confirmar<\/td><\/tr><tr><td><strong>Asistencia neum\u00e1tica<\/strong><\/td><td>Suministro de aire por cabezal adaptado al tejido y al requisito de borde<\/td><\/tr><tr><td><strong>Refrigeraci\u00f3n<\/strong><\/td><td>Enfriador activo adaptado al n\u00famero, tipo y potencia nominal de las fuentes de CO\u2082 instaladas<\/td><\/tr><tr><td><strong>Extracci\u00f3n y sujeci\u00f3n<\/strong><\/td><td>Extracci\u00f3n descendente y vac\u00edo dimensionados seg\u00fan la permeabilidad del tejido, el \u00e1rea de la mesa, los conductos y las normas locales de filtraci\u00f3n<\/td><\/tr><tr><td><strong>El\u00e9ctrico<\/strong><\/td><td>Se han comprobado la tensi\u00f3n de la red, la frecuencia, la carga conectada, los dispositivos de protecci\u00f3n y la puesta a tierra antes de iniciar la producci\u00f3n.<\/td><\/tr><tr><td><strong>Dimensiones y peso<\/strong><\/td><td>Confirmados en el plano general aprobado; los valores de env\u00edo e instalaci\u00f3n se indican por separado<\/td><\/tr><tr><td><strong>Entorno operativo<\/strong><\/td><td>Se han confirmado los l\u00edmites de sequedad, limpieza y ausencia de condensaci\u00f3n para las fuentes, el enfriador, el controlador y la c\u00e1mara.<\/td><\/tr><tr><td><strong>Seguridad<\/strong><\/td><td>Fuente de clase 4 en el interior del armario; se ha comprobado que el circuito de enclavamiento de la tapa, la parada de emergencia, las ventanas de inspecci\u00f3n y los controles de extracci\u00f3n y contra incendios cumplen con los requisitos del destino.<\/td><\/tr><tr><td><strong>Aceptaci\u00f3n<\/strong><\/td><td>Tejido del cliente, dise\u00f1o gr\u00e1fico, formato en rollo, precisi\u00f3n de contornos, calidad de los bordes, indexaci\u00f3n de la alimentaci\u00f3n, coordinaci\u00f3n de los cabezales y tiempo de ciclo aprobados mediante prueba de muestra<\/td><\/tr><\/tbody><\/table><\/figure>\n\n\n\n<p class=\"has-text-align-left wp-block-paragraph\"><\/p>\n\n\n\n<h3 class=\"wp-block-heading\"><strong>Materiales calificados<\/strong><\/h3>\n\n\n\n<p class=\"has-text-align-left wp-block-paragraph\">Entre los materiales t\u00edpicos se incluyen el poli\u00e9ster certificado, el nailon, el algod\u00f3n, el denim, la seda, el fieltro, el encaje, los tejidos no tejidos, los tejidos mezclados y el cuero de poliuretano sin PVC homologado. Revise los recubrimientos, adhesivos, tintes y retardantes de llama. No procese PVC\/vinilo, PTFE, PVB, tejidos halogenados, cuero que contenga cromo (VI), compuestos epoxi o fen\u00f3licos, fibra de carbono, fibra de vidrio ni tejidos t\u00e9cnicos no identificados.<\/p>\n\n\n\n<p class=\"wp-block-paragraph\"><\/p>\n\n\n\n<h3 class=\"wp-block-heading\"><strong>Sectores habituales<\/strong><\/h3>\n\n\n\n<p class=\"wp-block-paragraph\">Entre sus usos habituales se incluyen la confecci\u00f3n, la ropa deportiva, los tejidos con impresi\u00f3n por sublimaci\u00f3n, la decoraci\u00f3n del hogar, los productos de felpa, la carteler\u00eda flexible, las etiquetas, los apliques, las partes superiores del calzado, los encajes y los bordados. Los usos finales relacionados con la seguridad, el \u00e1mbito m\u00e9dico, el sector aeroespacial o los equipos de protecci\u00f3n requieren una validaci\u00f3n por parte del cliente y una autorizaci\u00f3n reglamentaria independientes.<\/p>\n\n\n\n<p class=\"wp-block-paragraph\"><\/p>\n\n\n\n<div class=\"wp-block-columns is-layout-flex wp-container-core-columns-is-layout-8f761849 wp-block-columns-is-layout-flex\">\n<div class=\"wp-block-column is-layout-flow wp-block-column-is-layout-flow\">\n<div class=\"wp-block-columns is-layout-flex wp-container-core-columns-is-layout-8f761849 wp-block-columns-is-layout-flex\">\n<div class=\"wp-block-column is-layout-flow wp-block-column-is-layout-flow\">\n<figure class=\"wp-block-image size-full\"><img loading=\"lazy\" decoding=\"async\" width=\"500\" height=\"500\" src=\"https:\/\/vanklaser.com\/wp-content\/uploads\/2025\/12\/81.jpg\" alt=\"Muestra de tejido impreso mediante sublimaci\u00f3n\" class=\"wp-image-1394\" srcset=\"https:\/\/vanklaser.com\/wp-content\/uploads\/2025\/12\/81.jpg 500w, https:\/\/vanklaser.com\/wp-content\/uploads\/2025\/12\/81-300x300.jpg 300w, https:\/\/vanklaser.com\/wp-content\/uploads\/2025\/12\/81-150x150.jpg 150w\" sizes=\"auto, (max-width: 500px) 100vw, 500px\" \/><\/figure>\n\n\n\n<h3 class=\"wp-block-heading has-text-align-center\">Sublimaci\u00f3n<\/h3>\n<\/div>\n\n\n\n<div class=\"wp-block-column is-layout-flow wp-block-column-is-layout-flow\">\n<figure class=\"wp-block-image size-full\"><img loading=\"lazy\" decoding=\"async\" width=\"500\" height=\"500\" src=\"https:\/\/vanklaser.com\/wp-content\/uploads\/2025\/12\/82.jpg\" alt=\"Ropa deportiva y de alto rendimiento\" class=\"wp-image-1396\" srcset=\"https:\/\/vanklaser.com\/wp-content\/uploads\/2025\/12\/82.jpg 500w, https:\/\/vanklaser.com\/wp-content\/uploads\/2025\/12\/82-300x300.jpg 300w, https:\/\/vanklaser.com\/wp-content\/uploads\/2025\/12\/82-150x150.jpg 150w\" sizes=\"auto, (max-width: 500px) 100vw, 500px\" \/><\/figure>\n\n\n\n<h3 class=\"wp-block-heading has-text-align-center\">Ropa deportiva<\/h3>\n<\/div>\n<\/div>\n<\/div>\n\n\n\n<div class=\"wp-block-column is-layout-flow wp-block-column-is-layout-flow\">\n<div class=\"wp-block-columns is-layout-flex wp-container-core-columns-is-layout-8f761849 wp-block-columns-is-layout-flex\">\n<div class=\"wp-block-column is-layout-flow wp-block-column-is-layout-flow\">\n<figure class=\"wp-block-image size-full\"><img loading=\"lazy\" decoding=\"async\" width=\"500\" height=\"500\" src=\"https:\/\/vanklaser.com\/wp-content\/uploads\/2025\/12\/83.jpg\" alt=\"Aplicaci\u00f3n textil para peluches\" class=\"wp-image-1397\" srcset=\"https:\/\/vanklaser.com\/wp-content\/uploads\/2025\/12\/83.jpg 500w, https:\/\/vanklaser.com\/wp-content\/uploads\/2025\/12\/83-300x300.jpg 300w, https:\/\/vanklaser.com\/wp-content\/uploads\/2025\/12\/83-150x150.jpg 150w\" sizes=\"auto, (max-width: 500px) 100vw, 500px\" \/><\/figure>\n\n\n\n<h3 class=\"wp-block-heading has-text-align-center\">Peluche<\/h3>\n<\/div>\n\n\n\n<div class=\"wp-block-column is-layout-flow wp-block-column-is-layout-flow\">\n<figure class=\"wp-block-image size-full\"><img loading=\"lazy\" decoding=\"async\" width=\"500\" height=\"500\" src=\"https:\/\/vanklaser.com\/wp-content\/uploads\/2025\/12\/84.jpg\" alt=\"Cojines y tapicer\u00edas para el hogar\" class=\"wp-image-1398\" srcset=\"https:\/\/vanklaser.com\/wp-content\/uploads\/2025\/12\/84.jpg 500w, https:\/\/vanklaser.com\/wp-content\/uploads\/2025\/12\/84-300x300.jpg 300w, https:\/\/vanklaser.com\/wp-content\/uploads\/2025\/12\/84-150x150.jpg 150w\" sizes=\"auto, (max-width: 500px) 100vw, 500px\" \/><\/figure>\n\n\n\n<h3 class=\"wp-block-heading has-text-align-center\">Textil hogar<\/h3>\n<\/div>\n<\/div>\n<\/div>\n<\/div>\n\n\n\n<div class=\"wp-block-columns is-layout-flex wp-container-core-columns-is-layout-8f761849 wp-block-columns-is-layout-flex\">\n<div class=\"wp-block-column is-layout-flow wp-block-column-is-layout-flow\">\n<div class=\"wp-block-columns is-layout-flex wp-container-core-columns-is-layout-8f761849 wp-block-columns-is-layout-flex\">\n<div class=\"wp-block-column is-layout-flow wp-block-column-is-layout-flow\">\n<figure class=\"wp-block-image size-full\"><img loading=\"lazy\" decoding=\"async\" width=\"500\" height=\"500\" src=\"https:\/\/vanklaser.com\/wp-content\/uploads\/2025\/12\/85.jpg\" alt=\"Banderas publicitarias impresas de material flexible\" class=\"wp-image-1402\" srcset=\"https:\/\/vanklaser.com\/wp-content\/uploads\/2025\/12\/85.jpg 500w, https:\/\/vanklaser.com\/wp-content\/uploads\/2025\/12\/85-300x300.jpg 300w, https:\/\/vanklaser.com\/wp-content\/uploads\/2025\/12\/85-150x150.jpg 150w\" sizes=\"auto, (max-width: 500px) 100vw, 500px\" \/><\/figure>\n\n\n\n<h3 class=\"wp-block-heading has-text-align-center\">Se\u00f1alizaci\u00f3n flexible<\/h3>\n<\/div>\n\n\n\n<div class=\"wp-block-column is-layout-flow wp-block-column-is-layout-flow\">\n<figure class=\"wp-block-image size-full\"><img loading=\"lazy\" decoding=\"async\" width=\"500\" height=\"500\" src=\"https:\/\/vanklaser.com\/wp-content\/uploads\/2025\/12\/86.jpg\" alt=\"Etiqueta y aplique de tela tejida\" class=\"wp-image-1403\" srcset=\"https:\/\/vanklaser.com\/wp-content\/uploads\/2025\/12\/86.jpg 500w, https:\/\/vanklaser.com\/wp-content\/uploads\/2025\/12\/86-300x300.jpg 300w, https:\/\/vanklaser.com\/wp-content\/uploads\/2025\/12\/86-150x150.jpg 150w\" sizes=\"auto, (max-width: 500px) 100vw, 500px\" \/><\/figure>\n\n\n\n<h3 class=\"wp-block-heading has-text-align-center\">Etiquetas y apliques<\/h3>\n<\/div>\n<\/div>\n<\/div>\n\n\n\n<div class=\"wp-block-column is-layout-flow wp-block-column-is-layout-flow\">\n<div class=\"wp-block-columns is-layout-flex wp-container-core-columns-is-layout-8f761849 wp-block-columns-is-layout-flex\">\n<div class=\"wp-block-column is-layout-flow wp-block-column-is-layout-flow\">\n<figure class=\"wp-block-image size-full\"><img loading=\"lazy\" decoding=\"async\" width=\"500\" height=\"500\" src=\"https:\/\/vanklaser.com\/wp-content\/uploads\/2025\/12\/87.jpg\" alt=\"Empeines de calzado de tejido y sint\u00e9ticos cortados\" class=\"wp-image-1404\" srcset=\"https:\/\/vanklaser.com\/wp-content\/uploads\/2025\/12\/87.jpg 500w, https:\/\/vanklaser.com\/wp-content\/uploads\/2025\/12\/87-300x300.jpg 300w, https:\/\/vanklaser.com\/wp-content\/uploads\/2025\/12\/87-150x150.jpg 150w\" sizes=\"auto, (max-width: 500px) 100vw, 500px\" \/><\/figure>\n\n\n\n<h3 class=\"wp-block-heading has-text-align-center\">Zapatos<\/h3>\n<\/div>\n\n\n\n<div class=\"wp-block-column is-layout-flow wp-block-column-is-layout-flow\">\n<figure class=\"wp-block-image size-full\"><img loading=\"lazy\" decoding=\"async\" width=\"500\" height=\"500\" src=\"https:\/\/vanklaser.com\/wp-content\/uploads\/2025\/12\/88.jpg\" alt=\"Prenda nupcial de encaje y bordada\" class=\"wp-image-1405\" srcset=\"https:\/\/vanklaser.com\/wp-content\/uploads\/2025\/12\/88.jpg 500w, https:\/\/vanklaser.com\/wp-content\/uploads\/2025\/12\/88-300x300.jpg 300w, https:\/\/vanklaser.com\/wp-content\/uploads\/2025\/12\/88-150x150.jpg 150w\" sizes=\"auto, (max-width: 500px) 100vw, 500px\" \/><\/figure>\n\n\n\n<h3 class=\"wp-block-heading has-text-align-center\">Encajes y bordados<\/h3>\n<\/div>\n<\/div>\n<\/div>\n<\/div>\n\n\n\n<h2 class=\"wp-block-heading has-text-align-center\">Flujo de trabajo de corte de tejidos con dos cabezales<\/h2>\n\n\n\n<p class=\"wp-block-paragraph\">La cinta transportadora y el alimentador sincronizado hacen avanzar el tejido liso homologado o el cuero de poliuretano sin PVC certificado desde el rollo hasta la zona de corte de 1600 \u00d7 1200 mm.<\/p>\n\n\n\n<p class=\"has-text-align-center wp-block-paragraph\">La disposici\u00f3n de dos cabezales permite procesar conjuntamente dise\u00f1os repetidos adecuados. Verifique el control s\u00edncrono o as\u00edncrono, los l\u00edmites de separaci\u00f3n, las zonas de colisi\u00f3n y el rendimiento de producci\u00f3n con la configuraci\u00f3n aprobada.<\/p>\n\n\n\n<p class=\"wp-block-paragraph\"><\/p>\n\n\n<p>\u00a0 \u00a0 \u00a0 \u00a0 \u00a0 \u00a0 \u00a0<iframe loading=\"lazy\" title=\"Demostraci\u00f3n del corte por l\u00e1ser de tejido con rodillos de doble cabezal VankCut-1612\" src=\"https:\/\/www.youtube.com\/embed\/Wmp-rIz0WOs\" width=\"1920\" height=\"700\" frameborder=\"0\" allowfullscreen=\"allowfullscreen\"><\/iframe><\/p>\n\n\n<h2 class=\"wp-block-heading\">Componentes principales<\/h2>\n\n\n\n<div class=\"wp-block-columns is-layout-flex wp-container-core-columns-is-layout-8f761849 wp-block-columns-is-layout-flex\">\n<div class=\"wp-block-column is-layout-flow wp-block-column-is-layout-flow\">\n<figure class=\"wp-block-image size-full\"><img loading=\"lazy\" decoding=\"async\" width=\"800\" height=\"800\" src=\"https:\/\/vanklaser.com\/wp-content\/uploads\/2025\/12\/\u672a\u6807\u9898-1-4.jpg\" alt=\"Dos cabezales de corte por CO\u2082 situados sobre la cinta transportadora\" class=\"wp-image-1541\" srcset=\"https:\/\/vanklaser.com\/wp-content\/uploads\/2025\/12\/\u672a\u6807\u9898-1-4.jpg 800w, https:\/\/vanklaser.com\/wp-content\/uploads\/2025\/12\/\u672a\u6807\u9898-1-4-300x300.jpg 300w, https:\/\/vanklaser.com\/wp-content\/uploads\/2025\/12\/\u672a\u6807\u9898-1-4-150x150.jpg 150w, https:\/\/vanklaser.com\/wp-content\/uploads\/2025\/12\/\u672a\u6807\u9898-1-4-768x768.jpg 768w\" sizes=\"auto, (max-width: 800px) 100vw, 800px\" \/><\/figure>\n\n\n\n<h2 class=\"wp-block-heading\"><strong>Dos cabezales de corte<\/strong><\/h2>\n\n\n\n<p class=\"wp-block-paragraph\">Configuraci\u00f3n de doble cabezal<\/p>\n\n\n\n<p class=\"wp-block-paragraph\">Los dos cabezales comparten la zona del p\u00f3rtico y pueden mejorar el rendimiento en los grupos de piezas aprobados. El hecho de que funcionen de forma sincronizada o independiente, y de que utilicen fuentes compartidas o separadas, queda confirmado en la arquitectura de control prevista.<\/p>\n<\/div>\n\n\n\n<div class=\"wp-block-column is-layout-flow wp-block-column-is-layout-flow\">\n<figure class=\"wp-block-image size-full\"><img loading=\"lazy\" decoding=\"async\" width=\"800\" height=\"800\" src=\"https:\/\/vanklaser.com\/wp-content\/uploads\/2025\/12\/\u672a\u6807\u9898-1-11.jpg\" alt=\"Alimentador autom\u00e1tico de tela en rollo y rodillo tensor\" class=\"wp-image-1548\" srcset=\"https:\/\/vanklaser.com\/wp-content\/uploads\/2025\/12\/\u672a\u6807\u9898-1-11.jpg 800w, https:\/\/vanklaser.com\/wp-content\/uploads\/2025\/12\/\u672a\u6807\u9898-1-11-300x300.jpg 300w, https:\/\/vanklaser.com\/wp-content\/uploads\/2025\/12\/\u672a\u6807\u9898-1-11-150x150.jpg 150w, https:\/\/vanklaser.com\/wp-content\/uploads\/2025\/12\/\u672a\u6807\u9898-1-11-768x768.jpg 768w\" sizes=\"auto, (max-width: 800px) 100vw, 800px\" \/><\/figure>\n\n\n\n<h2 class=\"wp-block-heading\"><strong>Alimentador autom\u00e1tico<\/strong><\/h2>\n\n\n\n<p class=\"wp-block-paragraph\">El alimentador hace avanzar el material en rollos, apoyado en la cinta transportadora, entre los ciclos de corte. Comprueba el ancho \u00fatil del rollo, el di\u00e1metro, el peso, el control de tensi\u00f3n, la correcci\u00f3n de bordes, la disposici\u00f3n de los sensores, la longitud de indexaci\u00f3n y la tolerancia de avance acumulado del material.<\/p>\n<\/div>\n\n\n\n<div class=\"wp-block-column is-layout-flow wp-block-column-is-layout-flow\">\n<figure class=\"wp-block-image size-full\"><img loading=\"lazy\" decoding=\"async\" width=\"800\" height=\"800\" src=\"https:\/\/vanklaser.com\/wp-content\/uploads\/2025\/12\/\u672a\u6807\u9898-1-6.jpg\" alt=\"Transportador de malla met\u00e1lica y lecho de extracci\u00f3n descendente\" class=\"wp-image-1543\" srcset=\"https:\/\/vanklaser.com\/wp-content\/uploads\/2025\/12\/\u672a\u6807\u9898-1-6.jpg 800w, https:\/\/vanklaser.com\/wp-content\/uploads\/2025\/12\/\u672a\u6807\u9898-1-6-300x300.jpg 300w, https:\/\/vanklaser.com\/wp-content\/uploads\/2025\/12\/\u672a\u6807\u9898-1-6-150x150.jpg 150w, https:\/\/vanklaser.com\/wp-content\/uploads\/2025\/12\/\u672a\u6807\u9898-1-6-768x768.jpg 768w\" sizes=\"auto, (max-width: 800px) 100vw, 800px\" \/><\/figure>\n\n\n\n<h2 class=\"wp-block-heading\"><strong>Mesa transportadora de rejilla tipo panal<\/strong><\/h2>\n\n\n\n<p class=\"wp-block-paragraph\">La cinta transportadora de malla met\u00e1lica soporta el material flexible y permite su extracci\u00f3n hacia abajo. La sujeci\u00f3n por vac\u00edo y el flujo de extracci\u00f3n ayudan a controlar la elevaci\u00f3n y los humos, pero la capacidad debe dimensionarse teniendo en cuenta la permeabilidad del tejido, la superficie del lecho, las p\u00e9rdidas en los conductos y las normas de filtraci\u00f3n del destino.<\/p>\n<\/div>\n<\/div>\n\n\n\n<h2 class=\"wp-block-heading\">Componentes y opciones configurados<\/h2>\n\n\n\n<div class=\"wp-block-columns is-layout-flex wp-container-core-columns-is-layout-8f761849 wp-block-columns-is-layout-flex\">\n<div class=\"wp-block-column is-layout-flow wp-block-column-is-layout-flow\">\n<div class=\"wp-block-columns is-layout-flex wp-container-core-columns-is-layout-8f761849 wp-block-columns-is-layout-flex\">\n<div class=\"wp-block-column is-layout-flow wp-block-column-is-layout-flow\">\n<figure class=\"wp-block-image size-full\"><img loading=\"lazy\" decoding=\"async\" width=\"500\" height=\"342\" src=\"https:\/\/vanklaser.com\/wp-content\/uploads\/2025\/12\/103-2.jpg\" alt=\"Fuente l\u00e1ser de CO\u2082 con cristal sellado\" class=\"wp-image-1501\" srcset=\"https:\/\/vanklaser.com\/wp-content\/uploads\/2025\/12\/103-2.jpg 500w, https:\/\/vanklaser.com\/wp-content\/uploads\/2025\/12\/103-2-300x205.jpg 300w\" sizes=\"auto, (max-width: 500px) 100vw, 500px\" \/><\/figure>\n\n\n\n<p class=\"has-text-align-center wp-block-paragraph\">Fuente de CO\u2082 con vidrio sellado<\/p>\n<\/div>\n\n\n\n<div class=\"wp-block-column is-layout-flow wp-block-column-is-layout-flow\">\n<figure class=\"wp-block-image size-full\"><img loading=\"lazy\" decoding=\"async\" width=\"500\" height=\"342\" src=\"https:\/\/vanklaser.com\/wp-content\/uploads\/2025\/12\/95-2.jpg\" alt=\"Gu\u00eda lineal y cabezal de corte de tejidos con CO\u2082\" class=\"wp-image-1502\" srcset=\"https:\/\/vanklaser.com\/wp-content\/uploads\/2025\/12\/95-2.jpg 500w, https:\/\/vanklaser.com\/wp-content\/uploads\/2025\/12\/95-2-300x205.jpg 300w\" sizes=\"auto, (max-width: 500px) 100vw, 500px\" \/><\/figure>\n\n\n\n<p class=\"has-text-align-center wp-block-paragraph\">Gu\u00eda lineal y cabezal de corte por CO\u2082<\/p>\n<\/div>\n<\/div>\n<\/div>\n\n\n\n<div class=\"wp-block-column is-layout-flow wp-block-column-is-layout-flow\">\n<div class=\"wp-block-columns is-layout-flex wp-container-core-columns-is-layout-8f761849 wp-block-columns-is-layout-flex\">\n<div class=\"wp-block-column is-layout-flow wp-block-column-is-layout-flow\">\n<figure class=\"wp-block-image size-full\"><img loading=\"lazy\" decoding=\"async\" width=\"500\" height=\"342\" src=\"https:\/\/vanklaser.com\/wp-content\/uploads\/2025\/12\/\u672a\u6807\u9898-2-1.jpg\" alt=\"Panel de control Ruida RDC6445 de la clase S\" class=\"wp-image-1550\" srcset=\"https:\/\/vanklaser.com\/wp-content\/uploads\/2025\/12\/\u672a\u6807\u9898-2-1.jpg 500w, https:\/\/vanklaser.com\/wp-content\/uploads\/2025\/12\/\u672a\u6807\u9898-2-1-300x205.jpg 300w\" sizes=\"auto, (max-width: 500px) 100vw, 500px\" \/><\/figure>\n\n\n\n<p class=\"has-text-align-center wp-block-paragraph\">Controlador Ruida RDC6445 Clase S<\/p>\n<\/div>\n\n\n\n<div class=\"wp-block-column is-layout-flow wp-block-column-is-layout-flow\">\n<figure class=\"wp-block-image size-full\"><img loading=\"lazy\" decoding=\"async\" width=\"500\" height=\"342\" src=\"https:\/\/vanklaser.com\/wp-content\/uploads\/2025\/12\/\u672a\u6807\u9898-2-2.jpg\" alt=\"Bot\u00f3n de parada de emergencia situado en el armario de la m\u00e1quina\" class=\"wp-image-1552\" srcset=\"https:\/\/vanklaser.com\/wp-content\/uploads\/2025\/12\/\u672a\u6807\u9898-2-2.jpg 500w, https:\/\/vanklaser.com\/wp-content\/uploads\/2025\/12\/\u672a\u6807\u9898-2-2-300x205.jpg 300w\" sizes=\"auto, (max-width: 500px) 100vw, 500px\" \/><\/figure>\n\n\n\n<p class=\"has-text-align-center wp-block-paragraph\">Control de parada de emergencia<\/p>\n<\/div>\n<\/div>\n<\/div>\n<\/div>\n\n\n\n<div class=\"wp-block-columns is-layout-flex wp-container-core-columns-is-layout-8f761849 wp-block-columns-is-layout-flex\">\n<div class=\"wp-block-column is-layout-flow wp-block-column-is-layout-flow\">\n<div class=\"wp-block-columns is-layout-flex wp-container-core-columns-is-layout-8f761849 wp-block-columns-is-layout-flex\">\n<div class=\"wp-block-column is-layout-flow wp-block-column-is-layout-flow\">\n<figure class=\"wp-block-image size-full\"><img loading=\"lazy\" decoding=\"async\" width=\"500\" height=\"342\" src=\"https:\/\/vanklaser.com\/wp-content\/uploads\/2025\/12\/97-2.jpg\" alt=\"Enfriador de agua industrial adaptado a la fuente\" class=\"wp-image-1505\" srcset=\"https:\/\/vanklaser.com\/wp-content\/uploads\/2025\/12\/97-2.jpg 500w, https:\/\/vanklaser.com\/wp-content\/uploads\/2025\/12\/97-2-300x205.jpg 300w\" sizes=\"auto, (max-width: 500px) 100vw, 500px\" \/><\/figure>\n\n\n\n<p class=\"has-text-align-center wp-block-paragraph\">Enfriador de agua adaptado a la fuente<\/p>\n<\/div>\n\n\n\n<div class=\"wp-block-column is-layout-flow wp-block-column-is-layout-flow\">\n<figure class=\"wp-block-image size-full\"><img loading=\"lazy\" decoding=\"async\" width=\"500\" height=\"342\" src=\"https:\/\/vanklaser.com\/wp-content\/uploads\/2025\/12\/98-2.jpg\" alt=\"Bomba asistida por aire para cabezales de corte dobles\" class=\"wp-image-1506\" srcset=\"https:\/\/vanklaser.com\/wp-content\/uploads\/2025\/12\/98-2.jpg 500w, https:\/\/vanklaser.com\/wp-content\/uploads\/2025\/12\/98-2-300x205.jpg 300w\" sizes=\"auto, (max-width: 500px) 100vw, 500px\" \/><\/figure>\n\n\n\n<p class=\"has-text-align-center wp-block-paragraph\">Bomba asistida por aire<\/p>\n<\/div>\n<\/div>\n<\/div>\n\n\n\n<div class=\"wp-block-column is-layout-flow wp-block-column-is-layout-flow\">\n<div class=\"wp-block-columns is-layout-flex wp-container-core-columns-is-layout-8f761849 wp-block-columns-is-layout-flex\">\n<div class=\"wp-block-column is-layout-flow wp-block-column-is-layout-flow\">\n<figure class=\"wp-block-image size-full\"><img loading=\"lazy\" decoding=\"async\" width=\"500\" height=\"342\" src=\"https:\/\/vanklaser.com\/wp-content\/uploads\/2025\/12\/99-2.jpg\" alt=\"Extractor de aire para el corte de tejidos\" class=\"wp-image-1507\" srcset=\"https:\/\/vanklaser.com\/wp-content\/uploads\/2025\/12\/99-2.jpg 500w, https:\/\/vanklaser.com\/wp-content\/uploads\/2025\/12\/99-2-300x205.jpg 300w\" sizes=\"auto, (max-width: 500px) 100vw, 500px\" \/><\/figure>\n\n\n\n<p class=\"has-text-align-center wp-block-paragraph\">Extractor de aire de proceso<\/p>\n<\/div>\n\n\n\n<div class=\"wp-block-column is-layout-flow wp-block-column-is-layout-flow\">\n<figure class=\"wp-block-image size-full\"><img loading=\"lazy\" decoding=\"async\" width=\"500\" height=\"342\" src=\"https:\/\/vanklaser.com\/wp-content\/uploads\/2025\/12\/104-4.jpg\" alt=\"C\u00e1mara de visi\u00f3n superior opcional Canon 1500D\" class=\"wp-image-1511\" srcset=\"https:\/\/vanklaser.com\/wp-content\/uploads\/2025\/12\/104-4.jpg 500w, https:\/\/vanklaser.com\/wp-content\/uploads\/2025\/12\/104-4-300x205.jpg 300w\" sizes=\"auto, (max-width: 500px) 100vw, 500px\" \/><\/figure>\n\n\n\n<p class=\"has-text-align-center wp-block-paragraph\">C\u00e1mara Vision de Canon 1500D (opcional)<\/p>\n<\/div>\n<\/div>\n<\/div>\n<\/div>\n\n\n\n<p class=\"wp-block-paragraph\"><\/p>","protected":false},"excerpt":{"rendered":"<p>Dual-Head Roll-Fabric Laser Cutting The VankCut-1612 combines a nominal 1600 \u00d7 1200 mm conveyor bed, automatic roll feeder and two CO2 cutting heads for qualified plain-fabric production. Printed sublimation, embroidered, lace or appliqu\u00e9 contour cutting requires the optional overhead vision package, calibrated artwork and sample acceptance. Configuration Overview VankCut-1612 Specifications This page covers the 1612 [&hellip;]<\/p>\n","protected":false},"author":1,"featured_media":0,"comment_status":"open","ping_status":"open","sticky":false,"template":"","format":"standard","meta":{"footnotes":""},"categories":[7],"tags":[],"class_list":["post-1535","post","type-post","status-publish","format-standard","hentry","category-fabric-clothing-industry"],"_links":{"self":[{"href":"https:\/\/vanklaser.com\/es\/wp-json\/wp\/v2\/posts\/1535","targetHints":{"allow":["GET"]}}],"collection":[{"href":"https:\/\/vanklaser.com\/es\/wp-json\/wp\/v2\/posts"}],"about":[{"href":"https:\/\/vanklaser.com\/es\/wp-json\/wp\/v2\/types\/post"}],"author":[{"embeddable":true,"href":"https:\/\/vanklaser.com\/es\/wp-json\/wp\/v2\/users\/1"}],"replies":[{"embeddable":true,"href":"https:\/\/vanklaser.com\/es\/wp-json\/wp\/v2\/comments?post=1535"}],"version-history":[{"count":12,"href":"https:\/\/vanklaser.com\/es\/wp-json\/wp\/v2\/posts\/1535\/revisions"}],"predecessor-version":[{"id":3518,"href":"https:\/\/vanklaser.com\/es\/wp-json\/wp\/v2\/posts\/1535\/revisions\/3518"}],"wp:attachment":[{"href":"https:\/\/vanklaser.com\/es\/wp-json\/wp\/v2\/media?parent=1535"}],"wp:term":[{"taxonomy":"category","embeddable":true,"href":"https:\/\/vanklaser.com\/es\/wp-json\/wp\/v2\/categories?post=1535"},{"taxonomy":"post_tag","embeddable":true,"href":"https:\/\/vanklaser.com\/es\/wp-json\/wp\/v2\/tags?post=1535"}],"curies":[{"name":"wp","href":"https:\/\/api.w.org\/{rel}","templated":true}]}}