{"id":1268,"date":"2025-12-04T05:40:38","date_gmt":"2025-12-04T05:40:38","guid":{"rendered":"https:\/\/isn514upfp.wpdns.site\/?p=1268"},"modified":"2026-07-29T20:28:58","modified_gmt":"2026-07-29T20:28:58","slug":"maquina-de-marcado-laser-uv-portatil","status":"publish","type":"post","link":"https:\/\/vanklaser.com\/es\/portable-uv-laser-marking-machine\/","title":{"rendered":"M\u00e1quina port\u00e1til de marcado l\u00e1ser UV de 355 nm, 5-20 W"},"content":{"rendered":"<h2 class=\"wp-block-heading\">Marcado l\u00e1ser UV port\u00e1til de 355 nm<\/h2>\n\n\n\n<p class=\"wp-block-paragraph\">Esta m\u00e1quina port\u00e1til de marcado l\u00e1ser UV es una estaci\u00f3n de trabajo galv\u00e1nica m\u00f3vil de estructura abierta, dise\u00f1ada en torno a una fuente de estado s\u00f3lido de 355 nm. Muchos pol\u00edmeros, recubrimientos, composiciones de vidrio y componentes electr\u00f3nicos absorben la longitud de onda de 355 nm con mayor eficacia que la de 1064 nm, lo que permite reducir la zona afectada por el calor para realizar un marcado superficial de precisi\u00f3n. No es un sistema sin generaci\u00f3n de calor ni de uso manual: todos los materiales, accesorios, m\u00e9todos de extracci\u00f3n y controles de seguridad del l\u00e1ser deben ser homologados antes de la producci\u00f3n.<\/p>\n\n\n<p><img decoding=\"async\" src=\"https:\/\/sc04.alicdn.com\/kf\/H7f6c76f2417848589f5e5b99d8b9c870B\/232096493\/H7f6c76f2417848589f5e5b99d8b9c870B.jpg\" alt=\"Estaci\u00f3n de trabajo port\u00e1til de marcado l\u00e1ser UV con estructura abierta\" border=\"0\" usemap=\"#1773818000873\" \/><\/p>\n<map name=\"1773818000873\" id=\"1773818000873\"><\/map>\n\n\n<p><img decoding=\"async\" src=\"\/wp-content\/uploads\/replace\/c2023407deefe88569c5a18241beb0ac.png\" alt=\"Capacidades de marcado l\u00e1ser UV port\u00e1til a 355 nm\" usemap=\"#1764817782735\" border=\"0\"><map id=\"1764817782735\" name=\"1764817782735\"><\/map><\/p>\n\n\n\n<div class=\"wp-block-columns is-layout-flex wp-container-core-columns-is-layout-8f761849 wp-block-columns-is-layout-flex\">\n<div class=\"wp-block-column is-layout-flow wp-block-column-is-layout-flow\">\n<figure class=\"wp-block-image size-full\"><img loading=\"lazy\" decoding=\"async\" width=\"800\" height=\"400\" src=\"https:\/\/vanklaser.com\/wp-content\/uploads\/2025\/12\/56-1.jpg\" alt=\"Detalle del marcado UV a 355 nm con enfoque preciso\" class=\"wp-image-1294\" srcset=\"https:\/\/vanklaser.com\/wp-content\/uploads\/2025\/12\/56-1.jpg 800w, https:\/\/vanklaser.com\/wp-content\/uploads\/2025\/12\/56-1-300x150.jpg 300w, https:\/\/vanklaser.com\/wp-content\/uploads\/2025\/12\/56-1-768x384.jpg 768w\" sizes=\"auto, (max-width: 800px) 100vw, 800px\" \/><\/figure>\n\n\n\n<h2 class=\"wp-block-heading has-text-align-center\">Marcado fino con bajo aporte t\u00e9rmico<\/h2>\n\n\n\n<p class=\"has-text-align-center wp-block-paragraph\">Una fuente de 355 nm y una lente F-theta adaptada pueden producir un punto de enfoque preciso. El ancho de l\u00ednea, el tama\u00f1o de los caracteres y la tolerancia de la pieza acabada se verifican en el campo seleccionado y en la muestra del cliente.<\/p>\n<\/div>\n\n\n\n<div class=\"wp-block-column is-layout-flow wp-block-column-is-layout-flow\">\n<figure class=\"wp-block-image size-full\"><img loading=\"lazy\" decoding=\"async\" width=\"800\" height=\"400\" src=\"https:\/\/vanklaser.com\/wp-content\/uploads\/2025\/12\/58-4.jpg\" alt=\"Flujo de trabajo del software de marcado UV con galv\u00e1nico\" class=\"wp-image-1319\" srcset=\"https:\/\/vanklaser.com\/wp-content\/uploads\/2025\/12\/58-4.jpg 800w, https:\/\/vanklaser.com\/wp-content\/uploads\/2025\/12\/58-4-300x150.jpg 300w, https:\/\/vanklaser.com\/wp-content\/uploads\/2025\/12\/58-4-768x384.jpg 768w\" sizes=\"auto, (max-width: 800px) 100vw, 800px\" \/><\/figure>\n\n\n\n<h2 class=\"wp-block-heading has-text-align-center\">Software espec\u00edfico para el controlador<\/h2>\n\n\n\n<p class=\"has-text-align-center wp-block-paragraph\">El controlador y el software incluidos gestionan los dise\u00f1os, los datos variables y la correcci\u00f3n de la lente. LightBurn Pro es opcional \u00fanicamente para las placas, los controladores y los protocolos de fuente UV compatibles actualmente.<\/p>\n<\/div>\n\n\n\n<div class=\"wp-block-column is-layout-flow wp-block-column-is-layout-flow\">\n<figure class=\"wp-block-image size-full\"><img loading=\"lazy\" decoding=\"async\" width=\"800\" height=\"400\" src=\"https:\/\/vanklaser.com\/wp-content\/uploads\/2025\/12\/57-4.jpg\" alt=\"Marcado UV en piezas planas y configuraci\u00f3n del enfoque\" class=\"wp-image-1296\" srcset=\"https:\/\/vanklaser.com\/wp-content\/uploads\/2025\/12\/57-4.jpg 800w, https:\/\/vanklaser.com\/wp-content\/uploads\/2025\/12\/57-4-300x150.jpg 300w, https:\/\/vanklaser.com\/wp-content\/uploads\/2025\/12\/57-4-768x384.jpg 768w\" sizes=\"auto, (max-width: 800px) 100vw, 800px\" \/><\/figure>\n\n\n\n<h2 class=\"wp-block-heading has-text-align-center\">Piezas planas y piezas con utillaje<\/h2>\n\n\n\n<p class=\"has-text-align-center wp-block-paragraph\">El campo de galvo est\u00e1ndar es el m\u00e1s adecuado para piezas planas situadas en el foco calibrado. Los cilindros requieren un sistema rotativo compatible; las superficies curvas o con variaciones de altura requieren una geometr\u00eda homologada, una estrategia de enfoque espec\u00edfica o un sistema 3D con presupuesto aparte.<\/p>\n<\/div>\n<\/div>\n\n\n\n<h2 class=\"wp-block-heading\">Especificaciones del marcador UV port\u00e1til<\/h2>\n\n\n\n<figure class=\"wp-block-table\"><table class=\"has-fixed-layout\"><thead><tr><th class=\"has-text-align-left\" data-align=\"left\"><strong>Especificaciones<\/strong><\/th><th class=\"has-text-align-left\" data-align=\"left\"><strong>Estaci\u00f3n de trabajo port\u00e1til de marcado UV<\/strong><\/th><\/tr><\/thead><tbody><tr><td class=\"has-text-align-left\" data-align=\"left\"><strong>Modelo<\/strong><\/td><td class=\"has-text-align-left\" data-align=\"left\">VankMark-UV-P<\/td><\/tr><tr><td class=\"has-text-align-left\" data-align=\"left\"><strong>Formato de m\u00e1quina<\/strong><\/td><td class=\"has-text-align-left\" data-align=\"left\">Estaci\u00f3n de trabajo m\u00f3vil de estructura abierta y dividida; no es un l\u00e1ser port\u00e1til<\/td><\/tr><tr><td class=\"has-text-align-left\" data-align=\"left\"><strong>Longitud de onda<\/strong><\/td><td class=\"has-text-align-left\" data-align=\"left\">L\u00e1ser UV de estado s\u00f3lido de 355 nm<\/td><\/tr><tr><td class=\"has-text-align-left\" data-align=\"left\"><strong>Opciones de potencia nominal<\/strong><\/td><td class=\"has-text-align-left\" data-align=\"left\">5 \/ 10 \/ 15 \/ 20 W, tal y como se indica en el presupuesto<\/td><\/tr><tr><td class=\"has-text-align-left\" data-align=\"left\"><strong>Fuente l\u00e1ser<\/strong><\/td><td class=\"has-text-align-left\" data-align=\"left\">En el presupuesto se confirman el fabricante exacto, el modelo, el rango de frecuencias, la anchura del pulso, la calidad del haz y la garant\u00eda.<\/td><\/tr><tr><td class=\"has-text-align-left\" data-align=\"left\"><strong>Campo de marcado<\/strong><\/td><td class=\"has-text-align-left\" data-align=\"left\">70 \u00d7 70 \/ 110 \u00d7 110 \/ 150 \u00d7 150 \/ 175 \u00d7 175 \/ 200 \u00d7 200 \/ 300 \u00d7 300 mm, tal y como se indica; no todos los campos se adaptan a todos los requisitos de potencia o de foco<\/td><\/tr><tr><td class=\"has-text-align-left\" data-align=\"left\"><strong>Lente F-theta<\/strong><\/td><td class=\"has-text-align-left\" data-align=\"left\">Lente de 355 nm adaptada al campo, al tipo de haz y a la distancia de trabajo<\/td><\/tr><tr><td class=\"has-text-align-left\" data-align=\"left\"><strong>Enfoque \/ Eje Z<\/strong><\/td><td class=\"has-text-align-left\" data-align=\"left\">Ajuste manual de la altura y el enfoque, salvo que se especifique una opci\u00f3n motorizada; es necesario volver a calibrar el sistema tras desplazarlo o cambiar los elementos \u00f3pticos.<\/td><\/tr><tr><td class=\"has-text-align-left\" data-align=\"left\"><strong>Cabezal de escaneo<\/strong><\/td><td class=\"has-text-align-left\" data-align=\"left\">Galvan\u00f3metro de doble eje compatible con rayos UV con archivo de correcci\u00f3n espec\u00edfico para lentes<\/td><\/tr><tr><td class=\"has-text-align-left\" data-align=\"left\"><strong>Controlador<\/strong><\/td><td class=\"has-text-align-left\" data-align=\"left\">JCZ\/EZCAD2, DLC\/EZCAD3, BSL\/SeaCAD u otro controlador seg\u00fan lo presupuestado; revisi\u00f3n exacta y protocolo de origen confirmados<\/td><\/tr><tr><td class=\"has-text-align-left\" data-align=\"left\"><strong>Software<\/strong><\/td><td class=\"has-text-align-left\" data-align=\"left\">Software de control incluido; LightBurn Pro solo si la versi\u00f3n actual es compatible con la placa, el controlador y la fuente de rayos UV suministrados.<\/td><\/tr><tr><td class=\"has-text-align-left\" data-align=\"left\"><strong>Flujo de trabajo de archivos<\/strong><\/td><td class=\"has-text-align-left\" data-align=\"left\">Las importaciones de datos vectoriales, r\u00e1ster, de texto, en serie, de c\u00f3digos de barras y de Data Matrix est\u00e1n sujetas a las pruebas realizadas con el software y los archivos facilitados.<\/td><\/tr><tr><td class=\"has-text-align-left\" data-align=\"left\"><strong>Velocidad de producci\u00f3n<\/strong><\/td><td class=\"has-text-align-left\" data-align=\"left\">Se determina en funci\u00f3n de la muestra en cuanto a material, dise\u00f1o, densidad de relleno, contraste o profundidad y l\u00edmite de calor; la velocidad de desplazamiento del esc\u00e1ner no es el tiempo de ciclo.<\/td><\/tr><tr><td class=\"has-text-align-left\" data-align=\"left\"><strong>Calidad de la marca<\/strong><\/td><td class=\"has-text-align-left\" data-align=\"left\">Se han verificado el ancho de la l\u00ednea, el car\u00e1cter m\u00e1s peque\u00f1o, la distorsi\u00f3n del campo, la repetibilidad y el efecto de la superficie en muestras homologadas.<\/td><\/tr><tr><td class=\"has-text-align-left\" data-align=\"left\"><strong>Refrigeraci\u00f3n<\/strong><\/td><td class=\"has-text-align-left\" data-align=\"left\">Enfriador de agua activo adaptado a la fuente, salvo que la fuente en cuesti\u00f3n especifique otro m\u00e9todo<\/td><\/tr><tr><td class=\"has-text-align-left\" data-align=\"left\"><strong>Rotatorio \/ Accesorios<\/strong><\/td><td class=\"has-text-align-left\" data-align=\"left\">Soportes opcionales para piezas planas, anulares o cil\u00edndricas, seleccionados en funci\u00f3n del material, el di\u00e1metro, el peso, el espacio libre y la indexaci\u00f3n<\/td><\/tr><tr><td class=\"has-text-align-left\" data-align=\"left\"><strong>Extracci\u00f3n<\/strong><\/td><td class=\"has-text-align-left\" data-align=\"left\">Extracci\u00f3n o filtraci\u00f3n local de humos y part\u00edculas, adaptada al material, al recubrimiento y al ciclo de trabajo<\/td><\/tr><tr><td class=\"has-text-align-left\" data-align=\"left\"><strong>Seguridad con el l\u00e1ser<\/strong><\/td><td class=\"has-text-align-left\" data-align=\"left\">Puesto de trabajo de clase 4 con estructura abierta, salvo que se suministre una carcasa protectora homologada; el \u00e1rea controlada, las protecciones, los enclavamientos, las gafas de protecci\u00f3n y la formaci\u00f3n del personal son espec\u00edficos de cada emplazamiento.<\/td><\/tr><tr><td class=\"has-text-align-left\" data-align=\"left\"><strong>Servicio el\u00e9ctrico<\/strong><\/td><td class=\"has-text-align-left\" data-align=\"left\">Se han comprobado la tensi\u00f3n, la frecuencia, la carga conectada, la puesta a tierra y el suministro del enfriador antes del env\u00edo.<\/td><\/tr><tr><td class=\"has-text-align-left\" data-align=\"left\"><strong>Entorno operativo<\/strong><\/td><td class=\"has-text-align-left\" data-align=\"left\">Los l\u00edmites de temperatura, humedad, polvo y condensaci\u00f3n se rigen por los manuales definitivos del equipo, el controlador y la enfriadora.<\/td><\/tr><tr><td class=\"has-text-align-left\" data-align=\"left\"><strong>Aceptaci\u00f3n<\/strong><\/td><td class=\"has-text-align-left\" data-align=\"left\">Aprobaci\u00f3n de los materiales y las maquetaciones del cliente en cuanto a calidad de la marca, legibilidad, tiempo de ciclo, refrigeraci\u00f3n, documentaci\u00f3n sobre los dispositivos de sujeci\u00f3n y seguridad<\/td><\/tr><\/tbody><\/table><\/figure>\n\n\n<p><iframe loading=\"lazy\" title=\"Demostraci\u00f3n de una m\u00e1quina port\u00e1til de marcado l\u00e1ser UV de 355 nm\" src=\"https:\/\/www.youtube.com\/embed\/9BCYnm3dA2w\" width=\"1296\" height=\"729\" frameborder=\"0\" allowfullscreen=\"allowfullscreen\"><\/iframe><\/p>\n\n\n<div class=\"wp-block-media-text is-stacked-on-mobile is-vertically-aligned-top\"><figure class=\"wp-block-media-text__media\"><img loading=\"lazy\" decoding=\"async\" width=\"800\" height=\"800\" src=\"https:\/\/vanklaser.com\/wp-content\/uploads\/2025\/12\/60-3.jpg\" alt=\"Ejemplos de interacci\u00f3n de materiales con la radiaci\u00f3n UV de 355 nm\" class=\"wp-image-1332 size-full\" srcset=\"https:\/\/vanklaser.com\/wp-content\/uploads\/2025\/12\/60-3.jpg 800w, https:\/\/vanklaser.com\/wp-content\/uploads\/2025\/12\/60-3-300x300.jpg 300w, https:\/\/vanklaser.com\/wp-content\/uploads\/2025\/12\/60-3-150x150.jpg 150w, https:\/\/vanklaser.com\/wp-content\/uploads\/2025\/12\/60-3-768x768.jpg 768w\" sizes=\"auto, (max-width: 800px) 100vw, 800px\" \/><\/figure><div class=\"wp-block-media-text__content\">\n<h2 class=\"wp-block-heading\">\u00bfPor qu\u00e9 el marcado UV a 355 nm?<\/h2>\n\n\n\n<p class=\"wp-block-paragraph\">Un l\u00e1ser UV de 355 nm puede acoplarse eficazmente con numerosos pol\u00edmeros, recubrimientos, formulaciones de vidrio y materiales electr\u00f3nicos. En comparaci\u00f3n con algunos procesos de infrarrojos o de CO\u2082, permite reducir la zona afectada por el calor para realizar marcados de precisi\u00f3n, pero no se trata de un proceso universal ni exento de calor. El corte de compuestos de fibra de carbono, resinas desconocidas y materiales peligrosos queda fuera del \u00e1mbito de aplicaci\u00f3n est\u00e1ndar del marcado y requiere un an\u00e1lisis t\u00e9cnico y una evaluaci\u00f3n de los humos por parte de personal especializado.<\/p>\n\n\n\n<p class=\"wp-block-paragraph\"><\/p>\n\n\n\n<p class=\"wp-block-paragraph\">Estos ejemplos muestran por qu\u00e9 son importantes el grado exacto, los aditivos, el tratamiento superficial y las pruebas de aceptaci\u00f3n:<\/p>\n\n\n\n<p class=\"wp-block-paragraph\"><\/p>\n\n\n\n<p class=\"wp-block-paragraph\"><\/p>\n\n\n\n<p class=\"wp-block-paragraph\"><strong>Silicona:<\/strong> Algunas formulaciones pueden producir un cambio de color de alto contraste o una marca superficial. Los residuos, el olor y la legibilidad dependen de los aditivos, el pigmento y los par\u00e1metros, por lo que es necesario que se aprueben la ficha de datos de seguridad (FDS) y una muestra representativa.<\/p>\n\n\n\n<p class=\"wp-block-paragraph\"><\/p>\n\n\n\n<p class=\"wp-block-paragraph\"><\/p>\n\n\n\n<p class=\"wp-block-paragraph\"><strong>Vidrio:<\/strong> Los resultados dependen de la composici\u00f3n, el recubrimiento, el espesor, la tensi\u00f3n, el enfoque y de si el proceso es superficial o subsuperficial. Siguen siendo posibles la aparici\u00f3n de grietas, astillas y cambios en la resistencia; se debe aprobar el aspecto y la conformidad mec\u00e1nica de la pieza de vidrio real.<\/p>\n\n\n\n<p class=\"wp-block-paragraph\"><\/p>\n\n\n\n<p class=\"wp-block-paragraph\"><\/p>\n\n\n\n<p class=\"wp-block-paragraph\"><strong>Madera:<\/strong> Algunas especies y acabados pueden marcarse con un carbonizado limitado, pero el contraste, el humo, el riesgo de incendio y la productividad var\u00edan considerablemente. Un l\u00e1ser de CO\u2082 suele ser m\u00e1s productivo para la madera; compare muestras aprobadas antes de seleccionar la fuente l\u00e1ser.<\/p>\n<\/div><\/div>\n\n\n\n<h2 class=\"wp-block-heading\">Muestras de marcado UV y homologaci\u00f3n<\/h2>\n\n\n\n<p class=\"wp-block-paragraph\"><strong>Documentaci\u00f3n de los candidatos<\/strong><br>Entre las pruebas habituales se incluyen las realizadas en films de envasado, cart\u00f3n estucado, determinados pol\u00edmeros, silicona, superficies de vidrio, cer\u00e1micas t\u00e9cnicas, carcasas electr\u00f3nicas y metales recubiertos. Los usos en los sectores alimentario, farmac\u00e9utico, m\u00e9dico y de semiconductores requieren la validaci\u00f3n por parte del cliente en lo que respecta a la contaminaci\u00f3n, las part\u00edculas, la legibilidad, las normas de contacto con el producto y el rendimiento posterior. El micromecanizado, el corte de obleas y la separaci\u00f3n de vidrio son procesos de ingenier\u00eda independientes.<\/p>\n\n\n\n<p class=\"wp-block-paragraph\"><\/p>\n\n\n\n<p class=\"wp-block-paragraph\"><strong>Sectores de aplicaci\u00f3n<\/strong><\/p>\n\n\n\n<p class=\"wp-block-paragraph\">Entre los usuarios habituales se encuentran los fabricantes de productos electr\u00f3nicos, de embalajes, de dispositivos m\u00e9dicos, de cosm\u00e9ticos, de productos de laboratorio, de relojes y accesorios, as\u00ed como otros equipos que necesiten marcas precisas y de baja temperatura. La reflectividad por s\u00ed sola no determina la idoneidad; es necesario comprobar la absorci\u00f3n de la longitud de onda, el recubrimiento, el acabado, el l\u00edmite de temperatura y el contraste requerido.<\/p>\n\n\n\n<p class=\"wp-block-paragraph\"><\/p>\n\n\n\n<div class=\"wp-block-columns is-layout-flex wp-container-core-columns-is-layout-8f761849 wp-block-columns-is-layout-flex\">\n<div class=\"wp-block-column is-layout-flow wp-block-column-is-layout-flow\"><div class=\"wp-block-image\">\n<figure class=\"aligncenter size-full\"><img loading=\"lazy\" decoding=\"async\" width=\"600\" height=\"600\" src=\"https:\/\/vanklaser.com\/wp-content\/uploads\/2025\/12\/\u672a\u6807\u9898-2-10.jpg\" alt=\"Muestra de marcado de precisi\u00f3n con l\u00e1ser UV port\u00e1til\" class=\"wp-image-2803\" srcset=\"https:\/\/vanklaser.com\/wp-content\/uploads\/2025\/12\/\u672a\u6807\u9898-2-10.jpg 600w, https:\/\/vanklaser.com\/wp-content\/uploads\/2025\/12\/\u672a\u6807\u9898-2-10-300x300.jpg 300w, https:\/\/vanklaser.com\/wp-content\/uploads\/2025\/12\/\u672a\u6807\u9898-2-10-150x150.jpg 150w, https:\/\/vanklaser.com\/wp-content\/uploads\/2025\/12\/\u672a\u6807\u9898-2-10-12x12.jpg 12w\" sizes=\"auto, (max-width: 600px) 100vw, 600px\" \/><\/figure>\n<\/div><\/div>\n\n\n\n<div class=\"wp-block-column is-layout-flow wp-block-column-is-layout-flow\"><div class=\"wp-block-image\">\n<figure class=\"aligncenter size-full\"><img loading=\"lazy\" decoding=\"async\" width=\"600\" height=\"600\" src=\"https:\/\/vanklaser.com\/wp-content\/uploads\/2025\/12\/62.jpg\" alt=\"Muestra de marcado por contraste con l\u00e1ser UV port\u00e1til\" class=\"wp-image-1337\" srcset=\"https:\/\/vanklaser.com\/wp-content\/uploads\/2025\/12\/62.jpg 600w, https:\/\/vanklaser.com\/wp-content\/uploads\/2025\/12\/62-300x300.jpg 300w, https:\/\/vanklaser.com\/wp-content\/uploads\/2025\/12\/62-150x150.jpg 150w\" sizes=\"auto, (max-width: 600px) 100vw, 600px\" \/><\/figure>\n<\/div><\/div>\n\n\n\n<div class=\"wp-block-column is-layout-flow wp-block-column-is-layout-flow\"><div class=\"wp-block-image\">\n<figure class=\"aligncenter size-full\"><img loading=\"lazy\" decoding=\"async\" width=\"600\" height=\"600\" src=\"https:\/\/vanklaser.com\/wp-content\/uploads\/2025\/12\/\u672a\u6807\u9898-2-12.jpg\" alt=\"Ejemplo de texto breve sobre el l\u00e1ser UV port\u00e1til\" class=\"wp-image-2805\" srcset=\"https:\/\/vanklaser.com\/wp-content\/uploads\/2025\/12\/\u672a\u6807\u9898-2-12.jpg 600w, https:\/\/vanklaser.com\/wp-content\/uploads\/2025\/12\/\u672a\u6807\u9898-2-12-300x300.jpg 300w, https:\/\/vanklaser.com\/wp-content\/uploads\/2025\/12\/\u672a\u6807\u9898-2-12-150x150.jpg 150w, https:\/\/vanklaser.com\/wp-content\/uploads\/2025\/12\/\u672a\u6807\u9898-2-12-12x12.jpg 12w\" sizes=\"auto, (max-width: 600px) 100vw, 600px\" \/><\/figure>\n<\/div><\/div>\n<\/div>\n\n\n\n<div class=\"wp-block-columns is-layout-flex wp-container-core-columns-is-layout-8f761849 wp-block-columns-is-layout-flex\">\n<div class=\"wp-block-column is-layout-flow wp-block-column-is-layout-flow\"><div class=\"wp-block-image\">\n<figure class=\"aligncenter size-full\"><img loading=\"lazy\" decoding=\"async\" width=\"600\" height=\"600\" src=\"https:\/\/vanklaser.com\/wp-content\/uploads\/2025\/12\/\u672a\u6807\u9898-2-14.jpg\" alt=\"Muestra de marcado gr\u00e1fico con l\u00e1ser UV port\u00e1til\" class=\"wp-image-2807\" srcset=\"https:\/\/vanklaser.com\/wp-content\/uploads\/2025\/12\/\u672a\u6807\u9898-2-14.jpg 600w, https:\/\/vanklaser.com\/wp-content\/uploads\/2025\/12\/\u672a\u6807\u9898-2-14-300x300.jpg 300w, https:\/\/vanklaser.com\/wp-content\/uploads\/2025\/12\/\u672a\u6807\u9898-2-14-150x150.jpg 150w, https:\/\/vanklaser.com\/wp-content\/uploads\/2025\/12\/\u672a\u6807\u9898-2-14-12x12.jpg 12w\" sizes=\"auto, (max-width: 600px) 100vw, 600px\" \/><\/figure>\n<\/div><\/div>\n\n\n\n<div class=\"wp-block-column is-layout-flow wp-block-column-is-layout-flow\"><div class=\"wp-block-image\">\n<figure class=\"aligncenter size-full\"><img loading=\"lazy\" decoding=\"async\" width=\"600\" height=\"600\" src=\"https:\/\/vanklaser.com\/wp-content\/uploads\/2025\/12\/\u672a\u6807\u9898-2-13.jpg\" alt=\"Muestra de marcado de componentes con l\u00e1ser UV port\u00e1til\" class=\"wp-image-2806\" srcset=\"https:\/\/vanklaser.com\/wp-content\/uploads\/2025\/12\/\u672a\u6807\u9898-2-13.jpg 600w, https:\/\/vanklaser.com\/wp-content\/uploads\/2025\/12\/\u672a\u6807\u9898-2-13-300x300.jpg 300w, https:\/\/vanklaser.com\/wp-content\/uploads\/2025\/12\/\u672a\u6807\u9898-2-13-150x150.jpg 150w, https:\/\/vanklaser.com\/wp-content\/uploads\/2025\/12\/\u672a\u6807\u9898-2-13-12x12.jpg 12w\" sizes=\"auto, (max-width: 600px) 100vw, 600px\" \/><\/figure>\n<\/div><\/div>\n\n\n\n<div class=\"wp-block-column is-layout-flow wp-block-column-is-layout-flow\"><div class=\"wp-block-image\">\n<figure class=\"aligncenter size-full\"><img loading=\"lazy\" decoding=\"async\" width=\"600\" height=\"600\" src=\"https:\/\/vanklaser.com\/wp-content\/uploads\/2025\/12\/\u672a\u6807\u9898-2-11.jpg\" alt=\"Muestra de prueba para el cliente de un l\u00e1ser UV port\u00e1til\" class=\"wp-image-2804\" srcset=\"https:\/\/vanklaser.com\/wp-content\/uploads\/2025\/12\/\u672a\u6807\u9898-2-11.jpg 600w, https:\/\/vanklaser.com\/wp-content\/uploads\/2025\/12\/\u672a\u6807\u9898-2-11-300x300.jpg 300w, https:\/\/vanklaser.com\/wp-content\/uploads\/2025\/12\/\u672a\u6807\u9898-2-11-150x150.jpg 150w, https:\/\/vanklaser.com\/wp-content\/uploads\/2025\/12\/\u672a\u6807\u9898-2-11-12x12.jpg 12w\" sizes=\"auto, (max-width: 600px) 100vw, 600px\" \/><\/figure>\n<\/div><\/div>\n<\/div>\n\n\n\n<div class=\"wp-block-columns is-layout-flex wp-container-core-columns-is-layout-8f761849 wp-block-columns-is-layout-flex\">\n<div class=\"wp-block-column is-layout-flow wp-block-column-is-layout-flow\">\n<div class=\"wp-block-cover has-custom-content-position is-position-top-center\" style=\"min-height:595px;aspect-ratio:unset;\"><img loading=\"lazy\" decoding=\"async\" width=\"800\" height=\"854\" class=\"wp-block-cover__image-background wp-image-1299\" alt=\"Categor\u00edas de homologaci\u00f3n de materiales para rayos UV\" src=\"https:\/\/vanklaser.com\/wp-content\/uploads\/2025\/12\/59.jpg\" data-object-fit=\"cover\" srcset=\"https:\/\/vanklaser.com\/wp-content\/uploads\/2025\/12\/59.jpg 800w, https:\/\/vanklaser.com\/wp-content\/uploads\/2025\/12\/59-281x300.jpg 281w, https:\/\/vanklaser.com\/wp-content\/uploads\/2025\/12\/59-768x820.jpg 768w\" sizes=\"auto, (max-width: 800px) 100vw, 800px\" \/><span aria-hidden=\"true\" class=\"wp-block-cover__background has-background-dim\"><\/span><div class=\"wp-block-cover__inner-container is-layout-flow wp-block-cover-is-layout-flow\">\n<h2 class=\"wp-block-heading\"><strong>Materiales habituales para marcado UV<\/strong><\/h2>\n\n\n\n<ul class=\"wp-block-list\">\n<li>L\u00e1minas y envases de PET<\/li>\n\n\n\n<li>Grados de polipropileno homologados<\/li>\n\n\n\n<li>Tipos de polietileno homologados<\/li>\n\n\n\n<li>Carcasas de ABS tras la revisi\u00f3n del SDS<\/li>\n\n\n\n<li>Tipos de poliamida y nailon<\/li>\n\n\n\n<li>L\u00e1minas de poliimida<\/li>\n\n\n\n<li>Grados de POM y acetal<\/li>\n\n\n\n<li>Formulaciones de silicona seleccionadas<\/li>\n\n\n\n<li>Vidrio recubierto o tratado<\/li>\n\n\n\n<li>Cer\u00e1micas t\u00e9cnicas seleccionadas<\/li>\n\n\n\n<li>Cartulina impresa y estucada<\/li>\n\n\n\n<li>Cajas y conectores electr\u00f3nicos<\/li>\n\n\n\n<li>Envases para productos m\u00e9dicos y de laboratorio<\/li>\n\n\n\n<li>Componentes para envases de productos cosm\u00e9ticos<\/li>\n\n\n\n<li>Superficies recubiertas aprobadas por el cliente<\/li>\n<\/ul>\n<\/div><\/div>\n<\/div>\n\n\n\n<div class=\"wp-block-column is-layout-flow wp-block-column-is-layout-flow\">\n<div class=\"wp-block-cover has-custom-content-position is-position-top-center\" style=\"min-height:594px;aspect-ratio:unset;\"><img loading=\"lazy\" decoding=\"async\" width=\"800\" height=\"854\" class=\"wp-block-cover__image-background wp-image-1299\" alt=\"Categor\u00edas de homologaci\u00f3n de materiales para rayos UV\" src=\"https:\/\/vanklaser.com\/wp-content\/uploads\/2025\/12\/59.jpg\" data-object-fit=\"cover\" srcset=\"https:\/\/vanklaser.com\/wp-content\/uploads\/2025\/12\/59.jpg 800w, https:\/\/vanklaser.com\/wp-content\/uploads\/2025\/12\/59-281x300.jpg 281w, https:\/\/vanklaser.com\/wp-content\/uploads\/2025\/12\/59-768x820.jpg 768w\" sizes=\"auto, (max-width: 800px) 100vw, 800px\" \/><span aria-hidden=\"true\" class=\"wp-block-cover__background has-background-dim\"><\/span><div class=\"wp-block-cover__inner-container is-layout-flow wp-block-cover-is-layout-flow\">\n<h2 class=\"wp-block-heading\"><strong>Metales que requieren la aprobaci\u00f3n de la muestra<\/strong><\/h2>\n\n\n\n<ul class=\"wp-block-list\">\n<li>Marcas en la superficie de acero inoxidable<\/li>\n\n\n\n<li>Aluminio y aluminio anodizado<\/li>\n\n\n\n<li>Componentes de titanio<\/li>\n\n\n\n<li>Superficies de oro y metales preciosos<\/li>\n\n\n\n<li>Superficies plateadas<\/li>\n\n\n\n<li>Cobre y aleaciones de cobre<\/li>\n\n\n\n<li>Piezas de lat\u00f3n<\/li>\n\n\n\n<li>Acabados en n\u00edquel y chapados<\/li>\n\n\n\n<li>Metal recubierto o pintado<\/li>\n\n\n\n<li>L\u00e1minas finas y piezas de precisi\u00f3n<\/li>\n<\/ul>\n\n\n\n<p class=\"wp-block-paragraph\"><\/p>\n\n\n\n<p class=\"wp-block-paragraph\"><\/p>\n<\/div><\/div>\n<\/div>\n\n\n\n<div class=\"wp-block-column is-layout-flow wp-block-column-is-layout-flow\">\n<div class=\"wp-block-cover has-custom-content-position is-position-top-center\" style=\"min-height:590px;aspect-ratio:unset;\"><img loading=\"lazy\" decoding=\"async\" width=\"800\" height=\"854\" class=\"wp-block-cover__image-background wp-image-1299\" alt=\"Categor\u00edas de homologaci\u00f3n de materiales para rayos UV\" src=\"https:\/\/vanklaser.com\/wp-content\/uploads\/2025\/12\/59.jpg\" data-object-fit=\"cover\" srcset=\"https:\/\/vanklaser.com\/wp-content\/uploads\/2025\/12\/59.jpg 800w, https:\/\/vanklaser.com\/wp-content\/uploads\/2025\/12\/59-281x300.jpg 281w, https:\/\/vanklaser.com\/wp-content\/uploads\/2025\/12\/59-768x820.jpg 768w\" sizes=\"auto, (max-width: 800px) 100vw, 800px\" \/><span aria-hidden=\"true\" class=\"wp-block-cover__background has-background-dim\"><\/span><div class=\"wp-block-cover__inner-container is-layout-flow wp-block-cover-is-layout-flow\">\n<h2 class=\"wp-block-heading\"><strong>Pol\u00edmeros que requieren una revisi\u00f3n de la ficha de datos de seguridad (FDS)<\/strong><\/h2>\n\n\n\n<ul class=\"wp-block-list\">\n<li>PET<\/li>\n\n\n\n<li>Policarbonato (PC)<\/li>\n\n\n\n<li>ABS<\/li>\n\n\n\n<li>Poliamida \/ nailon<\/li>\n\n\n\n<li>Polipropileno (PP)<\/li>\n\n\n\n<li>Polietileno (PE)<\/li>\n\n\n\n<li>POM \/ acetal<\/li>\n\n\n\n<li>Poliimida (PI)<\/li>\n\n\n\n<li>Poliestireno (PS)<\/li>\n\n\n\n<li>PMMA \/ acr\u00edlico<\/li>\n\n\n\n<li>Formulaciones de silicona<\/li>\n\n\n\n<li>Caucho homologado seg\u00fan la ficha de datos de seguridad (FDS)<\/li>\n\n\n\n<li>PLA<\/li>\n\n\n\n<li>Tritan \/ copoli\u00e9ster<\/li>\n\n\n\n<li>Pol\u00edmeros de fabricaci\u00f3n aditiva por l\u00e1ser<\/li>\n<\/ul>\n<\/div><\/div>\n<\/div>\n<\/div>\n\n\n\n<h2 class=\"wp-block-heading\">Componentes b\u00e1sicos del marcado UV<\/h2>\n\n\n\n<p><img decoding=\"async\" alt=\"Componentes principales del marcador l\u00e1ser UV port\u00e1til\" src=\"\/wp-content\/uploads\/replace\/1486c245ee3f9a2e0654e2dcf263e3f2.png\" usemap=\"#1764656182001\" border=\"0\" \/><map id=\"1764656182001\" name=\"1764656182001\"><\/map><\/p>\n\n\n\n<h2 class=\"wp-block-heading\"><strong>Controlador y software de marcado UV<\/strong><\/h2>\n\n\n\n<p class=\"wp-block-paragraph\">El controlador y el software suministrados gestionan la sincronizaci\u00f3n de la fuente, el movimiento del galv\u00e1n, la correcci\u00f3n de la lente, el texto, los datos variables, los vectores y las im\u00e1genes rasterizadas. La revisi\u00f3n exacta de la placa, el firmware, el protocolo de la fuente UV, el controlador y los formatos de importaci\u00f3n se confirman con la m\u00e1quina suministrada. LightBurn Pro es opcional \u00fanicamente cuando su lista de compatibilidad actual incluye ese hardware.<\/p>\n\n\n\n<p class=\"wp-block-paragraph\"><\/p>\n\n\n\n<div class=\"wp-block-columns is-layout-flex wp-container-core-columns-is-layout-8f761849 wp-block-columns-is-layout-flex\">\n<div class=\"wp-block-column is-layout-flow wp-block-column-is-layout-flow\">\n<figure class=\"wp-block-image size-full\"><img loading=\"lazy\" decoding=\"async\" width=\"800\" height=\"800\" src=\"https:\/\/vanklaser.com\/wp-content\/uploads\/2025\/12\/65.jpg\" alt=\"Fuente l\u00e1ser UV de 355 nm configurada\" class=\"wp-image-1341\" srcset=\"https:\/\/vanklaser.com\/wp-content\/uploads\/2025\/12\/65.jpg 800w, https:\/\/vanklaser.com\/wp-content\/uploads\/2025\/12\/65-300x300.jpg 300w, https:\/\/vanklaser.com\/wp-content\/uploads\/2025\/12\/65-150x150.jpg 150w, https:\/\/vanklaser.com\/wp-content\/uploads\/2025\/12\/65-768x768.jpg 768w\" sizes=\"auto, (max-width: 800px) 100vw, 800px\" \/><\/figure>\n\n\n\n<h2 class=\"wp-block-heading\"><strong>Fuente l\u00e1ser UV de 355 nm configurada<\/strong><\/h2>\n\n\n\n<p class=\"wp-block-paragraph\">La oferta especifica el fabricante exacto de la fuente de 355 nm, el modelo, la potencia nominal, el rango de frecuencia de pulso, la anchura de pulso, la calidad del haz, el sistema de refrigeraci\u00f3n y la garant\u00eda. Una mayor potencia no mejora autom\u00e1ticamente todos los materiales ni todos los detalles finos. Los l\u00e1seres de CO\u2082, los MOPA de fibra y los l\u00e1seres verdes son configuraciones de m\u00e1quina distintas.<\/p>\n<\/div>\n\n\n\n<div class=\"wp-block-column is-layout-flow wp-block-column-is-layout-flow\">\n<figure class=\"wp-block-image size-full\"><img loading=\"lazy\" decoding=\"async\" width=\"800\" height=\"800\" src=\"https:\/\/vanklaser.com\/wp-content\/uploads\/2025\/11\/2-4.jpg\" alt=\"Tarjeta de control galv\u00e1nica compatible con UV\" class=\"wp-image-1180\" srcset=\"https:\/\/vanklaser.com\/wp-content\/uploads\/2025\/11\/2-4.jpg 800w, https:\/\/vanklaser.com\/wp-content\/uploads\/2025\/11\/2-4-300x300.jpg 300w, https:\/\/vanklaser.com\/wp-content\/uploads\/2025\/11\/2-4-150x150.jpg 150w, https:\/\/vanklaser.com\/wp-content\/uploads\/2025\/11\/2-4-768x768.jpg 768w\" sizes=\"auto, (max-width: 800px) 100vw, 800px\" \/><\/figure>\n\n\n\n<h2 class=\"wp-block-heading\"><strong>Tarjeta de control Galvo compatible con UV<\/strong><\/h2>\n\n\n\n<p class=\"wp-block-paragraph\">La tarjeta de control debe ser compatible con el protocolo de la fuente de UV, el galvan\u00f3metro, el archivo de correcci\u00f3n y el software. Las entradas y salidas exactas, el comportamiento del disparador, el controlador y el firmware forman parte de la configuraci\u00f3n suministrada; el control por software no sustituye a los controles de seguridad l\u00e1ser del hardware.<\/p>\n<\/div>\n\n\n\n<div class=\"wp-block-column is-layout-flow wp-block-column-is-layout-flow\">\n<figure class=\"wp-block-image size-full\"><img loading=\"lazy\" decoding=\"async\" width=\"800\" height=\"800\" src=\"https:\/\/vanklaser.com\/wp-content\/uploads\/2025\/11\/3-5.jpg\" alt=\"Cabezal de barrido con galvan\u00f3metro compatible con rayos UV\" class=\"wp-image-1181\" srcset=\"https:\/\/vanklaser.com\/wp-content\/uploads\/2025\/11\/3-5.jpg 800w, https:\/\/vanklaser.com\/wp-content\/uploads\/2025\/11\/3-5-300x300.jpg 300w, https:\/\/vanklaser.com\/wp-content\/uploads\/2025\/11\/3-5-150x150.jpg 150w, https:\/\/vanklaser.com\/wp-content\/uploads\/2025\/11\/3-5-768x768.jpg 768w\" sizes=\"auto, (max-width: 800px) 100vw, 800px\" \/><\/figure>\n\n\n\n<h2 class=\"wp-block-heading\"><strong>Esc\u00e1ner de galvan\u00f3metro compatible con rayos UV<\/strong><\/h2>\n\n\n\n<p class=\"wp-block-paragraph\">El galvan\u00f3metro de doble eje posiciona el haz a lo largo del campo UV calibrado. La velocidad de producci\u00f3n depende del dise\u00f1o, el material, el relleno, el contraste o la profundidad y el l\u00edmite de calor. El enfoque autom\u00e1tico y el escaneo 3D son opciones dise\u00f1adas por separado y no se incluyen en la configuraci\u00f3n est\u00e1ndar de estructura abierta.<\/p>\n<\/div>\n<\/div>\n\n\n\n<div class=\"wp-block-columns is-layout-flex wp-container-core-columns-is-layout-8f761849 wp-block-columns-is-layout-flex\">\n<div class=\"wp-block-column is-layout-flow wp-block-column-is-layout-flow\">\n<figure class=\"wp-block-image size-full\"><img loading=\"lazy\" decoding=\"async\" width=\"800\" height=\"800\" src=\"https:\/\/vanklaser.com\/wp-content\/uploads\/2025\/11\/37.jpg\" alt=\"Dispositivo giratorio para anillos y piezas peque\u00f1as\" class=\"wp-image-1187\" srcset=\"https:\/\/vanklaser.com\/wp-content\/uploads\/2025\/11\/37.jpg 800w, https:\/\/vanklaser.com\/wp-content\/uploads\/2025\/11\/37-300x300.jpg 300w, https:\/\/vanklaser.com\/wp-content\/uploads\/2025\/11\/37-150x150.jpg 150w, https:\/\/vanklaser.com\/wp-content\/uploads\/2025\/11\/37-768x768.jpg 768w\" sizes=\"auto, (max-width: 800px) 100vw, 800px\" \/><\/figure>\n\n\n\n<h2 class=\"wp-block-heading\"><strong>Soporte giratorio para anillos y piezas peque\u00f1as<\/strong><\/h2>\n\n\n\n<p class=\"wp-block-paragraph\">Un dispositivo giratorio compacto puede indexar anillos compatibles y piezas cil\u00edndricas peque\u00f1as. El rango del mandril, el material, la concentricidad, la resoluci\u00f3n por paso, la distancia focal y el espacio libre de la m\u00e1quina se confirman con la muestra del cliente.<\/p>\n<\/div>\n\n\n\n<div class=\"wp-block-column is-layout-flow wp-block-column-is-layout-flow\">\n<figure class=\"wp-block-image size-full\"><img loading=\"lazy\" decoding=\"async\" width=\"800\" height=\"800\" src=\"https:\/\/vanklaser.com\/wp-content\/uploads\/2025\/11\/38.jpg\" alt=\"Soporte para l\u00e1minas planas y piezas peque\u00f1as\" class=\"wp-image-1188\" srcset=\"https:\/\/vanklaser.com\/wp-content\/uploads\/2025\/11\/38.jpg 800w, https:\/\/vanklaser.com\/wp-content\/uploads\/2025\/11\/38-300x300.jpg 300w, https:\/\/vanklaser.com\/wp-content\/uploads\/2025\/11\/38-150x150.jpg 150w, https:\/\/vanklaser.com\/wp-content\/uploads\/2025\/11\/38-768x768.jpg 768w\" sizes=\"auto, (max-width: 800px) 100vw, 800px\" \/><\/figure>\n\n\n\n<h2 class=\"wp-block-heading\"><strong>Soporte para l\u00e1minas planas y piezas peque\u00f1as<\/strong><\/h2>\n\n\n\n<p class=\"wp-block-paragraph\">Una sujeci\u00f3n para piezas planas permite fijar l\u00e1minas, etiquetas, cupones y componentes peque\u00f1os. La abertura \u00fatil, el material de las mordazas, el grosor, la planitud, la repetibilidad y la protecci\u00f3n contra da\u00f1os est\u00e9ticos se seleccionan en funci\u00f3n de la aplicaci\u00f3n.<\/p>\n<\/div>\n\n\n\n<div class=\"wp-block-column is-layout-flow wp-block-column-is-layout-flow\">\n<figure class=\"wp-block-image size-full\"><img loading=\"lazy\" decoding=\"async\" width=\"800\" height=\"800\" src=\"https:\/\/vanklaser.com\/wp-content\/uploads\/2025\/11\/39.jpg\" alt=\"Soporte giratorio cil\u00edndrico\" class=\"wp-image-1190\" srcset=\"https:\/\/vanklaser.com\/wp-content\/uploads\/2025\/11\/39.jpg 800w, https:\/\/vanklaser.com\/wp-content\/uploads\/2025\/11\/39-300x300.jpg 300w, https:\/\/vanklaser.com\/wp-content\/uploads\/2025\/11\/39-150x150.jpg 150w, https:\/\/vanklaser.com\/wp-content\/uploads\/2025\/11\/39-768x768.jpg 768w\" sizes=\"auto, (max-width: 800px) 100vw, 800px\" \/><\/figure>\n\n\n\n<h2 class=\"wp-block-heading\"><strong>Soporte giratorio cil\u00edndrico<\/strong><\/h2>\n\n\n\n<p class=\"wp-block-paragraph\">Un portapiezas o un dispositivo giratorio de rodillos puede indexar piezas cil\u00edndricas compatibles. Se han confirmado el di\u00e1metro, la longitud, el peso, el cono, la superficie, la posici\u00f3n focal y el recorrido de los cables; el marcado del vidrio a\u00fan requiere pruebas de composici\u00f3n y resistencia.<\/p>\n<\/div>\n<\/div>\n\n\n\n<p class=\"wp-block-paragraph\"><\/p>\n\n\n\n<h2 class=\"wp-block-heading\">Preguntas frecuentes sobre el marcador l\u00e1ser UV port\u00e1til<\/h2>\n\n\n\n<p class=\"wp-block-paragraph\"><\/p>\n\n\n\n<h3 class=\"wp-block-heading\">\u00bfQu\u00e9 materiales puede procesar un marcador l\u00e1ser UV port\u00e1til?<\/h3>\n\n\n\n<p class=\"wp-block-paragraph\">Entre los materiales habituales se incluyen el PET, determinados tipos de policarbonato, el ABS, el nailon, la poliimida, la silicona, el vidrio recubierto, la cer\u00e1mica t\u00e9cnica, las superficies de envases y algunos metales recubiertos. El tipo exacto de material, el pigmento, los aditivos, el recubrimiento y la ficha de datos de seguridad (FDS) determinan el grado de absorci\u00f3n y la seguridad frente a los humos. No deben procesarse el PVC, el PTFE, los pol\u00edmeros halogenados ni los compuestos no identificados.<\/p>\n\n\n\n<p class=\"wp-block-paragraph\"><\/p>\n\n\n\n<h3 class=\"wp-block-heading\">\u00bfQu\u00e9 potencia de l\u00e1ser UV, entre 5 y 20 W, deber\u00eda elegir?<\/h3>\n\n\n\n<p class=\"wp-block-paragraph\">Las potencias disponibles seg\u00fan presupuesto son 5, 10, 15 y 20 W. Elija la fuente l\u00e1ser y la lente de campo adecuadas seg\u00fan el material, el detalle m\u00e1s peque\u00f1o, el contraste requerido o una profundidad de marcado reducida, el l\u00edmite t\u00e9rmico y el tiempo de ciclo. Una potencia media m\u00e1s alta no siempre es mejor para pol\u00edmeros sensibles o trabajos de precisi\u00f3n en vidrio.<\/p>\n\n\n\n<p class=\"wp-block-paragraph\"><\/p>\n\n\n\n<h3 class=\"wp-block-heading\">\u00bfEsta m\u00e1quina UV est\u00e1 dise\u00f1ada para el grabado profundo de metales?<\/h3>\n\n\n\n<p class=\"wp-block-paragraph\">No. Este modelo est\u00e1 pensado principalmente para el marcado superficial de precisi\u00f3n y la modificaci\u00f3n superficial de materiales. La respuesta del metal var\u00eda, y una fuente de fibra de 1064 nm suele ser m\u00e1s adecuada para el grabado profundo y productivo en metal. Cualquier objetivo de profundidad con luz UV debe medirse en una muestra representativa.<\/p>\n\n\n\n<p class=\"wp-block-paragraph\"><\/p>\n\n\n\n<h3 class=\"wp-block-heading\">\u00bfEn qu\u00e9 se diferencia el marcado UV a 355 nm del marcado por fibra y del marcado por CO\u2082?<\/h3>\n\n\n\n<p class=\"wp-block-paragraph\">El l\u00e1ser UV de 355 nm se suele elegir para el marcado fino y de bajo aporte t\u00e9rmico en pol\u00edmeros, recubrimientos, vidrio y materiales electr\u00f3nicos. Un l\u00e1ser de fibra de 1064 nm suele ofrecer mejores resultados para el marcado y el grabado profundo de metales. Un l\u00e1ser de CO\u2082 de 10,6 \u00b5m suele ser m\u00e1s adecuado para madera, papel, cuero, tejidos y acr\u00edlico. El material y el resultado requerido determinan la fuente l\u00e1ser m\u00e1s adecuada.<\/p>\n\n\n\n<p class=\"wp-block-paragraph\"><\/p>\n\n\n\n<h3 class=\"wp-block-heading\">\u00bfC\u00f3mo se realiza el mantenimiento de los componentes \u00f3pticos UV y del enfriador de agua?<\/h3>\n\n\n\n<p class=\"wp-block-paragraph\">Apague y a\u00edsle la fuente y el enfriador. Mantenga limpios el \u00e1rea de trabajo, la trayectoria de extracci\u00f3n y los componentes \u00f3pticos de protecci\u00f3n. No toque la lente UV; utilice \u00fanicamente materiales de limpieza \u00f3ptica homologados cuando la inspecci\u00f3n revele la presencia de contaminaci\u00f3n. Mantenga el tipo, el nivel, la temperatura, los filtros y el intervalo de sustituci\u00f3n del refrigerante de acuerdo con las instrucciones exactas de los manuales de la fuente y del enfriador.<\/p>\n\n\n\n<p class=\"wp-block-paragraph\"><\/p>\n\n\n\n<h3 class=\"wp-block-heading\">\u00bfQu\u00e9 mandos, programas y formatos de archivo son compatibles?<\/h3>\n\n\n\n<p class=\"wp-block-paragraph\">El software EZCAD, EZCAD3, SeaCAD u otro incluido depende del controlador suministrado. Los flujos de trabajo habituales incluyen vectores, im\u00e1genes rasterizadas, texto, datos en serie, c\u00f3digos de barras y c\u00f3digos Data Matrix. LightBurn Pro es opcional \u00fanicamente cuando es compatible con la placa, el controlador y la fuente UV suministrados; confirme el hardware exacto y pruebe los archivos del cliente.<\/p>\n\n\n\n<p class=\"wp-block-paragraph\"><\/p>\n\n\n\n<h3 class=\"wp-block-heading\">\u00bfQu\u00e9 vida \u00fatil de la fuente y qu\u00e9 garant\u00eda se ofrecen?<\/h3>\n\n\n\n<p class=\"wp-block-paragraph\">No existe un n\u00famero de horas garantizado de forma universal. La vida \u00fatil depende de la fuente de rayos UV concreta, el ciclo de funcionamiento, el estado del refrigerante, la temperatura, la contaminaci\u00f3n, la calidad de la alimentaci\u00f3n el\u00e9ctrica y el mantenimiento. El presupuesto debe especificar las condiciones de garant\u00eda de la fuente y de la m\u00e1quina, las exclusiones, la modalidad de servicio t\u00e9cnico y la asistencia para la sustituci\u00f3n.<\/p>\n\n\n\n<p class=\"wp-block-paragraph\"><\/p>\n\n\n\n<h3 class=\"wp-block-heading\">\u00bfCu\u00e1les son las ventajas del marcado UV frente al grabado por inyecci\u00f3n de tinta o al grabado mec\u00e1nico?<\/h3>\n\n\n\n<p class=\"wp-block-paragraph\">El marcado UV es un proceso sin contacto, admite datos variables controlados por software y permite crear marcas finas y duraderas sin desgaste de la tinta ni de las herramientas de corte. Puede reducir la aportaci\u00f3n de calor en materiales adecuados, pero sigue requiriendo sistemas de extracci\u00f3n, protecciones, refrigeraci\u00f3n, dispositivos de sujeci\u00f3n, par\u00e1metros validados e inspecci\u00f3n. La impresi\u00f3n por inyecci\u00f3n de tinta sigue siendo \u00fatil para el codificado r\u00e1pido no t\u00e9rmico, mientras que el grabado mec\u00e1nico puede ser adecuado para marcas t\u00e1ctiles profundas.<\/p>","protected":false},"excerpt":{"rendered":"<p>Portable 355 nm UV Laser Marking This portable UV laser marking machine is a movable, open-frame galvo workstation built around a 355 nm solid-state source. Many polymers, coatings, glass compositions and electronics absorb 355 nm more effectively than 1064 nm, which can reduce the heat-affected zone for fine surface marking. It is not heat-free or [&hellip;]<\/p>\n","protected":false},"author":1,"featured_media":0,"comment_status":"open","ping_status":"open","sticky":false,"template":"","format":"standard","meta":{"footnotes":""},"categories":[9],"tags":[],"class_list":["post-1268","post","type-post","status-publish","format-standard","hentry","category-jewelry-fashion-industry"],"_links":{"self":[{"href":"https:\/\/vanklaser.com\/es\/wp-json\/wp\/v2\/posts\/1268","targetHints":{"allow":["GET"]}}],"collection":[{"href":"https:\/\/vanklaser.com\/es\/wp-json\/wp\/v2\/posts"}],"about":[{"href":"https:\/\/vanklaser.com\/es\/wp-json\/wp\/v2\/types\/post"}],"author":[{"embeddable":true,"href":"https:\/\/vanklaser.com\/es\/wp-json\/wp\/v2\/users\/1"}],"replies":[{"embeddable":true,"href":"https:\/\/vanklaser.com\/es\/wp-json\/wp\/v2\/comments?post=1268"}],"version-history":[{"count":42,"href":"https:\/\/vanklaser.com\/es\/wp-json\/wp\/v2\/posts\/1268\/revisions"}],"predecessor-version":[{"id":3524,"href":"https:\/\/vanklaser.com\/es\/wp-json\/wp\/v2\/posts\/1268\/revisions\/3524"}],"wp:attachment":[{"href":"https:\/\/vanklaser.com\/es\/wp-json\/wp\/v2\/media?parent=1268"}],"wp:term":[{"taxonomy":"category","embeddable":true,"href":"https:\/\/vanklaser.com\/es\/wp-json\/wp\/v2\/categories?post=1268"},{"taxonomy":"post_tag","embeddable":true,"href":"https:\/\/vanklaser.com\/es\/wp-json\/wp\/v2\/tags?post=1268"}],"curies":[{"name":"wp","href":"https:\/\/api.w.org\/{rel}","templated":true}]}}